{"id":3740,"date":"2018-12-07T13:16:00","date_gmt":"2018-12-07T13:16:00","guid":{"rendered":"http:\/\/www.hfc1912.hu\/new\/?p=3740"},"modified":"2018-12-07T19:51:54","modified_gmt":"2018-12-07T19:51:54","slug":"nb-iii-sokat-kellett-varni-de-a-gyozelemre-utjara-leptunk","status":"publish","type":"post","link":"http:\/\/www.hfc1912.hu\/new\/2018\/12\/07\/nb-iii-sokat-kellett-varni-de-a-gyozelemre-utjara-leptunk\/","title":{"rendered":"NB III: Sokat kellett v\u00e1rni, de a gy\u0151zelemre \u00fatj\u00e1ra l\u00e9pt\u00fcnk"},"content":{"rendered":"<p><strong>Viszontags\u00e1gos, neh\u00e9z f\u00e9l\u00e9ven van t\u00fal a H\u00f3dmez\u0151v\u00e1s\u00e1rhelyi FC NB III-as feln\u0151tt csapata. A fiatalokb\u00f3l \u00e9s javar\u00e9szt v\u00e1s\u00e1rhelyi j\u00e1t\u00e9kosokb\u00f3l \u00e1ll\u00f3 csapat a szezon v\u00e9g\u00e9re tudott kiegyenesedni, a telet azonban \u00edgy is az utols\u00f3 el\u0151tti helyen t\u00f6lti a g\u00e1rda. Az eredm\u00e9ny teh\u00e1t nem csillog\u00f3, ugyanakkor lehet pozit\u00edvumokat tal\u00e1lni a k\u00e9k-s\u00e1rg\u00e1k h\u00e1za t\u00e1j\u00e1n.<\/strong><!--more--><\/p>\n<p>A 2017\/18-as szezonban nem siker\u00fclt kiv\u00edvnia az NB III-as bent marad\u00e1st a H\u00f3dmez\u0151v\u00e1s\u00e1rhelyi FC-nek. A csapat \u00edgy a megyei \u00e9lvonalra k\u00e9sz\u00fclhetett, a klub vezet\u0151s\u00e9ge pedig ennek f\u00e9ny\u00e9ben \u00faj koncepci\u00f3 mellett d\u00f6nt\u00f6tt \u2013 egy er\u0151sen helyi k\u00f6t\u0151d\u00e9s\u0171 csapatot \u00e1lmodtak meg, igazi v\u00e1s\u00e1rhelyi sz\u00edvvel.<\/p>\n<p>A bajnoki szezon kezdete el\u0151tt azonban kider\u00fclt, a sorozatos visszal\u00e9p\u00e9sek miatt a z\u00f6ld asztal mellett eld\u0151lt, hogy a H\u00f3dmez\u0151v\u00e1s\u00e1rhelyi FC m\u00e9gis \u00e9lvezheti az NB III-as tags\u00e1got. A koncepci\u00f3 ennek ellen\u00e9re sem v\u00e1ltozott. N\u00e9h\u00e1ny j\u00e1t\u00e9kost ugyan leigazolt a csapat, p\u00e9ld\u00e1ul az NB III-as tags\u00e1gr\u00f3l lemond\u00f3 M\u00e9hker\u00e9kt\u0151l, javar\u00e9szt azonban a lok\u00e1lpatri\u00f3ta g\u00e1rda kialak\u00edt\u00e1sa maradt a c\u00e9l. Az NB III-as rutinnal rendelkez\u0151 v\u00e1s\u00e1rhelyi j\u00e1t\u00e9kosok mellett az el\u0151z\u0151 id\u00e9nyben kiv\u00e1l\u00f3an szerepl\u0151 megyeegyes fiatalokb\u00f3l \u00e1llt \u00f6ssze a csapat.<\/p>\n<p>Eml\u00e9kezhet\u00fcnk, a k\u00e9k-s\u00e1rg\u00e1k els\u0151 hazai meccs\u00fcket m\u00e9g Mak\u00f3n j\u00e1tszott\u00e1k &#8211; szerencs\u00e9re v\u00e9g\u00fcl a t\u00f6rt\u00e9net ezen r\u00e9sze is j\u00f3l v\u00e9gz\u0151d\u00f6tt \u00e9s azt k\u00f6vet\u0151en a hazai meccsek m\u00e1r a v\u00e1s\u00e1rhelyi stadionban zajlottak. A R\u00e1kosmente volt az ellenf\u00e9l \u00e9s egy j\u00f3 kezd\u00e9s helyett bosszant\u00f3 d\u00f6ntetlen lett a HFC jussa. Hi\u00e1ba jutottak el\u0151nyh\u00f6z a k\u00e9k-s\u00e1rg\u00e1k, egy vitatott b\u00fcntet\u0151t \u00e9s ki\u00e1ll\u00edt\u00e1st k\u00f6vet\u0151en pontosztozkod\u00e1s lett a v\u00e9ge, ez pedig r\u00e1nyomta a b\u00e9lyeg\u00e9t a folytat\u00e1sra.<\/p>\n<p>Ha ez nem lett volna el\u00e9g a csapatot az \u0151szi szezonban sorozatos s\u00e9r\u00fcl\u00e9sek s\u00fajtott\u00e1k. Az el\u0151z\u0151 szezonban NB III-ban szerepl\u0151 j\u00e1t\u00e9kosok t\u00f6bbs\u00e9ge alig tudott szerepet v\u00e1llalni \u0151sszel, holott \u0151k alkott\u00e1k volna a csapat gerinc\u00e9t. A fiatalok lelkesed\u00e9s\u00e9hez pedig nem f\u00e9rt k\u00e9rd\u00e9s, \u00e1m a rutintalans\u00e1guk olykor \u00e9rezhet\u0151 volt. Igaz\u00e1n nagy pofonokba nem szaladt bele a csapat, azonban a gy\u0151zelemre nagyon sokat kellett v\u00e1rni.<\/p>\n<blockquote><p>\u201eAz els\u0151 n\u00e9gy-\u00f6t fordul\u00f3ban a d\u00f6ntetlenek helyett tal\u00e1n n\u00e9h\u00e1ny m\u00e9rk\u0151z\u00e9st lehetett volna a javunkra ford\u00edtani. A rutintalans\u00e1gunkb\u00f3l ad\u00f3d\u00f3an azonban ez m\u00e9g nem siker\u00fclt. Ez a bajnoks\u00e1g k\u00f6zep\u00e9re is r\u00e1nyomta a b\u00e9lyeg\u00e9t, t\u00f6bb meccsen sem volt keresnival\u00f3nk. \u00d6ssze-vissza nem vertek minket, a Szeged-Grosics, a Duna\u00fajv\u00e1ros \u00e9s a Szentl\u0151rinc elleni meccseken kaptunk ki nagyon, ezek a csapatok azonban j\u00f3val er\u0151sebb j\u00e1t\u00e9ker\u0151t k\u00e9pviselnek. Brav\u00fargy\u0151zelm\u00fcnk nem volt. Amit megnyert\u00fcnk, az\u00e9rt nagyon sokat tett\u00fcnk \u00e9s \u00fagy gondolom jobbak is voltunk\u201d \u2013 fogalmazott Sz\u0171cs R\u00f3bert vezet\u0151edz\u0151.<\/p><\/blockquote>\n<p>A m\u00e9rleg 16 meccsen 3 gy\u0151zelem, 5 d\u00f6ntetlen \u00e9s 8 veres\u00e9g, ami 14 pontot \u00e9rt. Nem felt\u00e9tlen impon\u00e1l\u00f3 \u00e9s a szurkol\u00f3kat marad\u00e9ktalanul kiel\u00e9g\u00edt\u0151 eredm\u00e9ny ez. Ugyanakkor tegy\u00fck hozz\u00e1, hogy javar\u00e9szt az el\u0151z\u0151 szezonban m\u00e9g megyei \u00e9lvonalban j\u00e1tsz\u00f3 v\u00e1s\u00e1rhelyi fiatalokkal \u00e1llt fel a csapat.<\/p>\n<p>Aprop\u00f3 s\u00e9r\u00fcl\u00e9sek. A helyzetet j\u00f3l p\u00e9ld\u00e1zza az is, hogy a f\u00e9lszezon alatt h\u00e1rom kapust is be kellett vetni. Krn\u00e1cs Rich\u00e1rd s\u00e9r\u00fcl\u00e9se ut\u00e1n el\u0151bb Varga G\u00e1bor, majd Kand\u00f3 Zsombor bizony\u00edthatott, mindketten \u00e9let\u00fck els\u0151 NB III-as feln\u0151tt bajnoki meccseit j\u00e1tszott\u00e1k \u00e9s nem vallottak sz\u00e9gyent. Ez pedig elmondhat\u00f3 mindegyik fiatalr\u00f3l, akik \u00e9let\u00fck els\u0151 NB III-as szezonj\u00e1ba kezdtek bele.<\/p>\n<blockquote><p>\u201eK\u00f6zel harminc j\u00e1t\u00e9kosnak kellett p\u00e1ly\u00e1ra l\u00e9pnie, ami soknak mondhat\u00f3. Mi egy huszonkettes kerettel sz\u00e1moltunk, de a folyamatos s\u00e9r\u00fcl\u00e9seke amiatt alulr\u00f3l kellett felt\u00f6lteni a keretet. Ha ennek t\u00fckr\u00e9ben n\u00e9zz\u00fck, akkor a 14 pont brav\u00far, de nyilv\u00e1n ennek nem \u00f6r\u00fcl\u00f6k, hiszen kies\u0151 helyen vagyunk. Fontos viszont, hogy a v\u00e9g\u00e9re sem roskadtuk \u00f6ssze, az utols\u00f3 hetekben is komolyan edzett\u00fcnk \u00e9s az utols\u00f3 n\u00e9gy fordul\u00f3b\u00f3l h\u00e1rmat siker\u00fclt megnyerni. \u00cdgy l\u0151t\u00e1volba ker\u00fclt\u00fcnk. Megragadtuk a saj\u00e1t hajunkat \u00e9s kih\u00faztuk magunkat az iszapb\u00f3l, a v\u00e9g\u00e9re kiegyenesedett a dolog. Egy gy\u0151zelem hamarabb \u00f6sszer\u00e1zta volna a csapatot, \u00edgy viszont neh\u00e9z volt elmondani a j\u00e1t\u00e9kosoknak, hogy t\u00e9nyleg rendben van, \u00e9s hogy elhiggy\u00e9k ezt.\u201d \u2013 tette hozz\u00e1 a vezet\u0151edz\u0151.<\/p><\/blockquote>\n<p>Egy biztos, k\u0151kem\u00e9ny tavasz el\u00e9 n\u00e9z a V\u00e1s\u00e1rhely, hiszen a bennmarad\u00e1s nem lesz s\u00e9tagalopp. Azonban, ha a s\u00e9r\u00fcltek rendbe j\u00f6nnek \u00e9s egy kis szerencse is a csapat mell\u00e9 szeg\u0151dik, akkor a lelkesed\u00e9s \u00e9s a v\u00e1s\u00e1rhelyi sz\u00edv sok mindenre k\u00e9pes lehet.<\/p>\n<p>Hajr\u00e1 V\u00e1s\u00e1rhely! Hajr\u00e1 HFC!<\/p>\n","protected":false},"excerpt":{"rendered":"<p>Viszontags\u00e1gos, neh\u00e9z f\u00e9l\u00e9ven van t\u00fal a H\u00f3dmez\u0151v\u00e1s\u00e1rhelyi FC NB III-as feln\u0151tt csapata. A fiatalokb\u00f3l \u00e9s javar\u00e9szt v\u00e1s\u00e1rhelyi j\u00e1t\u00e9kosokb\u00f3l \u00e1ll\u00f3 csapat a szezon v\u00e9g\u00e9re tudott kiegyenesedni,&#8230;<\/p>\n","protected":false},"author":1,"featured_media":3741,"comment_status":"closed","ping_status":"closed","sticky":false,"template":"","format":"standard","meta":[],"categories":[1],"tags":[],"yoast_head":"<!-- This site is optimized with the Yoast SEO plugin v19.8 - https:\/\/yoast.com\/wordpress\/plugins\/seo\/ -->\n<title>NB III: Sokat kellett v\u00e1rni, de a gy\u0151zelemre \u00fatj\u00e1ra l\u00e9pt\u00fcnk - H\u00f3dmez\u0151v\u00e1s\u00e1rhelyi Futball Club<\/title>\n<meta name=\"robots\" content=\"index, follow, max-snippet:-1, max-image-preview:large, max-video-preview:-1\" \/>\n<link rel=\"canonical\" href=\"http:\/\/www.hfc1912.hu\/new\/2018\/12\/07\/nb-iii-sokat-kellett-varni-de-a-gyozelemre-utjara-leptunk\/\" \/>\n<meta property=\"og:locale\" content=\"hu_HU\" \/>\n<meta property=\"og:type\" content=\"article\" \/>\n<meta property=\"og:title\" content=\"NB III: Sokat kellett v\u00e1rni, de a gy\u0151zelemre \u00fatj\u00e1ra l\u00e9pt\u00fcnk - H\u00f3dmez\u0151v\u00e1s\u00e1rhelyi Futball Club\" \/>\n<meta property=\"og:description\" content=\"Viszontags\u00e1gos, neh\u00e9z f\u00e9l\u00e9ven van t\u00fal a H\u00f3dmez\u0151v\u00e1s\u00e1rhelyi FC NB III-as feln\u0151tt csapata. A fiatalokb\u00f3l \u00e9s javar\u00e9szt v\u00e1s\u00e1rhelyi j\u00e1t\u00e9kosokb\u00f3l \u00e1ll\u00f3 csapat a szezon v\u00e9g\u00e9re tudott kiegyenesedni,...\" \/>\n<meta property=\"og:url\" content=\"http:\/\/www.hfc1912.hu\/new\/2018\/12\/07\/nb-iii-sokat-kellett-varni-de-a-gyozelemre-utjara-leptunk\/\" \/>\n<meta property=\"og:site_name\" content=\"H\u00f3dmez\u0151v\u00e1s\u00e1rhelyi Futball Club\" \/>\n<meta property=\"article:published_time\" content=\"2018-12-07T13:16:00+00:00\" \/>\n<meta property=\"article:modified_time\" content=\"2018-12-07T19:51:54+00:00\" \/>\n<meta property=\"og:image\" content=\"http:\/\/www.hfc1912.hu\/new\/wp-content\/uploads\/2018\/12\/szucs-robert-tel.jpg\" \/>\n\t<meta property=\"og:image:width\" content=\"4333\" \/>\n\t<meta property=\"og:image:height\" content=\"2963\" \/>\n\t<meta property=\"og:image:type\" content=\"image\/jpeg\" \/>\n<meta name=\"author\" content=\"Szeri Csaba\" \/>\n<meta name=\"twitter:card\" content=\"summary_large_image\" \/>\n<meta name=\"twitter:label1\" content=\"Written by\" \/>\n\t<meta name=\"twitter:data1\" content=\"Szeri Csaba\" \/>\n\t<meta name=\"twitter:label2\" content=\"Est. reading time\" \/>\n\t<meta name=\"twitter:data2\" content=\"5 perc\" \/>\n<script type=\"application\/ld+json\" class=\"yoast-schema-graph\">{\"@context\":\"https:\/\/schema.org\",\"@graph\":[{\"@type\":\"Article\",\"@id\":\"http:\/\/www.hfc1912.hu\/new\/2018\/12\/07\/nb-iii-sokat-kellett-varni-de-a-gyozelemre-utjara-leptunk\/#article\",\"isPartOf\":{\"@id\":\"http:\/\/www.hfc1912.hu\/new\/2018\/12\/07\/nb-iii-sokat-kellett-varni-de-a-gyozelemre-utjara-leptunk\/\"},\"author\":{\"name\":\"Szeri Csaba\",\"@id\":\"http:\/\/www.hfc1912.hu\/new\/#\/schema\/person\/d9c850ccdfe74c0db914609ceae01908\"},\"headline\":\"NB III: Sokat kellett v\u00e1rni, de a gy\u0151zelemre \u00fatj\u00e1ra l\u00e9pt\u00fcnk\",\"datePublished\":\"2018-12-07T13:16:00+00:00\",\"dateModified\":\"2018-12-07T19:51:54+00:00\",\"mainEntityOfPage\":{\"@id\":\"http:\/\/www.hfc1912.hu\/new\/2018\/12\/07\/nb-iii-sokat-kellett-varni-de-a-gyozelemre-utjara-leptunk\/\"},\"wordCount\":946,\"publisher\":{\"@id\":\"http:\/\/www.hfc1912.hu\/new\/#organization\"},\"articleSection\":[\"H\u00edreink\"],\"inLanguage\":\"hu\"},{\"@type\":\"WebPage\",\"@id\":\"http:\/\/www.hfc1912.hu\/new\/2018\/12\/07\/nb-iii-sokat-kellett-varni-de-a-gyozelemre-utjara-leptunk\/\",\"url\":\"http:\/\/www.hfc1912.hu\/new\/2018\/12\/07\/nb-iii-sokat-kellett-varni-de-a-gyozelemre-utjara-leptunk\/\",\"name\":\"NB III: Sokat kellett v\u00e1rni, de a gy\u0151zelemre \u00fatj\u00e1ra l\u00e9pt\u00fcnk - H\u00f3dmez\u0151v\u00e1s\u00e1rhelyi Futball Club\",\"isPartOf\":{\"@id\":\"http:\/\/www.hfc1912.hu\/new\/#website\"},\"datePublished\":\"2018-12-07T13:16:00+00:00\",\"dateModified\":\"2018-12-07T19:51:54+00:00\",\"breadcrumb\":{\"@id\":\"http:\/\/www.hfc1912.hu\/new\/2018\/12\/07\/nb-iii-sokat-kellett-varni-de-a-gyozelemre-utjara-leptunk\/#breadcrumb\"},\"inLanguage\":\"hu\",\"potentialAction\":[{\"@type\":\"ReadAction\",\"target\":[\"http:\/\/www.hfc1912.hu\/new\/2018\/12\/07\/nb-iii-sokat-kellett-varni-de-a-gyozelemre-utjara-leptunk\/\"]}]},{\"@type\":\"BreadcrumbList\",\"@id\":\"http:\/\/www.hfc1912.hu\/new\/2018\/12\/07\/nb-iii-sokat-kellett-varni-de-a-gyozelemre-utjara-leptunk\/#breadcrumb\",\"itemListElement\":[{\"@type\":\"ListItem\",\"position\":1,\"name\":\"Home\",\"item\":\"http:\/\/www.hfc1912.hu\/new\/\"},{\"@type\":\"ListItem\",\"position\":2,\"name\":\"NB III: Sokat kellett v\u00e1rni, de a gy\u0151zelemre \u00fatj\u00e1ra l\u00e9pt\u00fcnk\"}]},{\"@type\":\"WebSite\",\"@id\":\"http:\/\/www.hfc1912.hu\/new\/#website\",\"url\":\"http:\/\/www.hfc1912.hu\/new\/\",\"name\":\"H\u00f3dmez\u0151v\u00e1s\u00e1rhelyi Futball Club\",\"description\":\"H\u00f3dmez\u0151v\u00e1s\u00e1rhelyi Futball Club hivatalos honlapja\",\"publisher\":{\"@id\":\"http:\/\/www.hfc1912.hu\/new\/#organization\"},\"potentialAction\":[{\"@type\":\"SearchAction\",\"target\":{\"@type\":\"EntryPoint\",\"urlTemplate\":\"http:\/\/www.hfc1912.hu\/new\/?s={search_term_string}\"},\"query-input\":\"required name=search_term_string\"}],\"inLanguage\":\"hu\"},{\"@type\":\"Organization\",\"@id\":\"http:\/\/www.hfc1912.hu\/new\/#organization\",\"name\":\"H\u00f3dmez\u0151v\u00e1s\u00e1rhelyi Futball Club\",\"url\":\"http:\/\/www.hfc1912.hu\/new\/\",\"sameAs\":[],\"logo\":{\"@type\":\"ImageObject\",\"inLanguage\":\"hu\",\"@id\":\"http:\/\/www.hfc1912.hu\/new\/#\/schema\/logo\/image\/\",\"url\":\"http:\/\/www.hfc1912.hu\/new\/wp-content\/uploads\/2021\/12\/cropped-V\u00e9gleges_c\u00edmer_atlatszo150162.png\",\"contentUrl\":\"http:\/\/www.hfc1912.hu\/new\/wp-content\/uploads\/2021\/12\/cropped-V\u00e9gleges_c\u00edmer_atlatszo150162.png\",\"width\":150,\"height\":162,\"caption\":\"H\u00f3dmez\u0151v\u00e1s\u00e1rhelyi Futball Club\"},\"image\":{\"@id\":\"http:\/\/www.hfc1912.hu\/new\/#\/schema\/logo\/image\/\"}},{\"@type\":\"Person\",\"@id\":\"http:\/\/www.hfc1912.hu\/new\/#\/schema\/person\/d9c850ccdfe74c0db914609ceae01908\",\"name\":\"Szeri Csaba\",\"image\":{\"@type\":\"ImageObject\",\"inLanguage\":\"hu\",\"@id\":\"http:\/\/www.hfc1912.hu\/new\/#\/schema\/person\/image\/\",\"url\":\"http:\/\/0.gravatar.com\/avatar\/c4151b91cdd9f7d4935223c80fb0c246?s=96&d=mm&r=g\",\"contentUrl\":\"http:\/\/0.gravatar.com\/avatar\/c4151b91cdd9f7d4935223c80fb0c246?s=96&d=mm&r=g\",\"caption\":\"Szeri Csaba\"},\"url\":\"http:\/\/www.hfc1912.hu\/new\/author\/admin\/\"}]}<\/script>\n<!-- \/ Yoast SEO plugin. -->","yoast_head_json":{"title":"NB III: Sokat kellett v\u00e1rni, de a gy\u0151zelemre \u00fatj\u00e1ra l\u00e9pt\u00fcnk - H\u00f3dmez\u0151v\u00e1s\u00e1rhelyi Futball Club","robots":{"index":"index","follow":"follow","max-snippet":"max-snippet:-1","max-image-preview":"max-image-preview:large","max-video-preview":"max-video-preview:-1"},"canonical":"http:\/\/www.hfc1912.hu\/new\/2018\/12\/07\/nb-iii-sokat-kellett-varni-de-a-gyozelemre-utjara-leptunk\/","og_locale":"hu_HU","og_type":"article","og_title":"NB III: Sokat kellett v\u00e1rni, de a gy\u0151zelemre \u00fatj\u00e1ra l\u00e9pt\u00fcnk - H\u00f3dmez\u0151v\u00e1s\u00e1rhelyi Futball Club","og_description":"Viszontags\u00e1gos, neh\u00e9z f\u00e9l\u00e9ven van t\u00fal a H\u00f3dmez\u0151v\u00e1s\u00e1rhelyi FC NB III-as feln\u0151tt csapata. A fiatalokb\u00f3l \u00e9s javar\u00e9szt v\u00e1s\u00e1rhelyi j\u00e1t\u00e9kosokb\u00f3l \u00e1ll\u00f3 csapat a szezon v\u00e9g\u00e9re tudott kiegyenesedni,...","og_url":"http:\/\/www.hfc1912.hu\/new\/2018\/12\/07\/nb-iii-sokat-kellett-varni-de-a-gyozelemre-utjara-leptunk\/","og_site_name":"H\u00f3dmez\u0151v\u00e1s\u00e1rhelyi Futball Club","article_published_time":"2018-12-07T13:16:00+00:00","article_modified_time":"2018-12-07T19:51:54+00:00","og_image":[{"width":4333,"height":2963,"url":"http:\/\/www.hfc1912.hu\/new\/wp-content\/uploads\/2018\/12\/szucs-robert-tel.jpg","type":"image\/jpeg"}],"author":"Szeri Csaba","twitter_card":"summary_large_image","twitter_misc":{"Written by":"Szeri Csaba","Est. reading time":"5 perc"},"schema":{"@context":"https:\/\/schema.org","@graph":[{"@type":"Article","@id":"http:\/\/www.hfc1912.hu\/new\/2018\/12\/07\/nb-iii-sokat-kellett-varni-de-a-gyozelemre-utjara-leptunk\/#article","isPartOf":{"@id":"http:\/\/www.hfc1912.hu\/new\/2018\/12\/07\/nb-iii-sokat-kellett-varni-de-a-gyozelemre-utjara-leptunk\/"},"author":{"name":"Szeri Csaba","@id":"http:\/\/www.hfc1912.hu\/new\/#\/schema\/person\/d9c850ccdfe74c0db914609ceae01908"},"headline":"NB III: Sokat kellett v\u00e1rni, de a gy\u0151zelemre \u00fatj\u00e1ra l\u00e9pt\u00fcnk","datePublished":"2018-12-07T13:16:00+00:00","dateModified":"2018-12-07T19:51:54+00:00","mainEntityOfPage":{"@id":"http:\/\/www.hfc1912.hu\/new\/2018\/12\/07\/nb-iii-sokat-kellett-varni-de-a-gyozelemre-utjara-leptunk\/"},"wordCount":946,"publisher":{"@id":"http:\/\/www.hfc1912.hu\/new\/#organization"},"articleSection":["H\u00edreink"],"inLanguage":"hu"},{"@type":"WebPage","@id":"http:\/\/www.hfc1912.hu\/new\/2018\/12\/07\/nb-iii-sokat-kellett-varni-de-a-gyozelemre-utjara-leptunk\/","url":"http:\/\/www.hfc1912.hu\/new\/2018\/12\/07\/nb-iii-sokat-kellett-varni-de-a-gyozelemre-utjara-leptunk\/","name":"NB III: Sokat kellett v\u00e1rni, de a gy\u0151zelemre \u00fatj\u00e1ra l\u00e9pt\u00fcnk - H\u00f3dmez\u0151v\u00e1s\u00e1rhelyi Futball Club","isPartOf":{"@id":"http:\/\/www.hfc1912.hu\/new\/#website"},"datePublished":"2018-12-07T13:16:00+00:00","dateModified":"2018-12-07T19:51:54+00:00","breadcrumb":{"@id":"http:\/\/www.hfc1912.hu\/new\/2018\/12\/07\/nb-iii-sokat-kellett-varni-de-a-gyozelemre-utjara-leptunk\/#breadcrumb"},"inLanguage":"hu","potentialAction":[{"@type":"ReadAction","target":["http:\/\/www.hfc1912.hu\/new\/2018\/12\/07\/nb-iii-sokat-kellett-varni-de-a-gyozelemre-utjara-leptunk\/"]}]},{"@type":"BreadcrumbList","@id":"http:\/\/www.hfc1912.hu\/new\/2018\/12\/07\/nb-iii-sokat-kellett-varni-de-a-gyozelemre-utjara-leptunk\/#breadcrumb","itemListElement":[{"@type":"ListItem","position":1,"name":"Home","item":"http:\/\/www.hfc1912.hu\/new\/"},{"@type":"ListItem","position":2,"name":"NB III: Sokat kellett v\u00e1rni, de a gy\u0151zelemre \u00fatj\u00e1ra l\u00e9pt\u00fcnk"}]},{"@type":"WebSite","@id":"http:\/\/www.hfc1912.hu\/new\/#website","url":"http:\/\/www.hfc1912.hu\/new\/","name":"H\u00f3dmez\u0151v\u00e1s\u00e1rhelyi Futball Club","description":"H\u00f3dmez\u0151v\u00e1s\u00e1rhelyi Futball Club hivatalos honlapja","publisher":{"@id":"http:\/\/www.hfc1912.hu\/new\/#organization"},"potentialAction":[{"@type":"SearchAction","target":{"@type":"EntryPoint","urlTemplate":"http:\/\/www.hfc1912.hu\/new\/?s={search_term_string}"},"query-input":"required name=search_term_string"}],"inLanguage":"hu"},{"@type":"Organization","@id":"http:\/\/www.hfc1912.hu\/new\/#organization","name":"H\u00f3dmez\u0151v\u00e1s\u00e1rhelyi Futball Club","url":"http:\/\/www.hfc1912.hu\/new\/","sameAs":[],"logo":{"@type":"ImageObject","inLanguage":"hu","@id":"http:\/\/www.hfc1912.hu\/new\/#\/schema\/logo\/image\/","url":"http:\/\/www.hfc1912.hu\/new\/wp-content\/uploads\/2021\/12\/cropped-V\u00e9gleges_c\u00edmer_atlatszo150162.png","contentUrl":"http:\/\/www.hfc1912.hu\/new\/wp-content\/uploads\/2021\/12\/cropped-V\u00e9gleges_c\u00edmer_atlatszo150162.png","width":150,"height":162,"caption":"H\u00f3dmez\u0151v\u00e1s\u00e1rhelyi Futball Club"},"image":{"@id":"http:\/\/www.hfc1912.hu\/new\/#\/schema\/logo\/image\/"}},{"@type":"Person","@id":"http:\/\/www.hfc1912.hu\/new\/#\/schema\/person\/d9c850ccdfe74c0db914609ceae01908","name":"Szeri Csaba","image":{"@type":"ImageObject","inLanguage":"hu","@id":"http:\/\/www.hfc1912.hu\/new\/#\/schema\/person\/image\/","url":"http:\/\/0.gravatar.com\/avatar\/c4151b91cdd9f7d4935223c80fb0c246?s=96&d=mm&r=g","contentUrl":"http:\/\/0.gravatar.com\/avatar\/c4151b91cdd9f7d4935223c80fb0c246?s=96&d=mm&r=g","caption":"Szeri Csaba"},"url":"http:\/\/www.hfc1912.hu\/new\/author\/admin\/"}]}},"_links":{"self":[{"href":"http:\/\/www.hfc1912.hu\/new\/wp-json\/wp\/v2\/posts\/3740"}],"collection":[{"href":"http:\/\/www.hfc1912.hu\/new\/wp-json\/wp\/v2\/posts"}],"about":[{"href":"http:\/\/www.hfc1912.hu\/new\/wp-json\/wp\/v2\/types\/post"}],"author":[{"embeddable":true,"href":"http:\/\/www.hfc1912.hu\/new\/wp-json\/wp\/v2\/users\/1"}],"replies":[{"embeddable":true,"href":"http:\/\/www.hfc1912.hu\/new\/wp-json\/wp\/v2\/comments?post=3740"}],"version-history":[{"count":3,"href":"http:\/\/www.hfc1912.hu\/new\/wp-json\/wp\/v2\/posts\/3740\/revisions"}],"predecessor-version":[{"id":3744,"href":"http:\/\/www.hfc1912.hu\/new\/wp-json\/wp\/v2\/posts\/3740\/revisions\/3744"}],"wp:featuredmedia":[{"embeddable":true,"href":"http:\/\/www.hfc1912.hu\/new\/wp-json\/wp\/v2\/media\/3741"}],"wp:attachment":[{"href":"http:\/\/www.hfc1912.hu\/new\/wp-json\/wp\/v2\/media?parent=3740"}],"wp:term":[{"taxonomy":"category","embeddable":true,"href":"http:\/\/www.hfc1912.hu\/new\/wp-json\/wp\/v2\/categories?post=3740"},{"taxonomy":"post_tag","embeddable":true,"href":"http:\/\/www.hfc1912.hu\/new\/wp-json\/wp\/v2\/tags?post=3740"}],"curies":[{"name":"wp","href":"https:\/\/api.w.org\/{rel}","templated":true}]}}