{"id":5379,"date":"2020-11-11T16:16:19","date_gmt":"2020-11-11T16:16:19","guid":{"rendered":"http:\/\/www.hfc1912.hu\/new\/?p=5379"},"modified":"2020-11-11T16:16:19","modified_gmt":"2020-11-11T16:16:19","slug":"megis-folytatodhat-a-munka","status":"publish","type":"post","link":"http:\/\/www.hfc1912.hu\/new\/2020\/11\/11\/megis-folytatodhat-a-munka\/","title":{"rendered":"M\u00e9gis folytat\u00f3dhat a munka!"},"content":{"rendered":"<p><strong>A Magyar Labdar\u00fag\u00f3 Sz\u00f6vets\u00e9g d\u00f6nt\u00e9s\u00e9nek \u00e9rtelm\u00e9ben az edz\u00e9smunka \u00e9s a bajnoks\u00e1gok is folytat\u00f3dhatnak.<\/strong><!--more--><\/p>\n<p><strong>A sz\u00f6vets\u00e9g k\u00f6zlem\u00e9nye:<\/strong><\/p>\n<p><em>Az MLSZ eln\u00f6ks\u00e9ge \u2013 a csapatok k\u00e9r\u00e9s\u00e9t is figyelembe v\u00e9ve \u2013 a bajnoks\u00e1gok folytat\u00e1s\u00e1r\u00f3l d\u00f6nt\u00f6tt, egyidej\u0171leg a halaszt\u00e1sok enged\u00e9lyez\u00e9s\u00e9vel megadta a v\u00e1laszt\u00e1s lehet\u0151s\u00e9g\u00e9t. Az alacsonyabb oszt\u00e1lyokban maguk d\u00f6nthetik el a csapatok, hogy j\u00e1tszanak vagy k\u00e9s\u0151bbre halssztj\u00e1k m\u00e9rk\u0151z\u00e9s\u00fcket. Az egyes\u00fcletek r\u00e9szletes int\u00e9zked\u00e9si tervet kaptak a sz\u00f6vets\u00e9gt\u0151l az eg\u00e9szs\u00e9gv\u00e9delmi feladatokr\u00f3l.<\/em><\/p>\n<p><em>A futball felel\u0151s folytat\u00e1sa \u00e9rdek\u00e9ben, betartva a szab\u00e1lyokat, n\u00e9z\u0151k n\u00e9lk\u00fcl \u00e9s m\u00f3dosul\u00f3 versenyszab\u00e1lyokkal folytat\u00f3dnak az amat\u0151r bajnoks\u00e1gok. A legfontosabb k\u00fcl\u00f6nbs\u00e9g, hogy a csapatok k\u00e9rhetik egyoldal\u00faan is m\u00e9rk\u0151z\u00e9s\u00fck halaszt\u00e1s\u00e1t. Az alacsonyabb oszt\u00e1lyokban \u00f6nk\u00e9ntes a bajnoks\u00e1gokban val\u00f3 r\u00e9szv\u00e9tel.<\/em><\/p>\n<p><em>Ez azt jelenti, hogy amennyiben egy\u00a0amat\u0151r csapat (NB III-n\u00e1l alacsonyabb oszt\u00e1ly\u00fa) nem tud, vagy nem k\u00edv\u00e1n ki\u00e1llni az adott bajnoki m\u00e9rk\u0151z\u00e9sen, akkor \u00faj id\u0151pont kit\u0171z\u00e9s\u00e9t kezdem\u00e9nyezheti, melyhez az MLSZ hozz\u00e1j\u00e1rul, t\u00f6bb alkalommal is. Mindennek tov\u00e1bbi k\u00f6vetkezm\u00e9nye nincs a klubra n\u00e9zve, viszont \u00edgy a tal\u00e1lkoz\u00f3k sz\u00e1ma a bajnoks\u00e1g v\u00e9g\u00e9re v\u00e1ltozatlan maradhat. Ez biztos\u00edtja a sz\u00fcks\u00e9ges versenylehet\u0151s\u00e9get a fiatal tehets\u00e9gek sz\u00e1m\u00e1ra \u00e9pp\u00fagy, mint az eg\u00e9szs\u00e9g\u00fck meg\u0151rz\u00e9se \u00e9rdek\u00e9ben sportol\u00f3 feln\u0151tteknek. A bajnoks\u00e1gok j\u00f6v\u0151 tavaszra tervezett befejez\u00e9s\u00e9nek v\u00e9gs\u0151 id\u0151pontja az esem\u00e9nyek alakul\u00e1sa alapj\u00e1n rugalmasan m\u00f3dos\u00edthat\u00f3.<\/em><\/p>\n<p><em>Az eg\u00e9szs\u00e9g\u00fcgyi protokollok megtart\u00e1sa mellett tov\u00e1bbi higi\u00e9niai el\u0151\u00edr\u00e1sokat \u00e9s aj\u00e1nl\u00e1sokat \u00e1ll\u00edtott \u00f6ssze a sz\u00f6vets\u00e9g, p\u00e9ld\u00e1ul az \u00f6lt\u00f6z\u0151k vagy buszok haszn\u00e1lat\u00e1val kapcsolatban, a helysz\u00ednek el\u0151k\u00e9sz\u00edt\u00e9se \u00e9s folyamatos fert\u0151tlen\u00edt\u00e9se k\u00e9rd\u00e9s\u00e9ben. A maszk haszn\u00e1lata term\u00e9szetesen a m\u00e9rk\u0151z\u00e9sek el\u0151tt \u00e9s ut\u00e1n szigor\u00faan k\u00f6telez\u0151.<\/em><\/p>\n<p><em>A 484\/2020. (XI. 10.). korm\u00e1nyrendelet r\u00e9szleteit kedden este ismerhette meg az MLSZ vezet\u00e9se. A megjelent rendelet lehet\u0151s\u00e9get ad a versenyszer\u0171 sporttev\u00e9kenys\u00e9gre, edz\u00e9sek \u00e9s m\u00e9rk\u0151z\u00e9sek megtart\u00e1s\u00e1ra.<\/em><\/p>\n<p><strong>Ennek \u00e9rtelm\u00e9ben a H\u00f3dmez\u0151v\u00e1s\u00e1rhelyi Futball Club csapatai sz\u00e1m\u00e1ra is minden a megszokott ker\u00e9kv\u00e1g\u00e1s szerint folytat\u00f3dik, megtartjuk az edz\u00e9seket \u00e9s a bajnoki meccseken is r\u00e9szt vesznek feln\u0151tt \u00e9s ut\u00e1np\u00f3tl\u00e1s csapataink. Term\u00e9szetesen mindek\u00f6zben az eg\u00e9szs\u00e9g a legfontosabb, \u00edgy k\u00fcl\u00f6n\u00f6s figyelmet ford\u00edtanunk az el\u0151\u00edr\u00e1sok \u00e9s szab\u00e1lyok betart\u00e1s\u00e1ra, a stadion \u00f6lt\u00f6z\u0151it \u00e9s a buszokat folyamatosan fert\u0151tlen\u00edtj\u00fck! Vigy\u00e1zzunk egym\u00e1sra!<\/strong><\/p>\n<p><strong>Hajr\u00e1 HFC!<\/strong><\/p>\n","protected":false},"excerpt":{"rendered":"<p>A Magyar Labdar\u00fag\u00f3 Sz\u00f6vets\u00e9g d\u00f6nt\u00e9s\u00e9nek \u00e9rtelm\u00e9ben az edz\u00e9smunka \u00e9s a bajnoks\u00e1gok is folytat\u00f3dhatnak.<\/p>\n","protected":false},"author":1,"featured_media":3283,"comment_status":"closed","ping_status":"closed","sticky":false,"template":"","format":"standard","meta":[],"categories":[1],"tags":[],"yoast_head":"<!-- This site is optimized with the Yoast SEO plugin v19.8 - https:\/\/yoast.com\/wordpress\/plugins\/seo\/ -->\n<title>M\u00e9gis folytat\u00f3dhat a munka! - H\u00f3dmez\u0151v\u00e1s\u00e1rhelyi Futball Club<\/title>\n<meta name=\"robots\" content=\"index, follow, max-snippet:-1, max-image-preview:large, max-video-preview:-1\" \/>\n<link rel=\"canonical\" href=\"http:\/\/www.hfc1912.hu\/new\/2020\/11\/11\/megis-folytatodhat-a-munka\/\" \/>\n<meta property=\"og:locale\" content=\"hu_HU\" \/>\n<meta property=\"og:type\" content=\"article\" \/>\n<meta property=\"og:title\" content=\"M\u00e9gis folytat\u00f3dhat a munka! - H\u00f3dmez\u0151v\u00e1s\u00e1rhelyi Futball Club\" \/>\n<meta property=\"og:description\" content=\"A Magyar Labdar\u00fag\u00f3 Sz\u00f6vets\u00e9g d\u00f6nt\u00e9s\u00e9nek \u00e9rtelm\u00e9ben az edz\u00e9smunka \u00e9s a bajnoks\u00e1gok is folytat\u00f3dhatnak.\" \/>\n<meta property=\"og:url\" content=\"http:\/\/www.hfc1912.hu\/new\/2020\/11\/11\/megis-folytatodhat-a-munka\/\" \/>\n<meta property=\"og:site_name\" content=\"H\u00f3dmez\u0151v\u00e1s\u00e1rhelyi Futball Club\" \/>\n<meta property=\"article:published_time\" content=\"2020-11-11T16:16:19+00:00\" \/>\n<meta property=\"og:image\" content=\"http:\/\/www.hfc1912.hu\/new\/wp-content\/uploads\/2018\/09\/nagyfuves-palya.jpg\" \/>\n\t<meta property=\"og:image:width\" content=\"960\" \/>\n\t<meta property=\"og:image:height\" content=\"720\" \/>\n\t<meta property=\"og:image:type\" content=\"image\/jpeg\" \/>\n<meta name=\"author\" content=\"Szeri Csaba\" \/>\n<meta name=\"twitter:card\" content=\"summary_large_image\" \/>\n<meta name=\"twitter:label1\" content=\"Written by\" \/>\n\t<meta name=\"twitter:data1\" content=\"Szeri Csaba\" \/>\n\t<meta name=\"twitter:label2\" content=\"Est. reading time\" \/>\n\t<meta name=\"twitter:data2\" content=\"3 perc\" \/>\n<script type=\"application\/ld+json\" class=\"yoast-schema-graph\">{\"@context\":\"https:\/\/schema.org\",\"@graph\":[{\"@type\":\"Article\",\"@id\":\"http:\/\/www.hfc1912.hu\/new\/2020\/11\/11\/megis-folytatodhat-a-munka\/#article\",\"isPartOf\":{\"@id\":\"http:\/\/www.hfc1912.hu\/new\/2020\/11\/11\/megis-folytatodhat-a-munka\/\"},\"author\":{\"name\":\"Szeri Csaba\",\"@id\":\"http:\/\/www.hfc1912.hu\/new\/#\/schema\/person\/d9c850ccdfe74c0db914609ceae01908\"},\"headline\":\"M\u00e9gis folytat\u00f3dhat a munka!\",\"datePublished\":\"2020-11-11T16:16:19+00:00\",\"dateModified\":\"2020-11-11T16:16:19+00:00\",\"mainEntityOfPage\":{\"@id\":\"http:\/\/www.hfc1912.hu\/new\/2020\/11\/11\/megis-folytatodhat-a-munka\/\"},\"wordCount\":534,\"publisher\":{\"@id\":\"http:\/\/www.hfc1912.hu\/new\/#organization\"},\"articleSection\":[\"H\u00edreink\"],\"inLanguage\":\"hu\"},{\"@type\":\"WebPage\",\"@id\":\"http:\/\/www.hfc1912.hu\/new\/2020\/11\/11\/megis-folytatodhat-a-munka\/\",\"url\":\"http:\/\/www.hfc1912.hu\/new\/2020\/11\/11\/megis-folytatodhat-a-munka\/\",\"name\":\"M\u00e9gis folytat\u00f3dhat a munka! - H\u00f3dmez\u0151v\u00e1s\u00e1rhelyi Futball Club\",\"isPartOf\":{\"@id\":\"http:\/\/www.hfc1912.hu\/new\/#website\"},\"datePublished\":\"2020-11-11T16:16:19+00:00\",\"dateModified\":\"2020-11-11T16:16:19+00:00\",\"breadcrumb\":{\"@id\":\"http:\/\/www.hfc1912.hu\/new\/2020\/11\/11\/megis-folytatodhat-a-munka\/#breadcrumb\"},\"inLanguage\":\"hu\",\"potentialAction\":[{\"@type\":\"ReadAction\",\"target\":[\"http:\/\/www.hfc1912.hu\/new\/2020\/11\/11\/megis-folytatodhat-a-munka\/\"]}]},{\"@type\":\"BreadcrumbList\",\"@id\":\"http:\/\/www.hfc1912.hu\/new\/2020\/11\/11\/megis-folytatodhat-a-munka\/#breadcrumb\",\"itemListElement\":[{\"@type\":\"ListItem\",\"position\":1,\"name\":\"Home\",\"item\":\"http:\/\/www.hfc1912.hu\/new\/\"},{\"@type\":\"ListItem\",\"position\":2,\"name\":\"M\u00e9gis folytat\u00f3dhat a munka!\"}]},{\"@type\":\"WebSite\",\"@id\":\"http:\/\/www.hfc1912.hu\/new\/#website\",\"url\":\"http:\/\/www.hfc1912.hu\/new\/\",\"name\":\"H\u00f3dmez\u0151v\u00e1s\u00e1rhelyi Futball Club\",\"description\":\"H\u00f3dmez\u0151v\u00e1s\u00e1rhelyi Futball Club hivatalos honlapja\",\"publisher\":{\"@id\":\"http:\/\/www.hfc1912.hu\/new\/#organization\"},\"potentialAction\":[{\"@type\":\"SearchAction\",\"target\":{\"@type\":\"EntryPoint\",\"urlTemplate\":\"http:\/\/www.hfc1912.hu\/new\/?s={search_term_string}\"},\"query-input\":\"required name=search_term_string\"}],\"inLanguage\":\"hu\"},{\"@type\":\"Organization\",\"@id\":\"http:\/\/www.hfc1912.hu\/new\/#organization\",\"name\":\"H\u00f3dmez\u0151v\u00e1s\u00e1rhelyi Futball Club\",\"url\":\"http:\/\/www.hfc1912.hu\/new\/\",\"sameAs\":[],\"logo\":{\"@type\":\"ImageObject\",\"inLanguage\":\"hu\",\"@id\":\"http:\/\/www.hfc1912.hu\/new\/#\/schema\/logo\/image\/\",\"url\":\"http:\/\/www.hfc1912.hu\/new\/wp-content\/uploads\/2021\/12\/cropped-V\u00e9gleges_c\u00edmer_atlatszo150162.png\",\"contentUrl\":\"http:\/\/www.hfc1912.hu\/new\/wp-content\/uploads\/2021\/12\/cropped-V\u00e9gleges_c\u00edmer_atlatszo150162.png\",\"width\":150,\"height\":162,\"caption\":\"H\u00f3dmez\u0151v\u00e1s\u00e1rhelyi Futball Club\"},\"image\":{\"@id\":\"http:\/\/www.hfc1912.hu\/new\/#\/schema\/logo\/image\/\"}},{\"@type\":\"Person\",\"@id\":\"http:\/\/www.hfc1912.hu\/new\/#\/schema\/person\/d9c850ccdfe74c0db914609ceae01908\",\"name\":\"Szeri Csaba\",\"image\":{\"@type\":\"ImageObject\",\"inLanguage\":\"hu\",\"@id\":\"http:\/\/www.hfc1912.hu\/new\/#\/schema\/person\/image\/\",\"url\":\"http:\/\/0.gravatar.com\/avatar\/c4151b91cdd9f7d4935223c80fb0c246?s=96&d=mm&r=g\",\"contentUrl\":\"http:\/\/0.gravatar.com\/avatar\/c4151b91cdd9f7d4935223c80fb0c246?s=96&d=mm&r=g\",\"caption\":\"Szeri Csaba\"},\"url\":\"http:\/\/www.hfc1912.hu\/new\/author\/admin\/\"}]}<\/script>\n<!-- \/ Yoast SEO plugin. -->","yoast_head_json":{"title":"M\u00e9gis folytat\u00f3dhat a munka! - H\u00f3dmez\u0151v\u00e1s\u00e1rhelyi Futball Club","robots":{"index":"index","follow":"follow","max-snippet":"max-snippet:-1","max-image-preview":"max-image-preview:large","max-video-preview":"max-video-preview:-1"},"canonical":"http:\/\/www.hfc1912.hu\/new\/2020\/11\/11\/megis-folytatodhat-a-munka\/","og_locale":"hu_HU","og_type":"article","og_title":"M\u00e9gis folytat\u00f3dhat a munka! - H\u00f3dmez\u0151v\u00e1s\u00e1rhelyi Futball Club","og_description":"A Magyar Labdar\u00fag\u00f3 Sz\u00f6vets\u00e9g d\u00f6nt\u00e9s\u00e9nek \u00e9rtelm\u00e9ben az edz\u00e9smunka \u00e9s a bajnoks\u00e1gok is folytat\u00f3dhatnak.","og_url":"http:\/\/www.hfc1912.hu\/new\/2020\/11\/11\/megis-folytatodhat-a-munka\/","og_site_name":"H\u00f3dmez\u0151v\u00e1s\u00e1rhelyi Futball Club","article_published_time":"2020-11-11T16:16:19+00:00","og_image":[{"width":960,"height":720,"url":"http:\/\/www.hfc1912.hu\/new\/wp-content\/uploads\/2018\/09\/nagyfuves-palya.jpg","type":"image\/jpeg"}],"author":"Szeri Csaba","twitter_card":"summary_large_image","twitter_misc":{"Written by":"Szeri Csaba","Est. reading time":"3 perc"},"schema":{"@context":"https:\/\/schema.org","@graph":[{"@type":"Article","@id":"http:\/\/www.hfc1912.hu\/new\/2020\/11\/11\/megis-folytatodhat-a-munka\/#article","isPartOf":{"@id":"http:\/\/www.hfc1912.hu\/new\/2020\/11\/11\/megis-folytatodhat-a-munka\/"},"author":{"name":"Szeri Csaba","@id":"http:\/\/www.hfc1912.hu\/new\/#\/schema\/person\/d9c850ccdfe74c0db914609ceae01908"},"headline":"M\u00e9gis folytat\u00f3dhat a munka!","datePublished":"2020-11-11T16:16:19+00:00","dateModified":"2020-11-11T16:16:19+00:00","mainEntityOfPage":{"@id":"http:\/\/www.hfc1912.hu\/new\/2020\/11\/11\/megis-folytatodhat-a-munka\/"},"wordCount":534,"publisher":{"@id":"http:\/\/www.hfc1912.hu\/new\/#organization"},"articleSection":["H\u00edreink"],"inLanguage":"hu"},{"@type":"WebPage","@id":"http:\/\/www.hfc1912.hu\/new\/2020\/11\/11\/megis-folytatodhat-a-munka\/","url":"http:\/\/www.hfc1912.hu\/new\/2020\/11\/11\/megis-folytatodhat-a-munka\/","name":"M\u00e9gis folytat\u00f3dhat a munka! - H\u00f3dmez\u0151v\u00e1s\u00e1rhelyi Futball Club","isPartOf":{"@id":"http:\/\/www.hfc1912.hu\/new\/#website"},"datePublished":"2020-11-11T16:16:19+00:00","dateModified":"2020-11-11T16:16:19+00:00","breadcrumb":{"@id":"http:\/\/www.hfc1912.hu\/new\/2020\/11\/11\/megis-folytatodhat-a-munka\/#breadcrumb"},"inLanguage":"hu","potentialAction":[{"@type":"ReadAction","target":["http:\/\/www.hfc1912.hu\/new\/2020\/11\/11\/megis-folytatodhat-a-munka\/"]}]},{"@type":"BreadcrumbList","@id":"http:\/\/www.hfc1912.hu\/new\/2020\/11\/11\/megis-folytatodhat-a-munka\/#breadcrumb","itemListElement":[{"@type":"ListItem","position":1,"name":"Home","item":"http:\/\/www.hfc1912.hu\/new\/"},{"@type":"ListItem","position":2,"name":"M\u00e9gis folytat\u00f3dhat a munka!"}]},{"@type":"WebSite","@id":"http:\/\/www.hfc1912.hu\/new\/#website","url":"http:\/\/www.hfc1912.hu\/new\/","name":"H\u00f3dmez\u0151v\u00e1s\u00e1rhelyi Futball Club","description":"H\u00f3dmez\u0151v\u00e1s\u00e1rhelyi Futball Club hivatalos honlapja","publisher":{"@id":"http:\/\/www.hfc1912.hu\/new\/#organization"},"potentialAction":[{"@type":"SearchAction","target":{"@type":"EntryPoint","urlTemplate":"http:\/\/www.hfc1912.hu\/new\/?s={search_term_string}"},"query-input":"required name=search_term_string"}],"inLanguage":"hu"},{"@type":"Organization","@id":"http:\/\/www.hfc1912.hu\/new\/#organization","name":"H\u00f3dmez\u0151v\u00e1s\u00e1rhelyi Futball Club","url":"http:\/\/www.hfc1912.hu\/new\/","sameAs":[],"logo":{"@type":"ImageObject","inLanguage":"hu","@id":"http:\/\/www.hfc1912.hu\/new\/#\/schema\/logo\/image\/","url":"http:\/\/www.hfc1912.hu\/new\/wp-content\/uploads\/2021\/12\/cropped-V\u00e9gleges_c\u00edmer_atlatszo150162.png","contentUrl":"http:\/\/www.hfc1912.hu\/new\/wp-content\/uploads\/2021\/12\/cropped-V\u00e9gleges_c\u00edmer_atlatszo150162.png","width":150,"height":162,"caption":"H\u00f3dmez\u0151v\u00e1s\u00e1rhelyi Futball Club"},"image":{"@id":"http:\/\/www.hfc1912.hu\/new\/#\/schema\/logo\/image\/"}},{"@type":"Person","@id":"http:\/\/www.hfc1912.hu\/new\/#\/schema\/person\/d9c850ccdfe74c0db914609ceae01908","name":"Szeri Csaba","image":{"@type":"ImageObject","inLanguage":"hu","@id":"http:\/\/www.hfc1912.hu\/new\/#\/schema\/person\/image\/","url":"http:\/\/0.gravatar.com\/avatar\/c4151b91cdd9f7d4935223c80fb0c246?s=96&d=mm&r=g","contentUrl":"http:\/\/0.gravatar.com\/avatar\/c4151b91cdd9f7d4935223c80fb0c246?s=96&d=mm&r=g","caption":"Szeri Csaba"},"url":"http:\/\/www.hfc1912.hu\/new\/author\/admin\/"}]}},"_links":{"self":[{"href":"http:\/\/www.hfc1912.hu\/new\/wp-json\/wp\/v2\/posts\/5379"}],"collection":[{"href":"http:\/\/www.hfc1912.hu\/new\/wp-json\/wp\/v2\/posts"}],"about":[{"href":"http:\/\/www.hfc1912.hu\/new\/wp-json\/wp\/v2\/types\/post"}],"author":[{"embeddable":true,"href":"http:\/\/www.hfc1912.hu\/new\/wp-json\/wp\/v2\/users\/1"}],"replies":[{"embeddable":true,"href":"http:\/\/www.hfc1912.hu\/new\/wp-json\/wp\/v2\/comments?post=5379"}],"version-history":[{"count":1,"href":"http:\/\/www.hfc1912.hu\/new\/wp-json\/wp\/v2\/posts\/5379\/revisions"}],"predecessor-version":[{"id":5380,"href":"http:\/\/www.hfc1912.hu\/new\/wp-json\/wp\/v2\/posts\/5379\/revisions\/5380"}],"wp:featuredmedia":[{"embeddable":true,"href":"http:\/\/www.hfc1912.hu\/new\/wp-json\/wp\/v2\/media\/3283"}],"wp:attachment":[{"href":"http:\/\/www.hfc1912.hu\/new\/wp-json\/wp\/v2\/media?parent=5379"}],"wp:term":[{"taxonomy":"category","embeddable":true,"href":"http:\/\/www.hfc1912.hu\/new\/wp-json\/wp\/v2\/categories?post=5379"},{"taxonomy":"post_tag","embeddable":true,"href":"http:\/\/www.hfc1912.hu\/new\/wp-json\/wp\/v2\/tags?post=5379"}],"curies":[{"name":"wp","href":"https:\/\/api.w.org\/{rel}","templated":true}]}}