{"id":5383,"date":"2020-11-15T10:20:57","date_gmt":"2020-11-15T10:20:57","guid":{"rendered":"http:\/\/www.hfc1912.hu\/new\/?p=5383"},"modified":"2020-11-15T10:20:57","modified_gmt":"2020-11-15T10:20:57","slug":"a-hajraban-forditott-a-dabas","status":"publish","type":"post","link":"http:\/\/www.hfc1912.hu\/new\/2020\/11\/15\/a-hajraban-forditott-a-dabas\/","title":{"rendered":"A hajr\u00e1ban ford\u00edtott a Dabas"},"content":{"rendered":"<p><strong>Szombaton a Dabas volt a vend\u00e9g a v\u00e1rosi stadionban, az NB III-as labdar\u00fag\u00f3-bajnoks\u00e1g 18. fordul\u00f3j\u00e1ban.<\/strong><!--more--><\/p>\n<p>Igaz\u00e1n neh\u00e9z m\u00e9rk\u0151z\u00e9sre sz\u00e1m\u00edthatott a H\u00f3dmez\u0151v\u00e1s\u00e1rhelyi FC szombaton, hiszen a bajnoki c\u00edm\u00e9rt bejelentkez\u0151 Dabas volt a vend\u00e9g. A Pest megyeiek rendre j\u00f3l szerepelnek a bajnoks\u00e1gban, most r\u00e1ad\u00e1sul abszol\u00fat az \u00e9lmez\u0151nyh\u00f6z tartoznak \u2013 az pedig be is bizonyosodott a m\u00e9rk\u0151z\u00e9sen, hogy ez nem v\u00e9letlen.<\/p>\n<p>J\u00f3 \u00e9s er\u0151s csapat benyom\u00e1s\u00e1t keltett\u00e9k, \u00e1m az elej\u00e9n m\u00e9gis a HFC sz\u00e1m\u00e1ra j\u00f6tt ki j\u00f3l a l\u00e9p\u00e9s. Egy jobb oldalon elvitt labd\u00e1t siker\u00fclt k\u00f6z\u00e9pre \u00edvelni a labd\u00e1t, ahol Bata Krist\u00f3f \u00e9rkezett nagyszer\u0171en \u00e9s hib\u00e1tlanul fejelt a hossz\u00faba.<\/p>\n<p>A folytat\u00e1s a mez\u0151nyben hozott ink\u00e1bb k\u00fczdelmet, a labda ink\u00e1bb a vend\u00e9gekn\u00e9l volt t\u00f6bbet, de a v\u00e1s\u00e1rhelyi v\u00e9delem t\u00f6bbnyire j\u00f3l vizsg\u00e1zott. A tal\u00e1lkoz\u00f3 alapvet\u0151en kev\u00e9s helyzetet hozott, a hazaiak el\u0151tt komolyabb lehet\u0151s\u00e9gek nem ad\u00f3dtak, \u00e1m a dabasiak f\u00f6l\u00e9nye is ink\u00e1bb labdabirtokl\u00e1sban mutatkozott meg, mintsem helyzetekben. Ahogy p\u00f6rg\u00f6tt a j\u00e1t\u00e9kid\u0151 a temp\u00f3t m\u00e9gis a vend\u00e9gek b\u00edrt\u00e1k jobban, a mieink kicsit f\u00e1radtak, amit a 80. percben Vladul Stefan ki is haszn\u00e1lt, j\u00f3l csapott le a k\u00f6z\u00e9pre \u00e9rkez\u0151 labd\u00e1ra \u00e9s Kand\u00f3 Zsombor kapuj\u00e1ba tov\u00e1bb\u00edtotta a j\u00e1t\u00e9kszert.<\/p>\n<p>Ennek ellen\u00e9re \u00fagy t\u0171nt, hogy az egy pont meglehet, amit meg is \u00e9rdemelt volna a mindv\u00e9gig k\u00fczd\u0151 hazai alakulat, a lef\u00faj\u00e1s el\u0151tti percekben azonban furcsa jelenetsor j\u00e1tsz\u00f3dott le. A v\u00e1s\u00e1rhelyi tizenhatoson bel\u00fcl p\u00f6rg\u00f6tt fel a labda, amire T\u00f3th J\u00f3zsef \u00e9s egy ellenfele is felugrott, n\u00e9gyes\u00fcnk elfejelt \u00e9s \u00fagy t\u0171nt folyhat tov\u00e1bb a j\u00e1t\u00e9k. A dabasi t\u00e1mad\u00f3 ugyan felord\u00edtott, de \u00fagy t\u0171nt nem esett szab\u00e1lytalans\u00e1g, \u00e1m \u00f6t m\u00e1sodperc m\u00falva m\u00e9gis harsant Katona Bal\u00e1zs s\u00edpja, aki a r\u00f3la elnevezett szigorral visszaf\u00fajta a kor\u00e1bbi szitu\u00e1ci\u00f3t \u00e9s b\u00fcntet\u0151t \u00edt\u00e9lt. A d\u00f6nt\u00e9s nem t\u0171nt jogosnak, a s\u00edpok mestere viszont t\u00e1ntor\u00edthatatlan volt, a kor\u00e1bbi dabasi g\u00f3lszerz\u0151 \u00e1llt a labda m\u00f6g\u00e9 \u00e9s \u00e9rt\u00e9kes\u00edtette az ad\u00f3d\u00f3 lehet\u0151s\u00e9get. A 94. percben szerzett g\u00f3llal, \u00edgy nyertek a vend\u00e9gek.<\/p>\n<p><strong>NB III K\u00f6z\u00e9p csoport, 18. fordul\u00f3<\/strong><\/p>\n<p><strong>H\u00f3dmez\u0151v\u00e1s\u00e1rhelyi FC \u2013 FC Dabas 1-2 (1-0)<\/strong><\/p>\n<p><strong>HFC:<\/strong> Kand\u00f3, Zahor\u00e1n, T\u00f3th, Husz\u00e1r, Gy\u00fcre, Orovecz, Bata, Mezei, Lud\u00e1nszki, Forr\u00f3, Pleszk\u00e1n<br \/>\n<strong>Csere:<\/strong> Weszelovszky, Darida, Koncz, Bartyik, Becsek, Rau<br \/>\n<strong>Edz\u0151:<\/strong> Kand\u00f3 R\u00f3bert<\/p>\n<p><strong>G\u00f3lszerz\u0151k:<\/strong> Bata illetve Stefan (2)<\/p>\n<p><strong>Nyilatkozat:<\/strong> <em>\u201eB\u00fcszke vagyok a sr\u00e1cokra, mert k\u00fczdeni tud\u00e1sb\u00f3l jelesre vizsg\u00e1ztak. Az is bebizonyosodott, hogy m\u00e9g t\u00f6bbet kell dolgoznunk, ,hogy a tabella \u00e9l\u00e9n \u00e1ll\u00f3 csapatok ellen is sikeresek legy\u00fcnk. Sajn\u00e1lom, hogy egy ilyen g\u00f3llal, egy nem jogos b\u00fcntet\u0151vel vesztett\u00fck el a m\u00e9rk\u0151z\u00e9st.\u201d<\/em><\/p>\n<p>Fot\u00f3: arch\u00edv<\/p>\n","protected":false},"excerpt":{"rendered":"<p>Szombaton a Dabas volt a vend\u00e9g a v\u00e1rosi stadionban, az NB III-as labdar\u00fag\u00f3-bajnoks\u00e1g 18. fordul\u00f3j\u00e1ban.<\/p>\n","protected":false},"author":1,"featured_media":4930,"comment_status":"closed","ping_status":"closed","sticky":false,"template":"","format":"standard","meta":[],"categories":[1],"tags":[],"yoast_head":"<!-- This site is optimized with the Yoast SEO plugin v19.8 - https:\/\/yoast.com\/wordpress\/plugins\/seo\/ -->\n<title>A hajr\u00e1ban ford\u00edtott a Dabas - H\u00f3dmez\u0151v\u00e1s\u00e1rhelyi Futball Club<\/title>\n<meta name=\"robots\" content=\"index, follow, max-snippet:-1, max-image-preview:large, max-video-preview:-1\" \/>\n<link rel=\"canonical\" href=\"http:\/\/www.hfc1912.hu\/new\/2020\/11\/15\/a-hajraban-forditott-a-dabas\/\" \/>\n<meta property=\"og:locale\" content=\"hu_HU\" \/>\n<meta property=\"og:type\" content=\"article\" \/>\n<meta property=\"og:title\" content=\"A hajr\u00e1ban ford\u00edtott a Dabas - H\u00f3dmez\u0151v\u00e1s\u00e1rhelyi Futball Club\" \/>\n<meta property=\"og:description\" content=\"Szombaton a Dabas volt a vend\u00e9g a v\u00e1rosi stadionban, az NB III-as labdar\u00fag\u00f3-bajnoks\u00e1g 18. fordul\u00f3j\u00e1ban.\" \/>\n<meta property=\"og:url\" content=\"http:\/\/www.hfc1912.hu\/new\/2020\/11\/15\/a-hajraban-forditott-a-dabas\/\" \/>\n<meta property=\"og:site_name\" content=\"H\u00f3dmez\u0151v\u00e1s\u00e1rhelyi Futball Club\" \/>\n<meta property=\"article:published_time\" content=\"2020-11-15T10:20:57+00:00\" \/>\n<meta property=\"og:image\" content=\"http:\/\/www.hfc1912.hu\/new\/wp-content\/uploads\/2020\/07\/bata-0710.jpg\" \/>\n\t<meta property=\"og:image:width\" content=\"1728\" \/>\n\t<meta property=\"og:image:height\" content=\"1152\" \/>\n\t<meta property=\"og:image:type\" content=\"image\/jpeg\" \/>\n<meta name=\"author\" content=\"Szeri Csaba\" \/>\n<meta name=\"twitter:card\" content=\"summary_large_image\" \/>\n<meta name=\"twitter:label1\" content=\"Written by\" \/>\n\t<meta name=\"twitter:data1\" content=\"Szeri Csaba\" \/>\n\t<meta name=\"twitter:label2\" content=\"Est. reading time\" \/>\n\t<meta name=\"twitter:data2\" content=\"3 perc\" \/>\n<script type=\"application\/ld+json\" class=\"yoast-schema-graph\">{\"@context\":\"https:\/\/schema.org\",\"@graph\":[{\"@type\":\"Article\",\"@id\":\"http:\/\/www.hfc1912.hu\/new\/2020\/11\/15\/a-hajraban-forditott-a-dabas\/#article\",\"isPartOf\":{\"@id\":\"http:\/\/www.hfc1912.hu\/new\/2020\/11\/15\/a-hajraban-forditott-a-dabas\/\"},\"author\":{\"name\":\"Szeri Csaba\",\"@id\":\"http:\/\/www.hfc1912.hu\/new\/#\/schema\/person\/d9c850ccdfe74c0db914609ceae01908\"},\"headline\":\"A hajr\u00e1ban ford\u00edtott a Dabas\",\"datePublished\":\"2020-11-15T10:20:57+00:00\",\"dateModified\":\"2020-11-15T10:20:57+00:00\",\"mainEntityOfPage\":{\"@id\":\"http:\/\/www.hfc1912.hu\/new\/2020\/11\/15\/a-hajraban-forditott-a-dabas\/\"},\"wordCount\":568,\"publisher\":{\"@id\":\"http:\/\/www.hfc1912.hu\/new\/#organization\"},\"articleSection\":[\"H\u00edreink\"],\"inLanguage\":\"hu\"},{\"@type\":\"WebPage\",\"@id\":\"http:\/\/www.hfc1912.hu\/new\/2020\/11\/15\/a-hajraban-forditott-a-dabas\/\",\"url\":\"http:\/\/www.hfc1912.hu\/new\/2020\/11\/15\/a-hajraban-forditott-a-dabas\/\",\"name\":\"A hajr\u00e1ban ford\u00edtott a Dabas - H\u00f3dmez\u0151v\u00e1s\u00e1rhelyi Futball Club\",\"isPartOf\":{\"@id\":\"http:\/\/www.hfc1912.hu\/new\/#website\"},\"datePublished\":\"2020-11-15T10:20:57+00:00\",\"dateModified\":\"2020-11-15T10:20:57+00:00\",\"breadcrumb\":{\"@id\":\"http:\/\/www.hfc1912.hu\/new\/2020\/11\/15\/a-hajraban-forditott-a-dabas\/#breadcrumb\"},\"inLanguage\":\"hu\",\"potentialAction\":[{\"@type\":\"ReadAction\",\"target\":[\"http:\/\/www.hfc1912.hu\/new\/2020\/11\/15\/a-hajraban-forditott-a-dabas\/\"]}]},{\"@type\":\"BreadcrumbList\",\"@id\":\"http:\/\/www.hfc1912.hu\/new\/2020\/11\/15\/a-hajraban-forditott-a-dabas\/#breadcrumb\",\"itemListElement\":[{\"@type\":\"ListItem\",\"position\":1,\"name\":\"Home\",\"item\":\"http:\/\/www.hfc1912.hu\/new\/\"},{\"@type\":\"ListItem\",\"position\":2,\"name\":\"A hajr\u00e1ban ford\u00edtott a Dabas\"}]},{\"@type\":\"WebSite\",\"@id\":\"http:\/\/www.hfc1912.hu\/new\/#website\",\"url\":\"http:\/\/www.hfc1912.hu\/new\/\",\"name\":\"H\u00f3dmez\u0151v\u00e1s\u00e1rhelyi Futball Club\",\"description\":\"H\u00f3dmez\u0151v\u00e1s\u00e1rhelyi Futball Club hivatalos honlapja\",\"publisher\":{\"@id\":\"http:\/\/www.hfc1912.hu\/new\/#organization\"},\"potentialAction\":[{\"@type\":\"SearchAction\",\"target\":{\"@type\":\"EntryPoint\",\"urlTemplate\":\"http:\/\/www.hfc1912.hu\/new\/?s={search_term_string}\"},\"query-input\":\"required name=search_term_string\"}],\"inLanguage\":\"hu\"},{\"@type\":\"Organization\",\"@id\":\"http:\/\/www.hfc1912.hu\/new\/#organization\",\"name\":\"H\u00f3dmez\u0151v\u00e1s\u00e1rhelyi Futball Club\",\"url\":\"http:\/\/www.hfc1912.hu\/new\/\",\"sameAs\":[],\"logo\":{\"@type\":\"ImageObject\",\"inLanguage\":\"hu\",\"@id\":\"http:\/\/www.hfc1912.hu\/new\/#\/schema\/logo\/image\/\",\"url\":\"http:\/\/www.hfc1912.hu\/new\/wp-content\/uploads\/2021\/12\/cropped-V\u00e9gleges_c\u00edmer_atlatszo150162.png\",\"contentUrl\":\"http:\/\/www.hfc1912.hu\/new\/wp-content\/uploads\/2021\/12\/cropped-V\u00e9gleges_c\u00edmer_atlatszo150162.png\",\"width\":150,\"height\":162,\"caption\":\"H\u00f3dmez\u0151v\u00e1s\u00e1rhelyi Futball Club\"},\"image\":{\"@id\":\"http:\/\/www.hfc1912.hu\/new\/#\/schema\/logo\/image\/\"}},{\"@type\":\"Person\",\"@id\":\"http:\/\/www.hfc1912.hu\/new\/#\/schema\/person\/d9c850ccdfe74c0db914609ceae01908\",\"name\":\"Szeri Csaba\",\"image\":{\"@type\":\"ImageObject\",\"inLanguage\":\"hu\",\"@id\":\"http:\/\/www.hfc1912.hu\/new\/#\/schema\/person\/image\/\",\"url\":\"http:\/\/0.gravatar.com\/avatar\/c4151b91cdd9f7d4935223c80fb0c246?s=96&d=mm&r=g\",\"contentUrl\":\"http:\/\/0.gravatar.com\/avatar\/c4151b91cdd9f7d4935223c80fb0c246?s=96&d=mm&r=g\",\"caption\":\"Szeri Csaba\"},\"url\":\"http:\/\/www.hfc1912.hu\/new\/author\/admin\/\"}]}<\/script>\n<!-- \/ Yoast SEO plugin. -->","yoast_head_json":{"title":"A hajr\u00e1ban ford\u00edtott a Dabas - H\u00f3dmez\u0151v\u00e1s\u00e1rhelyi Futball Club","robots":{"index":"index","follow":"follow","max-snippet":"max-snippet:-1","max-image-preview":"max-image-preview:large","max-video-preview":"max-video-preview:-1"},"canonical":"http:\/\/www.hfc1912.hu\/new\/2020\/11\/15\/a-hajraban-forditott-a-dabas\/","og_locale":"hu_HU","og_type":"article","og_title":"A hajr\u00e1ban ford\u00edtott a Dabas - H\u00f3dmez\u0151v\u00e1s\u00e1rhelyi Futball Club","og_description":"Szombaton a Dabas volt a vend\u00e9g a v\u00e1rosi stadionban, az NB III-as labdar\u00fag\u00f3-bajnoks\u00e1g 18. fordul\u00f3j\u00e1ban.","og_url":"http:\/\/www.hfc1912.hu\/new\/2020\/11\/15\/a-hajraban-forditott-a-dabas\/","og_site_name":"H\u00f3dmez\u0151v\u00e1s\u00e1rhelyi Futball Club","article_published_time":"2020-11-15T10:20:57+00:00","og_image":[{"width":1728,"height":1152,"url":"http:\/\/www.hfc1912.hu\/new\/wp-content\/uploads\/2020\/07\/bata-0710.jpg","type":"image\/jpeg"}],"author":"Szeri Csaba","twitter_card":"summary_large_image","twitter_misc":{"Written by":"Szeri Csaba","Est. reading time":"3 perc"},"schema":{"@context":"https:\/\/schema.org","@graph":[{"@type":"Article","@id":"http:\/\/www.hfc1912.hu\/new\/2020\/11\/15\/a-hajraban-forditott-a-dabas\/#article","isPartOf":{"@id":"http:\/\/www.hfc1912.hu\/new\/2020\/11\/15\/a-hajraban-forditott-a-dabas\/"},"author":{"name":"Szeri Csaba","@id":"http:\/\/www.hfc1912.hu\/new\/#\/schema\/person\/d9c850ccdfe74c0db914609ceae01908"},"headline":"A hajr\u00e1ban ford\u00edtott a Dabas","datePublished":"2020-11-15T10:20:57+00:00","dateModified":"2020-11-15T10:20:57+00:00","mainEntityOfPage":{"@id":"http:\/\/www.hfc1912.hu\/new\/2020\/11\/15\/a-hajraban-forditott-a-dabas\/"},"wordCount":568,"publisher":{"@id":"http:\/\/www.hfc1912.hu\/new\/#organization"},"articleSection":["H\u00edreink"],"inLanguage":"hu"},{"@type":"WebPage","@id":"http:\/\/www.hfc1912.hu\/new\/2020\/11\/15\/a-hajraban-forditott-a-dabas\/","url":"http:\/\/www.hfc1912.hu\/new\/2020\/11\/15\/a-hajraban-forditott-a-dabas\/","name":"A hajr\u00e1ban ford\u00edtott a Dabas - H\u00f3dmez\u0151v\u00e1s\u00e1rhelyi Futball Club","isPartOf":{"@id":"http:\/\/www.hfc1912.hu\/new\/#website"},"datePublished":"2020-11-15T10:20:57+00:00","dateModified":"2020-11-15T10:20:57+00:00","breadcrumb":{"@id":"http:\/\/www.hfc1912.hu\/new\/2020\/11\/15\/a-hajraban-forditott-a-dabas\/#breadcrumb"},"inLanguage":"hu","potentialAction":[{"@type":"ReadAction","target":["http:\/\/www.hfc1912.hu\/new\/2020\/11\/15\/a-hajraban-forditott-a-dabas\/"]}]},{"@type":"BreadcrumbList","@id":"http:\/\/www.hfc1912.hu\/new\/2020\/11\/15\/a-hajraban-forditott-a-dabas\/#breadcrumb","itemListElement":[{"@type":"ListItem","position":1,"name":"Home","item":"http:\/\/www.hfc1912.hu\/new\/"},{"@type":"ListItem","position":2,"name":"A hajr\u00e1ban ford\u00edtott a Dabas"}]},{"@type":"WebSite","@id":"http:\/\/www.hfc1912.hu\/new\/#website","url":"http:\/\/www.hfc1912.hu\/new\/","name":"H\u00f3dmez\u0151v\u00e1s\u00e1rhelyi Futball Club","description":"H\u00f3dmez\u0151v\u00e1s\u00e1rhelyi Futball Club hivatalos honlapja","publisher":{"@id":"http:\/\/www.hfc1912.hu\/new\/#organization"},"potentialAction":[{"@type":"SearchAction","target":{"@type":"EntryPoint","urlTemplate":"http:\/\/www.hfc1912.hu\/new\/?s={search_term_string}"},"query-input":"required name=search_term_string"}],"inLanguage":"hu"},{"@type":"Organization","@id":"http:\/\/www.hfc1912.hu\/new\/#organization","name":"H\u00f3dmez\u0151v\u00e1s\u00e1rhelyi Futball Club","url":"http:\/\/www.hfc1912.hu\/new\/","sameAs":[],"logo":{"@type":"ImageObject","inLanguage":"hu","@id":"http:\/\/www.hfc1912.hu\/new\/#\/schema\/logo\/image\/","url":"http:\/\/www.hfc1912.hu\/new\/wp-content\/uploads\/2021\/12\/cropped-V\u00e9gleges_c\u00edmer_atlatszo150162.png","contentUrl":"http:\/\/www.hfc1912.hu\/new\/wp-content\/uploads\/2021\/12\/cropped-V\u00e9gleges_c\u00edmer_atlatszo150162.png","width":150,"height":162,"caption":"H\u00f3dmez\u0151v\u00e1s\u00e1rhelyi Futball Club"},"image":{"@id":"http:\/\/www.hfc1912.hu\/new\/#\/schema\/logo\/image\/"}},{"@type":"Person","@id":"http:\/\/www.hfc1912.hu\/new\/#\/schema\/person\/d9c850ccdfe74c0db914609ceae01908","name":"Szeri Csaba","image":{"@type":"ImageObject","inLanguage":"hu","@id":"http:\/\/www.hfc1912.hu\/new\/#\/schema\/person\/image\/","url":"http:\/\/0.gravatar.com\/avatar\/c4151b91cdd9f7d4935223c80fb0c246?s=96&d=mm&r=g","contentUrl":"http:\/\/0.gravatar.com\/avatar\/c4151b91cdd9f7d4935223c80fb0c246?s=96&d=mm&r=g","caption":"Szeri Csaba"},"url":"http:\/\/www.hfc1912.hu\/new\/author\/admin\/"}]}},"_links":{"self":[{"href":"http:\/\/www.hfc1912.hu\/new\/wp-json\/wp\/v2\/posts\/5383"}],"collection":[{"href":"http:\/\/www.hfc1912.hu\/new\/wp-json\/wp\/v2\/posts"}],"about":[{"href":"http:\/\/www.hfc1912.hu\/new\/wp-json\/wp\/v2\/types\/post"}],"author":[{"embeddable":true,"href":"http:\/\/www.hfc1912.hu\/new\/wp-json\/wp\/v2\/users\/1"}],"replies":[{"embeddable":true,"href":"http:\/\/www.hfc1912.hu\/new\/wp-json\/wp\/v2\/comments?post=5383"}],"version-history":[{"count":1,"href":"http:\/\/www.hfc1912.hu\/new\/wp-json\/wp\/v2\/posts\/5383\/revisions"}],"predecessor-version":[{"id":5384,"href":"http:\/\/www.hfc1912.hu\/new\/wp-json\/wp\/v2\/posts\/5383\/revisions\/5384"}],"wp:featuredmedia":[{"embeddable":true,"href":"http:\/\/www.hfc1912.hu\/new\/wp-json\/wp\/v2\/media\/4930"}],"wp:attachment":[{"href":"http:\/\/www.hfc1912.hu\/new\/wp-json\/wp\/v2\/media?parent=5383"}],"wp:term":[{"taxonomy":"category","embeddable":true,"href":"http:\/\/www.hfc1912.hu\/new\/wp-json\/wp\/v2\/categories?post=5383"},{"taxonomy":"post_tag","embeddable":true,"href":"http:\/\/www.hfc1912.hu\/new\/wp-json\/wp\/v2\/tags?post=5383"}],"curies":[{"name":"wp","href":"https:\/\/api.w.org\/{rel}","templated":true}]}}