{"id":6999,"date":"2024-03-18T23:00:00","date_gmt":"2024-03-18T22:00:00","guid":{"rendered":"http:\/\/www.hfc1912.hu\/new\/?p=6999"},"modified":"2024-03-21T21:10:27","modified_gmt":"2024-03-21T20:10:27","slug":"presztizs-merkozesen-nyert-nb-iii-as-csapatunk","status":"publish","type":"post","link":"http:\/\/www.hfc1912.hu\/new\/2024\/03\/18\/presztizs-merkozesen-nyert-nb-iii-as-csapatunk\/","title":{"rendered":"A Szolnoki M\u00c1V FC ellen nyert NB III-as csapatunk."},"content":{"rendered":"\n<p>A 3. percben egy kapura tart\u00f3 szolnoki l\u00f6v\u00e9st Deczki \u00fct\u00f6tt ki. A 6. percben Rabecz v\u00e9gzett el szabadr\u00fag\u00e1st, amib\u0151l Pleszk\u00e1n gur\u00edtott kapura, de Cs\u00e1ki h\u00e1r\u00edtott. A 8. percben K\u00f3pis akart felszabad\u00edtani, \u00e1m labd\u00e1ja a saj\u00e1t kapuja ir\u00e1ny\u00e1ba ment, Cs\u00e1kinak kellett mentenie csapat\u00e1t az \u00f6ng\u00f3lt\u00f3l. A 10. percben Sipos l\u00f6v\u00e9s\u00e9t fogta a vend\u00e9gek kapusa. A 12. percben Rabecz kap\u00e1sl\u00f6v\u00e9s\u00e9t kellett Cs\u00e1kinak v\u00e9denie. A 15. percben Moln\u00e1r l\u0151tt a kapu mell\u00e9. A 19. percben Rabecz v\u00e9gzett el sz\u00f6gletet Sipos pedig remek\u00fcl emelkedett \u00e9s fejelte a h\u00e1l\u00f3ba a labd\u00e1t. A 23. percben egy kontr\u00e1t k\u00f6vet\u0151en Annus l\u0151tt 16 m\u00e9terr\u0151l kapura Deczki pedig v\u00e9dett. A 28. percben egy sz\u00f6glet ut\u00e1n Pleszk\u00e1n fejelt kapuf\u00e1t. A 31. percben Guth \u00c1d\u00e1m eserny\u0151cselt bemutatva hozta mag\u00e1t ziccerbe \u00e9s jobbr\u00f3l l\u0151tt kapura, l\u00f6v\u00e9s\u00e9be Szab\u00f3 m\u00e9g bele\u00e9rt, \u00edgy neki k\u00f6nyvelt\u00e9k el a tal\u00e1latot. A 32. percben Orosz bel\u00e9p\u0151je ut\u00e1n \u00edt\u00e9lt b\u00fcntet\u0151t a Szolnok jav\u00e1ra a j\u00e1t\u00e9kvezet\u0151. Annus \u00e9rt\u00e9kes\u00edtette a tizenegyest. Az 53. percben Iv\u00e1n k\u00f6zeli fejes\u00e9t h\u00e1r\u00edtotta brav\u00farral Deczki. A 60. percben Rabecz l\u00f6v\u00e9s\u00e9t v\u00e9dte Cs\u00e1ki. A 65. percben Borb\u00e1s sz\u00f3l\u00f3ja ut\u00e1n Pleszk\u00e1n p\u00f6rd\u00edtett a kapu mell\u00e9. A 75. percben Z\u00e1mbori gur\u00edtott k\u00f6z\u00e9pre, Rabecz el\u00e9, akinek a l\u00f6v\u00e9s\u00e9t egy szolnoki v\u00e9d\u0151 blokkolta. A 76. percben Rabecz el\u0151tt ad\u00f3dott lehet\u0151s\u00e9g, \u00e1m egy szolnoki j\u00e1t\u00e9kos t\u00f6bb m\u00e9teren kereszt\u00fcl, mez\u00e9n\u00e9l fogva h\u00fazta vissza, majd a tizenhatoson bel\u00fcl r\u00e1ntotta le Rabeczet, a j\u00e1t\u00e9kvezet\u0151 s\u00edpja ez\u00fattal n\u00e9ma maradt. Ekkor Kov\u00e1cs Kriszti\u00e1n egyb\u0151l piros lapot, vezet\u0151edz\u0151nk pedig megkapta els\u0151 s\u00e1rga lapj\u00e1t. A 81. percben Heged\u0171s szerzett labd\u00e1t \u00e9s ugratta ki Rabeczet, aki eld\u00f6nthette volna a tal\u00e1lkoz\u00f3t, viszont Cs\u00e1ki v\u00e9dte k\u00f6zeli l\u00f6v\u00e9s\u00e9t. A 82. percben Mahler kanalazta ki a labd\u00e1t a kapu el\u0151ter\u00e9b\u0151l, majd a l\u00e1b\u00e1ba fejelt bele a vend\u00e9gek egyik j\u00e1t\u00e9kosa. A b\u00edr\u00f3 \u00fajabb b\u00fcntet\u0151t \u00edt\u00e9lt a Szolnoknak. Antal Kriszti\u00e1n az edz\u0151i z\u00f3na elhagy\u00e1s\u00e1\u00e9rt megkapta m\u00e1sodik s\u00e1rga lapos figyelmeztet\u00e9s\u00e9t, ami a p\u00e1lya elhagy\u00e1s\u00e1t eredm\u00e9nyezte. A tizenegyesponthoz Annus \u00e1llt \u00e9s f\u00e9lmagasan jobbra r\u00fagott, Deczki pedig ki\u00fct\u00f6tte a j\u00e1t\u00e9kszert. A 94. percben m\u00e9g egy szolnoki j\u00e1t\u00e9kos fejelhetett k\u00f6zelr\u0151l, de fejese a kapu f\u00f6l\u00e9 ment.<\/p>\n\n\n\n<p>A Szolnok g\u00e1rd\u00e1j\u00e1val mindig preszt\u00edzs m\u00e9rk\u0151z\u00e9seket v\u00edvunk. Az elm\u00falt k\u00e9t \u00e9vben 3 m\u00e9rk\u0151z\u00e9sen nyert csapatunk ellen\u00fck, egyszer pedig d\u00f6ntetlen sz\u00fcletett.\u00a0<\/p>\n\n\n\n<p><strong>H\u00f3dmez\u0151v\u00e1s\u00e1rhelyi FC\u2013Szolnok 2\u20131 (2\u20131).<\/strong><\/p>\n\n\n\n<p><strong>G\u00f3lszerz\u0151: Sipos (21.), Szab\u00f3 (31., \u00f6ng\u00f3l) ill. Annus (33., 11-esb\u0151l).&nbsp;<\/strong><\/p>\n\n\n\n<p><strong>Ki\u00e1ll\u00edtva: Kov\u00e1cs (78.), Antal (83.).<\/strong><\/p>\n\n\n\n<p><br>Labdar\u00fag\u00e1s, NB III. D\u00e9l-keleti csoport 20. fordul\u00f3.<\/p>\n\n\n\n<p>H\u00f3dmez\u0151v\u00e1s\u00e1rhely, V\u00e1rosi Stadion. 400 n\u00e9z\u0151.&nbsp;<\/p>\n\n\n\n<p>Vezette: Sz\u00e1nt\u00f3 Simon P\u00e9ter (Baghy, Vad).<\/p>\n\n\n\n<p><\/p>\n\n\n\n<p><strong>H\u00f3dmez\u0151v\u00e1s\u00e1rhelyi FC:<\/strong><\/p>\n\n\n\n<p>Deczki &#8211; Guth, Moln\u00e1r (T\u00f6r\u00f6k, 61.), Zana, Z\u00e1mbori, D\u00f3ra, Orosz, Sipos, Rabecz V. (K\u00f3nya, 91.), Borb\u00e1s M. (Mahler, 74.), Pleszk\u00e1n (Heged\u0171s, 74.).<\/p>\n\n\n\n<p>Csere: Vaits, Kov\u00e1cs, Rabecz B., T\u00f6r\u00f6k, Borb\u00e1s Zs., Cz\u00e9kus, K\u00f3nya, Heged\u0171s, Mahler.<\/p>\n\n\n\n<p>Edz\u0151: Antal Kriszti\u00e1n.<\/p>\n\n\n\n<p><strong>Szolnoki M\u00c1V FC:&nbsp;<\/strong><\/p>\n\n\n\n<p>Cs\u00e1ki \u2013 Sitku (Barna, 67.), Tisza (Demeter, 85.), Iv\u00e1n M. (Bakti, 88.), Lengyel, Annus, Pelles, D\u00f3sa, Antal G., Szab\u00f3 R., K\u00f3pis.&nbsp;<\/p>\n\n\n\n<p>Edz\u0151: Horv\u00e1th Csaba.<\/p>\n\n\n\n<p><em>Nyilatkozat: Ezt a gy\u0151zelmet 50. sz\u00fclet\u00e9snapja alkalm\u00e1b\u00f3l er\u0151nl\u00e9ti edz\u0151nknek aj\u00e1nljuk. Elk\u00e9peszt\u0151en megdolgoztunk a siker\u00e9rt. Sok nehez\u00edt\u0151 k\u00f6r\u00fclm\u00e9ny volt, a neh\u00e9zs\u00e9gekb\u0151l a csapat \u00e9s a szurkol\u00f3t\u00e1bor egys\u00e9gesen, \u00f6sszefogva j\u00f6tt ki, \u00edgy itthon tartottuk a h\u00e1rom pontot. B\u00edzom benne, hogy ez a k\u00fczdelmes siker sok\u00e1ig vezet benn\u00fcnket.<\/em><\/p>\n\n\n\n<p>Antal Kriszti\u00e1n, vezet\u0151edz\u0151nk csak a Cegl\u00e9d elleni bajnoki m\u00e9rk\u0151z\u00e9st hagyja ki, ugyanis eltilt\u00e1sa csak egy m\u00e9rk\u0151z\u00e9sre sz\u00f3l.<\/p>\n\n\n\n<p>Vas\u00e1rnap ism\u00e9t hazai p\u00e1ly\u00e1n szerepel NB III-as egy\u00fcttes\u00fcnk, ez\u00fattal a tabella utols\u00f3 helyezettj\u00e9t, a Cegl\u00e9di VSE g\u00e1rd\u00e1j\u00e1t l\u00e1tja vend\u00e9g\u00fcl.<\/p>\n","protected":false},"excerpt":{"rendered":"<p>A 3. percben egy kapura tart\u00f3 szolnoki l\u00f6v\u00e9st Deczki \u00fct\u00f6tt ki. A 6. percben Rabecz v\u00e9gzett el szabadr\u00fag\u00e1st, amib\u0151l Pleszk\u00e1n gur\u00edtott kapura, de Cs\u00e1ki h\u00e1r\u00edtott&#8230;.<\/p>\n","protected":false},"author":4,"featured_media":7002,"comment_status":"closed","ping_status":"closed","sticky":false,"template":"","format":"standard","meta":[],"categories":[1],"tags":[],"yoast_head":"<!-- This site is optimized with the Yoast SEO plugin v19.8 - https:\/\/yoast.com\/wordpress\/plugins\/seo\/ -->\n<title>A Szolnoki M\u00c1V FC ellen nyert NB III-as csapatunk. - H\u00f3dmez\u0151v\u00e1s\u00e1rhelyi Futball Club<\/title>\n<meta name=\"robots\" content=\"index, follow, max-snippet:-1, max-image-preview:large, max-video-preview:-1\" \/>\n<link rel=\"canonical\" href=\"http:\/\/www.hfc1912.hu\/new\/2024\/03\/18\/presztizs-merkozesen-nyert-nb-iii-as-csapatunk\/\" \/>\n<meta property=\"og:locale\" content=\"hu_HU\" \/>\n<meta property=\"og:type\" content=\"article\" \/>\n<meta property=\"og:title\" content=\"A Szolnoki M\u00c1V FC ellen nyert NB III-as csapatunk. - H\u00f3dmez\u0151v\u00e1s\u00e1rhelyi Futball Club\" \/>\n<meta property=\"og:description\" content=\"A 3. percben egy kapura tart\u00f3 szolnoki l\u00f6v\u00e9st Deczki \u00fct\u00f6tt ki. A 6. percben Rabecz v\u00e9gzett el szabadr\u00fag\u00e1st, amib\u0151l Pleszk\u00e1n gur\u00edtott kapura, de Cs\u00e1ki h\u00e1r\u00edtott....\" \/>\n<meta property=\"og:url\" content=\"http:\/\/www.hfc1912.hu\/new\/2024\/03\/18\/presztizs-merkozesen-nyert-nb-iii-as-csapatunk\/\" \/>\n<meta property=\"og:site_name\" content=\"H\u00f3dmez\u0151v\u00e1s\u00e1rhelyi Futball Club\" \/>\n<meta property=\"article:published_time\" content=\"2024-03-18T22:00:00+00:00\" \/>\n<meta property=\"article:modified_time\" content=\"2024-03-21T20:10:27+00:00\" \/>\n<meta property=\"og:image\" content=\"http:\/\/www.hfc1912.hu\/new\/wp-content\/uploads\/2024\/03\/431708171_958289072490954_629064001640169570_n.jpg\" \/>\n\t<meta property=\"og:image:width\" content=\"1600\" \/>\n\t<meta property=\"og:image:height\" content=\"700\" \/>\n\t<meta property=\"og:image:type\" content=\"image\/jpeg\" \/>\n<meta name=\"author\" content=\"Fejes Loretta\" \/>\n<meta name=\"twitter:card\" content=\"summary_large_image\" \/>\n<meta name=\"twitter:label1\" content=\"Written by\" \/>\n\t<meta name=\"twitter:data1\" content=\"Fejes Loretta\" \/>\n\t<meta name=\"twitter:label2\" content=\"Est. reading time\" \/>\n\t<meta name=\"twitter:data2\" content=\"3 perc\" \/>\n<script type=\"application\/ld+json\" class=\"yoast-schema-graph\">{\"@context\":\"https:\/\/schema.org\",\"@graph\":[{\"@type\":\"Article\",\"@id\":\"http:\/\/www.hfc1912.hu\/new\/2024\/03\/18\/presztizs-merkozesen-nyert-nb-iii-as-csapatunk\/#article\",\"isPartOf\":{\"@id\":\"http:\/\/www.hfc1912.hu\/new\/2024\/03\/18\/presztizs-merkozesen-nyert-nb-iii-as-csapatunk\/\"},\"author\":{\"name\":\"Fejes Loretta\",\"@id\":\"http:\/\/www.hfc1912.hu\/new\/#\/schema\/person\/05b742beb40ec0a8f805c71953628e65\"},\"headline\":\"A Szolnoki M\u00c1V FC ellen nyert NB III-as csapatunk.\",\"datePublished\":\"2024-03-18T22:00:00+00:00\",\"dateModified\":\"2024-03-21T20:10:27+00:00\",\"mainEntityOfPage\":{\"@id\":\"http:\/\/www.hfc1912.hu\/new\/2024\/03\/18\/presztizs-merkozesen-nyert-nb-iii-as-csapatunk\/\"},\"wordCount\":801,\"publisher\":{\"@id\":\"http:\/\/www.hfc1912.hu\/new\/#organization\"},\"articleSection\":[\"H\u00edreink\"],\"inLanguage\":\"hu\"},{\"@type\":\"WebPage\",\"@id\":\"http:\/\/www.hfc1912.hu\/new\/2024\/03\/18\/presztizs-merkozesen-nyert-nb-iii-as-csapatunk\/\",\"url\":\"http:\/\/www.hfc1912.hu\/new\/2024\/03\/18\/presztizs-merkozesen-nyert-nb-iii-as-csapatunk\/\",\"name\":\"A Szolnoki M\u00c1V FC ellen nyert NB III-as csapatunk. - H\u00f3dmez\u0151v\u00e1s\u00e1rhelyi Futball Club\",\"isPartOf\":{\"@id\":\"http:\/\/www.hfc1912.hu\/new\/#website\"},\"datePublished\":\"2024-03-18T22:00:00+00:00\",\"dateModified\":\"2024-03-21T20:10:27+00:00\",\"breadcrumb\":{\"@id\":\"http:\/\/www.hfc1912.hu\/new\/2024\/03\/18\/presztizs-merkozesen-nyert-nb-iii-as-csapatunk\/#breadcrumb\"},\"inLanguage\":\"hu\",\"potentialAction\":[{\"@type\":\"ReadAction\",\"target\":[\"http:\/\/www.hfc1912.hu\/new\/2024\/03\/18\/presztizs-merkozesen-nyert-nb-iii-as-csapatunk\/\"]}]},{\"@type\":\"BreadcrumbList\",\"@id\":\"http:\/\/www.hfc1912.hu\/new\/2024\/03\/18\/presztizs-merkozesen-nyert-nb-iii-as-csapatunk\/#breadcrumb\",\"itemListElement\":[{\"@type\":\"ListItem\",\"position\":1,\"name\":\"Home\",\"item\":\"http:\/\/www.hfc1912.hu\/new\/\"},{\"@type\":\"ListItem\",\"position\":2,\"name\":\"A Szolnoki M\u00c1V FC ellen nyert NB III-as csapatunk.\"}]},{\"@type\":\"WebSite\",\"@id\":\"http:\/\/www.hfc1912.hu\/new\/#website\",\"url\":\"http:\/\/www.hfc1912.hu\/new\/\",\"name\":\"H\u00f3dmez\u0151v\u00e1s\u00e1rhelyi Futball Club\",\"description\":\"H\u00f3dmez\u0151v\u00e1s\u00e1rhelyi Futball Club hivatalos honlapja\",\"publisher\":{\"@id\":\"http:\/\/www.hfc1912.hu\/new\/#organization\"},\"potentialAction\":[{\"@type\":\"SearchAction\",\"target\":{\"@type\":\"EntryPoint\",\"urlTemplate\":\"http:\/\/www.hfc1912.hu\/new\/?s={search_term_string}\"},\"query-input\":\"required name=search_term_string\"}],\"inLanguage\":\"hu\"},{\"@type\":\"Organization\",\"@id\":\"http:\/\/www.hfc1912.hu\/new\/#organization\",\"name\":\"H\u00f3dmez\u0151v\u00e1s\u00e1rhelyi Futball Club\",\"url\":\"http:\/\/www.hfc1912.hu\/new\/\",\"sameAs\":[],\"logo\":{\"@type\":\"ImageObject\",\"inLanguage\":\"hu\",\"@id\":\"http:\/\/www.hfc1912.hu\/new\/#\/schema\/logo\/image\/\",\"url\":\"http:\/\/www.hfc1912.hu\/new\/wp-content\/uploads\/2021\/12\/cropped-V\u00e9gleges_c\u00edmer_atlatszo150162.png\",\"contentUrl\":\"http:\/\/www.hfc1912.hu\/new\/wp-content\/uploads\/2021\/12\/cropped-V\u00e9gleges_c\u00edmer_atlatszo150162.png\",\"width\":150,\"height\":162,\"caption\":\"H\u00f3dmez\u0151v\u00e1s\u00e1rhelyi Futball Club\"},\"image\":{\"@id\":\"http:\/\/www.hfc1912.hu\/new\/#\/schema\/logo\/image\/\"}},{\"@type\":\"Person\",\"@id\":\"http:\/\/www.hfc1912.hu\/new\/#\/schema\/person\/05b742beb40ec0a8f805c71953628e65\",\"name\":\"Fejes Loretta\",\"image\":{\"@type\":\"ImageObject\",\"inLanguage\":\"hu\",\"@id\":\"http:\/\/www.hfc1912.hu\/new\/#\/schema\/person\/image\/\",\"url\":\"http:\/\/0.gravatar.com\/avatar\/392d3c91f023210838ae5eb949191c81?s=96&d=mm&r=g\",\"contentUrl\":\"http:\/\/0.gravatar.com\/avatar\/392d3c91f023210838ae5eb949191c81?s=96&d=mm&r=g\",\"caption\":\"Fejes Loretta\"},\"url\":\"http:\/\/www.hfc1912.hu\/new\/author\/lori\/\"}]}<\/script>\n<!-- \/ Yoast SEO plugin. -->","yoast_head_json":{"title":"A Szolnoki M\u00c1V FC ellen nyert NB III-as csapatunk. - H\u00f3dmez\u0151v\u00e1s\u00e1rhelyi Futball Club","robots":{"index":"index","follow":"follow","max-snippet":"max-snippet:-1","max-image-preview":"max-image-preview:large","max-video-preview":"max-video-preview:-1"},"canonical":"http:\/\/www.hfc1912.hu\/new\/2024\/03\/18\/presztizs-merkozesen-nyert-nb-iii-as-csapatunk\/","og_locale":"hu_HU","og_type":"article","og_title":"A Szolnoki M\u00c1V FC ellen nyert NB III-as csapatunk. - H\u00f3dmez\u0151v\u00e1s\u00e1rhelyi Futball Club","og_description":"A 3. percben egy kapura tart\u00f3 szolnoki l\u00f6v\u00e9st Deczki \u00fct\u00f6tt ki. A 6. percben Rabecz v\u00e9gzett el szabadr\u00fag\u00e1st, amib\u0151l Pleszk\u00e1n gur\u00edtott kapura, de Cs\u00e1ki h\u00e1r\u00edtott....","og_url":"http:\/\/www.hfc1912.hu\/new\/2024\/03\/18\/presztizs-merkozesen-nyert-nb-iii-as-csapatunk\/","og_site_name":"H\u00f3dmez\u0151v\u00e1s\u00e1rhelyi Futball Club","article_published_time":"2024-03-18T22:00:00+00:00","article_modified_time":"2024-03-21T20:10:27+00:00","og_image":[{"width":1600,"height":700,"url":"http:\/\/www.hfc1912.hu\/new\/wp-content\/uploads\/2024\/03\/431708171_958289072490954_629064001640169570_n.jpg","type":"image\/jpeg"}],"author":"Fejes Loretta","twitter_card":"summary_large_image","twitter_misc":{"Written by":"Fejes Loretta","Est. reading time":"3 perc"},"schema":{"@context":"https:\/\/schema.org","@graph":[{"@type":"Article","@id":"http:\/\/www.hfc1912.hu\/new\/2024\/03\/18\/presztizs-merkozesen-nyert-nb-iii-as-csapatunk\/#article","isPartOf":{"@id":"http:\/\/www.hfc1912.hu\/new\/2024\/03\/18\/presztizs-merkozesen-nyert-nb-iii-as-csapatunk\/"},"author":{"name":"Fejes Loretta","@id":"http:\/\/www.hfc1912.hu\/new\/#\/schema\/person\/05b742beb40ec0a8f805c71953628e65"},"headline":"A Szolnoki M\u00c1V FC ellen nyert NB III-as csapatunk.","datePublished":"2024-03-18T22:00:00+00:00","dateModified":"2024-03-21T20:10:27+00:00","mainEntityOfPage":{"@id":"http:\/\/www.hfc1912.hu\/new\/2024\/03\/18\/presztizs-merkozesen-nyert-nb-iii-as-csapatunk\/"},"wordCount":801,"publisher":{"@id":"http:\/\/www.hfc1912.hu\/new\/#organization"},"articleSection":["H\u00edreink"],"inLanguage":"hu"},{"@type":"WebPage","@id":"http:\/\/www.hfc1912.hu\/new\/2024\/03\/18\/presztizs-merkozesen-nyert-nb-iii-as-csapatunk\/","url":"http:\/\/www.hfc1912.hu\/new\/2024\/03\/18\/presztizs-merkozesen-nyert-nb-iii-as-csapatunk\/","name":"A Szolnoki M\u00c1V FC ellen nyert NB III-as csapatunk. - H\u00f3dmez\u0151v\u00e1s\u00e1rhelyi Futball Club","isPartOf":{"@id":"http:\/\/www.hfc1912.hu\/new\/#website"},"datePublished":"2024-03-18T22:00:00+00:00","dateModified":"2024-03-21T20:10:27+00:00","breadcrumb":{"@id":"http:\/\/www.hfc1912.hu\/new\/2024\/03\/18\/presztizs-merkozesen-nyert-nb-iii-as-csapatunk\/#breadcrumb"},"inLanguage":"hu","potentialAction":[{"@type":"ReadAction","target":["http:\/\/www.hfc1912.hu\/new\/2024\/03\/18\/presztizs-merkozesen-nyert-nb-iii-as-csapatunk\/"]}]},{"@type":"BreadcrumbList","@id":"http:\/\/www.hfc1912.hu\/new\/2024\/03\/18\/presztizs-merkozesen-nyert-nb-iii-as-csapatunk\/#breadcrumb","itemListElement":[{"@type":"ListItem","position":1,"name":"Home","item":"http:\/\/www.hfc1912.hu\/new\/"},{"@type":"ListItem","position":2,"name":"A Szolnoki M\u00c1V FC ellen nyert NB III-as csapatunk."}]},{"@type":"WebSite","@id":"http:\/\/www.hfc1912.hu\/new\/#website","url":"http:\/\/www.hfc1912.hu\/new\/","name":"H\u00f3dmez\u0151v\u00e1s\u00e1rhelyi Futball Club","description":"H\u00f3dmez\u0151v\u00e1s\u00e1rhelyi Futball Club hivatalos honlapja","publisher":{"@id":"http:\/\/www.hfc1912.hu\/new\/#organization"},"potentialAction":[{"@type":"SearchAction","target":{"@type":"EntryPoint","urlTemplate":"http:\/\/www.hfc1912.hu\/new\/?s={search_term_string}"},"query-input":"required name=search_term_string"}],"inLanguage":"hu"},{"@type":"Organization","@id":"http:\/\/www.hfc1912.hu\/new\/#organization","name":"H\u00f3dmez\u0151v\u00e1s\u00e1rhelyi Futball Club","url":"http:\/\/www.hfc1912.hu\/new\/","sameAs":[],"logo":{"@type":"ImageObject","inLanguage":"hu","@id":"http:\/\/www.hfc1912.hu\/new\/#\/schema\/logo\/image\/","url":"http:\/\/www.hfc1912.hu\/new\/wp-content\/uploads\/2021\/12\/cropped-V\u00e9gleges_c\u00edmer_atlatszo150162.png","contentUrl":"http:\/\/www.hfc1912.hu\/new\/wp-content\/uploads\/2021\/12\/cropped-V\u00e9gleges_c\u00edmer_atlatszo150162.png","width":150,"height":162,"caption":"H\u00f3dmez\u0151v\u00e1s\u00e1rhelyi Futball Club"},"image":{"@id":"http:\/\/www.hfc1912.hu\/new\/#\/schema\/logo\/image\/"}},{"@type":"Person","@id":"http:\/\/www.hfc1912.hu\/new\/#\/schema\/person\/05b742beb40ec0a8f805c71953628e65","name":"Fejes Loretta","image":{"@type":"ImageObject","inLanguage":"hu","@id":"http:\/\/www.hfc1912.hu\/new\/#\/schema\/person\/image\/","url":"http:\/\/0.gravatar.com\/avatar\/392d3c91f023210838ae5eb949191c81?s=96&d=mm&r=g","contentUrl":"http:\/\/0.gravatar.com\/avatar\/392d3c91f023210838ae5eb949191c81?s=96&d=mm&r=g","caption":"Fejes Loretta"},"url":"http:\/\/www.hfc1912.hu\/new\/author\/lori\/"}]}},"_links":{"self":[{"href":"http:\/\/www.hfc1912.hu\/new\/wp-json\/wp\/v2\/posts\/6999"}],"collection":[{"href":"http:\/\/www.hfc1912.hu\/new\/wp-json\/wp\/v2\/posts"}],"about":[{"href":"http:\/\/www.hfc1912.hu\/new\/wp-json\/wp\/v2\/types\/post"}],"author":[{"embeddable":true,"href":"http:\/\/www.hfc1912.hu\/new\/wp-json\/wp\/v2\/users\/4"}],"replies":[{"embeddable":true,"href":"http:\/\/www.hfc1912.hu\/new\/wp-json\/wp\/v2\/comments?post=6999"}],"version-history":[{"count":5,"href":"http:\/\/www.hfc1912.hu\/new\/wp-json\/wp\/v2\/posts\/6999\/revisions"}],"predecessor-version":[{"id":7009,"href":"http:\/\/www.hfc1912.hu\/new\/wp-json\/wp\/v2\/posts\/6999\/revisions\/7009"}],"wp:featuredmedia":[{"embeddable":true,"href":"http:\/\/www.hfc1912.hu\/new\/wp-json\/wp\/v2\/media\/7002"}],"wp:attachment":[{"href":"http:\/\/www.hfc1912.hu\/new\/wp-json\/wp\/v2\/media?parent=6999"}],"wp:term":[{"taxonomy":"category","embeddable":true,"href":"http:\/\/www.hfc1912.hu\/new\/wp-json\/wp\/v2\/categories?post=6999"},{"taxonomy":"post_tag","embeddable":true,"href":"http:\/\/www.hfc1912.hu\/new\/wp-json\/wp\/v2\/tags?post=6999"}],"curies":[{"name":"wp","href":"https:\/\/api.w.org\/{rel}","templated":true}]}}