{"id":7367,"date":"2024-06-29T13:18:00","date_gmt":"2024-06-29T12:18:00","guid":{"rendered":"http:\/\/www.hfc1912.hu\/new\/?p=7367"},"modified":"2024-06-29T16:19:14","modified_gmt":"2024-06-29T15:19:14","slug":"elkeszult-a-felkeszulesi-program","status":"publish","type":"post","link":"http:\/\/www.hfc1912.hu\/new\/2024\/06\/29\/elkeszult-a-felkeszulesi-program\/","title":{"rendered":"Elk\u00e9sz\u00fclt a felk\u00e9sz\u00fcl\u00e9si program"},"content":{"rendered":"\n<h2>Felk\u00e9sz\u00fcl\u00e9si m\u00e9rk\u0151z\u00e9sek:<\/h2>\n\n\n\n<p><strong>szombat 10 \u00f3ra:&nbsp;<\/strong>Szeged-Csan\u00e1d Grosics Akad\u00e9mia \u2013 H\u00f3dmez\u0151v\u00e1s\u00e1rhelyi FC (<strong>helysz\u00edn:&nbsp;<\/strong>Szeged, Szent Gell\u00e9rt F\u00f3rum)<\/p>\n\n\n\n<p><strong>J\u00falius 3., szerda, 18 \u00f3ra:&nbsp;<\/strong>Kecskem\u00e9ti TE II. \u2013 HFC (<strong>helysz\u00edn:<\/strong>&nbsp;Kecskem\u00e9t)<\/p>\n\n\n\n<p><strong>J\u00falius 6., szombat, 11 \u00f3ra:&nbsp;<\/strong>Martf\u0171i LSE \u2013 HFC (<strong>helysz\u00edn:&nbsp;<\/strong>Martf\u0171)<\/p>\n\n\n\n<p><strong>J\u00falius 10., szerda, 18 \u00f3ra:&nbsp;<\/strong>Szegedi VSE \u2013 HFC (<strong>helysz\u00edn:&nbsp;<\/strong>Szeged, SZVSE-stadion)<\/p>\n\n\n\n<p><strong>J\u00falius 13., szombat, 11 \u00f3ra:&nbsp;<\/strong>UTE II. \u2013 HFC (<strong>helysz\u00edn:&nbsp;<\/strong>Budapest)<\/p>\n\n\n\n<p><strong>J\u00falius 17., szerda, 18 \u00f3ra:&nbsp;<\/strong>Szeged-Csan\u00e1d Grosics Akad\u00e9mia II. \u2013 HFC (<strong>helysz\u00edn:<\/strong>&nbsp;Szeged, Szent Gell\u00e9rt F\u00f3rum)<\/p>\n\n\n\n<p><strong>J\u00falius 20., szombat, 10 \u00f3ra:<\/strong>&nbsp;Tiszasziget \u2013 HFC&nbsp;<strong>(helysz\u00edn:<\/strong>&nbsp;Tiszasziget)<\/p>\n\n\n\n<figure class=\"wp-container-2 wp-block-gallery-1 wp-block-gallery has-nested-images columns-default is-cropped\">\n<figure class=\"wp-block-image size-large\"><img loading=\"lazy\" width=\"819\" height=\"1024\" data-id=\"7368\"  src=\"http:\/\/www.hfc1912.hu\/new\/wp-content\/uploads\/2024\/06\/Felkeszulesi-Program-819x1024.png\" alt=\"\" class=\"wp-image-7368\" srcset=\"http:\/\/www.hfc1912.hu\/new\/wp-content\/uploads\/2024\/06\/Felkeszulesi-Program-819x1024.png 819w, http:\/\/www.hfc1912.hu\/new\/wp-content\/uploads\/2024\/06\/Felkeszulesi-Program-240x300.png 240w, http:\/\/www.hfc1912.hu\/new\/wp-content\/uploads\/2024\/06\/Felkeszulesi-Program-768x960.png 768w, http:\/\/www.hfc1912.hu\/new\/wp-content\/uploads\/2024\/06\/Felkeszulesi-Program-102x128.png 102w, http:\/\/www.hfc1912.hu\/new\/wp-content\/uploads\/2024\/06\/Felkeszulesi-Program-26x32.png 26w, http:\/\/www.hfc1912.hu\/new\/wp-content\/uploads\/2024\/06\/Felkeszulesi-Program.png 1080w\" sizes=\"(max-width: 819px) 100vw, 819px\" \/><\/figure>\n<\/figure>\n","protected":false},"excerpt":{"rendered":"<p>Felk\u00e9sz\u00fcl\u00e9si m\u00e9rk\u0151z\u00e9sek: szombat 10 \u00f3ra:&nbsp;Szeged-Csan\u00e1d Grosics Akad\u00e9mia \u2013 H\u00f3dmez\u0151v\u00e1s\u00e1rhelyi FC (helysz\u00edn:&nbsp;Szeged, Szent Gell\u00e9rt F\u00f3rum) J\u00falius 3., szerda, 18 \u00f3ra:&nbsp;Kecskem\u00e9ti TE II. \u2013 HFC (helysz\u00edn:&nbsp;Kecskem\u00e9t) J\u00falius&#8230;<\/p>\n","protected":false},"author":4,"featured_media":7365,"comment_status":"closed","ping_status":"closed","sticky":false,"template":"","format":"standard","meta":[],"categories":[1],"tags":[],"yoast_head":"<!-- This site is optimized with the Yoast SEO plugin v19.8 - https:\/\/yoast.com\/wordpress\/plugins\/seo\/ -->\n<title>Elk\u00e9sz\u00fclt a felk\u00e9sz\u00fcl\u00e9si program - H\u00f3dmez\u0151v\u00e1s\u00e1rhelyi Futball Club<\/title>\n<meta name=\"robots\" content=\"index, follow, max-snippet:-1, max-image-preview:large, max-video-preview:-1\" \/>\n<link rel=\"canonical\" href=\"http:\/\/www.hfc1912.hu\/new\/2024\/06\/29\/elkeszult-a-felkeszulesi-program\/\" \/>\n<meta property=\"og:locale\" content=\"hu_HU\" \/>\n<meta property=\"og:type\" content=\"article\" \/>\n<meta property=\"og:title\" content=\"Elk\u00e9sz\u00fclt a felk\u00e9sz\u00fcl\u00e9si program - H\u00f3dmez\u0151v\u00e1s\u00e1rhelyi Futball Club\" \/>\n<meta property=\"og:description\" content=\"Felk\u00e9sz\u00fcl\u00e9si m\u00e9rk\u0151z\u00e9sek: szombat 10 \u00f3ra:&nbsp;Szeged-Csan\u00e1d Grosics Akad\u00e9mia \u2013 H\u00f3dmez\u0151v\u00e1s\u00e1rhelyi FC (helysz\u00edn:&nbsp;Szeged, Szent Gell\u00e9rt F\u00f3rum) J\u00falius 3., szerda, 18 \u00f3ra:&nbsp;Kecskem\u00e9ti TE II. \u2013 HFC (helysz\u00edn:&nbsp;Kecskem\u00e9t) J\u00falius...\" \/>\n<meta property=\"og:url\" content=\"http:\/\/www.hfc1912.hu\/new\/2024\/06\/29\/elkeszult-a-felkeszulesi-program\/\" \/>\n<meta property=\"og:site_name\" content=\"H\u00f3dmez\u0151v\u00e1s\u00e1rhelyi Futball Club\" \/>\n<meta property=\"article:published_time\" content=\"2024-06-29T12:18:00+00:00\" \/>\n<meta property=\"article:modified_time\" content=\"2024-06-29T15:19:14+00:00\" \/>\n<meta property=\"og:image\" content=\"http:\/\/www.hfc1912.hu\/new\/wp-content\/uploads\/2024\/06\/449189426_1006762644786136_5046775776620018957_n.jpg\" \/>\n\t<meta property=\"og:image:width\" content=\"2048\" \/>\n\t<meta property=\"og:image:height\" content=\"1362\" \/>\n\t<meta property=\"og:image:type\" content=\"image\/jpeg\" \/>\n<meta name=\"author\" content=\"Fejes Loretta\" \/>\n<meta name=\"twitter:card\" content=\"summary_large_image\" \/>\n<meta name=\"twitter:label1\" content=\"Written by\" \/>\n\t<meta name=\"twitter:data1\" content=\"Fejes Loretta\" \/>\n\t<meta name=\"twitter:label2\" content=\"Est. reading time\" \/>\n\t<meta name=\"twitter:data2\" content=\"1 perc\" \/>\n<script type=\"application\/ld+json\" class=\"yoast-schema-graph\">{\"@context\":\"https:\/\/schema.org\",\"@graph\":[{\"@type\":\"Article\",\"@id\":\"http:\/\/www.hfc1912.hu\/new\/2024\/06\/29\/elkeszult-a-felkeszulesi-program\/#article\",\"isPartOf\":{\"@id\":\"http:\/\/www.hfc1912.hu\/new\/2024\/06\/29\/elkeszult-a-felkeszulesi-program\/\"},\"author\":{\"name\":\"Fejes Loretta\",\"@id\":\"http:\/\/www.hfc1912.hu\/new\/#\/schema\/person\/05b742beb40ec0a8f805c71953628e65\"},\"headline\":\"Elk\u00e9sz\u00fclt a felk\u00e9sz\u00fcl\u00e9si program\",\"datePublished\":\"2024-06-29T12:18:00+00:00\",\"dateModified\":\"2024-06-29T15:19:14+00:00\",\"mainEntityOfPage\":{\"@id\":\"http:\/\/www.hfc1912.hu\/new\/2024\/06\/29\/elkeszult-a-felkeszulesi-program\/\"},\"wordCount\":126,\"publisher\":{\"@id\":\"http:\/\/www.hfc1912.hu\/new\/#organization\"},\"articleSection\":[\"H\u00edreink\"],\"inLanguage\":\"hu\"},{\"@type\":\"WebPage\",\"@id\":\"http:\/\/www.hfc1912.hu\/new\/2024\/06\/29\/elkeszult-a-felkeszulesi-program\/\",\"url\":\"http:\/\/www.hfc1912.hu\/new\/2024\/06\/29\/elkeszult-a-felkeszulesi-program\/\",\"name\":\"Elk\u00e9sz\u00fclt a felk\u00e9sz\u00fcl\u00e9si program - H\u00f3dmez\u0151v\u00e1s\u00e1rhelyi Futball Club\",\"isPartOf\":{\"@id\":\"http:\/\/www.hfc1912.hu\/new\/#website\"},\"datePublished\":\"2024-06-29T12:18:00+00:00\",\"dateModified\":\"2024-06-29T15:19:14+00:00\",\"breadcrumb\":{\"@id\":\"http:\/\/www.hfc1912.hu\/new\/2024\/06\/29\/elkeszult-a-felkeszulesi-program\/#breadcrumb\"},\"inLanguage\":\"hu\",\"potentialAction\":[{\"@type\":\"ReadAction\",\"target\":[\"http:\/\/www.hfc1912.hu\/new\/2024\/06\/29\/elkeszult-a-felkeszulesi-program\/\"]}]},{\"@type\":\"BreadcrumbList\",\"@id\":\"http:\/\/www.hfc1912.hu\/new\/2024\/06\/29\/elkeszult-a-felkeszulesi-program\/#breadcrumb\",\"itemListElement\":[{\"@type\":\"ListItem\",\"position\":1,\"name\":\"Home\",\"item\":\"http:\/\/www.hfc1912.hu\/new\/\"},{\"@type\":\"ListItem\",\"position\":2,\"name\":\"Elk\u00e9sz\u00fclt a felk\u00e9sz\u00fcl\u00e9si program\"}]},{\"@type\":\"WebSite\",\"@id\":\"http:\/\/www.hfc1912.hu\/new\/#website\",\"url\":\"http:\/\/www.hfc1912.hu\/new\/\",\"name\":\"H\u00f3dmez\u0151v\u00e1s\u00e1rhelyi Futball Club\",\"description\":\"H\u00f3dmez\u0151v\u00e1s\u00e1rhelyi Futball Club hivatalos honlapja\",\"publisher\":{\"@id\":\"http:\/\/www.hfc1912.hu\/new\/#organization\"},\"potentialAction\":[{\"@type\":\"SearchAction\",\"target\":{\"@type\":\"EntryPoint\",\"urlTemplate\":\"http:\/\/www.hfc1912.hu\/new\/?s={search_term_string}\"},\"query-input\":\"required name=search_term_string\"}],\"inLanguage\":\"hu\"},{\"@type\":\"Organization\",\"@id\":\"http:\/\/www.hfc1912.hu\/new\/#organization\",\"name\":\"H\u00f3dmez\u0151v\u00e1s\u00e1rhelyi Futball Club\",\"url\":\"http:\/\/www.hfc1912.hu\/new\/\",\"sameAs\":[],\"logo\":{\"@type\":\"ImageObject\",\"inLanguage\":\"hu\",\"@id\":\"http:\/\/www.hfc1912.hu\/new\/#\/schema\/logo\/image\/\",\"url\":\"http:\/\/www.hfc1912.hu\/new\/wp-content\/uploads\/2021\/12\/cropped-V\u00e9gleges_c\u00edmer_atlatszo150162.png\",\"contentUrl\":\"http:\/\/www.hfc1912.hu\/new\/wp-content\/uploads\/2021\/12\/cropped-V\u00e9gleges_c\u00edmer_atlatszo150162.png\",\"width\":150,\"height\":162,\"caption\":\"H\u00f3dmez\u0151v\u00e1s\u00e1rhelyi Futball Club\"},\"image\":{\"@id\":\"http:\/\/www.hfc1912.hu\/new\/#\/schema\/logo\/image\/\"}},{\"@type\":\"Person\",\"@id\":\"http:\/\/www.hfc1912.hu\/new\/#\/schema\/person\/05b742beb40ec0a8f805c71953628e65\",\"name\":\"Fejes Loretta\",\"image\":{\"@type\":\"ImageObject\",\"inLanguage\":\"hu\",\"@id\":\"http:\/\/www.hfc1912.hu\/new\/#\/schema\/person\/image\/\",\"url\":\"http:\/\/0.gravatar.com\/avatar\/392d3c91f023210838ae5eb949191c81?s=96&d=mm&r=g\",\"contentUrl\":\"http:\/\/0.gravatar.com\/avatar\/392d3c91f023210838ae5eb949191c81?s=96&d=mm&r=g\",\"caption\":\"Fejes Loretta\"},\"url\":\"http:\/\/www.hfc1912.hu\/new\/author\/lori\/\"}]}<\/script>\n<!-- \/ Yoast SEO plugin. -->","yoast_head_json":{"title":"Elk\u00e9sz\u00fclt a felk\u00e9sz\u00fcl\u00e9si program - H\u00f3dmez\u0151v\u00e1s\u00e1rhelyi Futball Club","robots":{"index":"index","follow":"follow","max-snippet":"max-snippet:-1","max-image-preview":"max-image-preview:large","max-video-preview":"max-video-preview:-1"},"canonical":"http:\/\/www.hfc1912.hu\/new\/2024\/06\/29\/elkeszult-a-felkeszulesi-program\/","og_locale":"hu_HU","og_type":"article","og_title":"Elk\u00e9sz\u00fclt a felk\u00e9sz\u00fcl\u00e9si program - H\u00f3dmez\u0151v\u00e1s\u00e1rhelyi Futball Club","og_description":"Felk\u00e9sz\u00fcl\u00e9si m\u00e9rk\u0151z\u00e9sek: szombat 10 \u00f3ra:&nbsp;Szeged-Csan\u00e1d Grosics Akad\u00e9mia \u2013 H\u00f3dmez\u0151v\u00e1s\u00e1rhelyi FC (helysz\u00edn:&nbsp;Szeged, Szent Gell\u00e9rt F\u00f3rum) J\u00falius 3., szerda, 18 \u00f3ra:&nbsp;Kecskem\u00e9ti TE II. \u2013 HFC (helysz\u00edn:&nbsp;Kecskem\u00e9t) J\u00falius...","og_url":"http:\/\/www.hfc1912.hu\/new\/2024\/06\/29\/elkeszult-a-felkeszulesi-program\/","og_site_name":"H\u00f3dmez\u0151v\u00e1s\u00e1rhelyi Futball Club","article_published_time":"2024-06-29T12:18:00+00:00","article_modified_time":"2024-06-29T15:19:14+00:00","og_image":[{"width":2048,"height":1362,"url":"http:\/\/www.hfc1912.hu\/new\/wp-content\/uploads\/2024\/06\/449189426_1006762644786136_5046775776620018957_n.jpg","type":"image\/jpeg"}],"author":"Fejes Loretta","twitter_card":"summary_large_image","twitter_misc":{"Written by":"Fejes Loretta","Est. reading time":"1 perc"},"schema":{"@context":"https:\/\/schema.org","@graph":[{"@type":"Article","@id":"http:\/\/www.hfc1912.hu\/new\/2024\/06\/29\/elkeszult-a-felkeszulesi-program\/#article","isPartOf":{"@id":"http:\/\/www.hfc1912.hu\/new\/2024\/06\/29\/elkeszult-a-felkeszulesi-program\/"},"author":{"name":"Fejes Loretta","@id":"http:\/\/www.hfc1912.hu\/new\/#\/schema\/person\/05b742beb40ec0a8f805c71953628e65"},"headline":"Elk\u00e9sz\u00fclt a felk\u00e9sz\u00fcl\u00e9si program","datePublished":"2024-06-29T12:18:00+00:00","dateModified":"2024-06-29T15:19:14+00:00","mainEntityOfPage":{"@id":"http:\/\/www.hfc1912.hu\/new\/2024\/06\/29\/elkeszult-a-felkeszulesi-program\/"},"wordCount":126,"publisher":{"@id":"http:\/\/www.hfc1912.hu\/new\/#organization"},"articleSection":["H\u00edreink"],"inLanguage":"hu"},{"@type":"WebPage","@id":"http:\/\/www.hfc1912.hu\/new\/2024\/06\/29\/elkeszult-a-felkeszulesi-program\/","url":"http:\/\/www.hfc1912.hu\/new\/2024\/06\/29\/elkeszult-a-felkeszulesi-program\/","name":"Elk\u00e9sz\u00fclt a felk\u00e9sz\u00fcl\u00e9si program - H\u00f3dmez\u0151v\u00e1s\u00e1rhelyi Futball Club","isPartOf":{"@id":"http:\/\/www.hfc1912.hu\/new\/#website"},"datePublished":"2024-06-29T12:18:00+00:00","dateModified":"2024-06-29T15:19:14+00:00","breadcrumb":{"@id":"http:\/\/www.hfc1912.hu\/new\/2024\/06\/29\/elkeszult-a-felkeszulesi-program\/#breadcrumb"},"inLanguage":"hu","potentialAction":[{"@type":"ReadAction","target":["http:\/\/www.hfc1912.hu\/new\/2024\/06\/29\/elkeszult-a-felkeszulesi-program\/"]}]},{"@type":"BreadcrumbList","@id":"http:\/\/www.hfc1912.hu\/new\/2024\/06\/29\/elkeszult-a-felkeszulesi-program\/#breadcrumb","itemListElement":[{"@type":"ListItem","position":1,"name":"Home","item":"http:\/\/www.hfc1912.hu\/new\/"},{"@type":"ListItem","position":2,"name":"Elk\u00e9sz\u00fclt a felk\u00e9sz\u00fcl\u00e9si program"}]},{"@type":"WebSite","@id":"http:\/\/www.hfc1912.hu\/new\/#website","url":"http:\/\/www.hfc1912.hu\/new\/","name":"H\u00f3dmez\u0151v\u00e1s\u00e1rhelyi Futball Club","description":"H\u00f3dmez\u0151v\u00e1s\u00e1rhelyi Futball Club hivatalos honlapja","publisher":{"@id":"http:\/\/www.hfc1912.hu\/new\/#organization"},"potentialAction":[{"@type":"SearchAction","target":{"@type":"EntryPoint","urlTemplate":"http:\/\/www.hfc1912.hu\/new\/?s={search_term_string}"},"query-input":"required name=search_term_string"}],"inLanguage":"hu"},{"@type":"Organization","@id":"http:\/\/www.hfc1912.hu\/new\/#organization","name":"H\u00f3dmez\u0151v\u00e1s\u00e1rhelyi Futball Club","url":"http:\/\/www.hfc1912.hu\/new\/","sameAs":[],"logo":{"@type":"ImageObject","inLanguage":"hu","@id":"http:\/\/www.hfc1912.hu\/new\/#\/schema\/logo\/image\/","url":"http:\/\/www.hfc1912.hu\/new\/wp-content\/uploads\/2021\/12\/cropped-V\u00e9gleges_c\u00edmer_atlatszo150162.png","contentUrl":"http:\/\/www.hfc1912.hu\/new\/wp-content\/uploads\/2021\/12\/cropped-V\u00e9gleges_c\u00edmer_atlatszo150162.png","width":150,"height":162,"caption":"H\u00f3dmez\u0151v\u00e1s\u00e1rhelyi Futball Club"},"image":{"@id":"http:\/\/www.hfc1912.hu\/new\/#\/schema\/logo\/image\/"}},{"@type":"Person","@id":"http:\/\/www.hfc1912.hu\/new\/#\/schema\/person\/05b742beb40ec0a8f805c71953628e65","name":"Fejes Loretta","image":{"@type":"ImageObject","inLanguage":"hu","@id":"http:\/\/www.hfc1912.hu\/new\/#\/schema\/person\/image\/","url":"http:\/\/0.gravatar.com\/avatar\/392d3c91f023210838ae5eb949191c81?s=96&d=mm&r=g","contentUrl":"http:\/\/0.gravatar.com\/avatar\/392d3c91f023210838ae5eb949191c81?s=96&d=mm&r=g","caption":"Fejes Loretta"},"url":"http:\/\/www.hfc1912.hu\/new\/author\/lori\/"}]}},"_links":{"self":[{"href":"http:\/\/www.hfc1912.hu\/new\/wp-json\/wp\/v2\/posts\/7367"}],"collection":[{"href":"http:\/\/www.hfc1912.hu\/new\/wp-json\/wp\/v2\/posts"}],"about":[{"href":"http:\/\/www.hfc1912.hu\/new\/wp-json\/wp\/v2\/types\/post"}],"author":[{"embeddable":true,"href":"http:\/\/www.hfc1912.hu\/new\/wp-json\/wp\/v2\/users\/4"}],"replies":[{"embeddable":true,"href":"http:\/\/www.hfc1912.hu\/new\/wp-json\/wp\/v2\/comments?post=7367"}],"version-history":[{"count":2,"href":"http:\/\/www.hfc1912.hu\/new\/wp-json\/wp\/v2\/posts\/7367\/revisions"}],"predecessor-version":[{"id":7370,"href":"http:\/\/www.hfc1912.hu\/new\/wp-json\/wp\/v2\/posts\/7367\/revisions\/7370"}],"wp:featuredmedia":[{"embeddable":true,"href":"http:\/\/www.hfc1912.hu\/new\/wp-json\/wp\/v2\/media\/7365"}],"wp:attachment":[{"href":"http:\/\/www.hfc1912.hu\/new\/wp-json\/wp\/v2\/media?parent=7367"}],"wp:term":[{"taxonomy":"category","embeddable":true,"href":"http:\/\/www.hfc1912.hu\/new\/wp-json\/wp\/v2\/categories?post=7367"},{"taxonomy":"post_tag","embeddable":true,"href":"http:\/\/www.hfc1912.hu\/new\/wp-json\/wp\/v2\/tags?post=7367"}],"curies":[{"name":"wp","href":"https:\/\/api.w.org\/{rel}","templated":true}]}}