{"id":7548,"date":"2024-09-02T16:24:00","date_gmt":"2024-09-02T15:24:00","guid":{"rendered":"http:\/\/www.hfc1912.hu\/new\/?p=7548"},"modified":"2024-09-04T16:24:54","modified_gmt":"2024-09-04T15:24:54","slug":"vereseget-szenvedett-masodik-csapatunk","status":"publish","type":"post","link":"http:\/\/www.hfc1912.hu\/new\/2024\/09\/02\/vereseget-szenvedett-masodik-csapatunk\/","title":{"rendered":"veres\u00e9get szenvedett m\u00e1sodik csapatunk."},"content":{"rendered":"\n<p><strong>H\u00f3dmez\u0151v\u00e1s\u00e1rhelyi FC II.\u2013DB Futball Bord\u00e1ny 1\u20133 (1-1)<\/strong>.<\/p>\n\n\n\n<p><strong>G\u00f3lszerz\u0151k:<\/strong>&nbsp;K\u00f3nya (29.), ill. Kov\u00e1cs P. (44.), R\u00e1cz M. (64., 73.).<\/p>\n\n\n\n<p>Csongr\u00e1d-Csan\u00e1d V\u00e1rmegyei I. oszt\u00e1ly 3. fordul\u00f3.<\/p>\n\n\n\n<p>H\u00f3dmez\u0151v\u00e1s\u00e1rhely, H\u00f3dmez\u0151v\u00e1s\u00e1rhelyi V\u00e1rosi Stadion, 80 n\u00e9z\u0151.<\/p>\n\n\n\n<p>Vezette: Pacz\u00e9r Bal\u00e1zs (Pap Zs., Tihanyi).<\/p>\n\n\n\n<p><strong>HFC II.:&nbsp;<\/strong><\/p>\n\n\n\n<p>Hegyes (Jand\u00f3, 56.) \u2013 Pacsk\u00f3, P\u00e9ter, P\u00e1link\u00e1s, Buz\u00e1s (Marton, 46.), Arany, Hajduk (Barna, 56.), Herczeg, K\u00f3nya (T\u00f3th M., 72.), Mahler (Knapecz, 56.), Kis.<strong>&nbsp;<\/strong><\/p>\n\n\n\n<p><strong>Edz\u0151:&nbsp;<\/strong>Borb\u00e1s Zsolt.&nbsp;<\/p>\n\n\n\n<p><strong>Bord\u00e1ny:&nbsp;<\/strong><\/p>\n\n\n\n<p>Rabi \u2013 Forg\u00f3, M\u00e1rki (Meszes, 83.), Kov\u00e1cs P., Visnyei (Krizs, 88.), Kar\u00e1csonyi (S\u00e1rk\u00e1ny, 56.), R\u00e1cz M., Sahin-T\u00f3th (M\u00e1rton, 56.), Kis L., J\u00f3j\u00e1rt (Dobi, 46.), Lippai.&nbsp;<\/p>\n\n\n\n<p><strong>Edz\u0151:&nbsp;<\/strong>Nagy Torma Rics\u00e1rd.<\/p>\n\n\n\n<p><em>Nyilatkozat:&nbsp;H\u00e1rom g\u00f3lt aj\u00e1nd\u00e9koztunk az ellenf\u00e9lnek, akik meg\u00e9rdemelt gy\u0151zelmet arattak. Sajnos semmi sem j\u00f6tt vissza abb\u00f3l, amit megbesz\u00e9lt\u00fcnk a meccs el\u0151tt.&nbsp;<\/em><\/p>\n\n\n\n<p>Tov\u00e1bbi eredm\u00e9nyek a Csongr\u00e1d-Csan\u00e1d V\u00e1rmegyei I. oszt\u00e1ly 3. fordul\u00f3j\u00e1b\u00f3l:<\/p>\n\n\n\n<p><strong>S\u00e1ndorfalva\u2013M-Perfect Home-Algy\u0151 0\u20131 (0-0)<\/strong>.<\/p>\n\n\n\n<p><strong>Mak\u00f3\u2013Szentesi Kinizsi 2\u20131 (0-0)<\/strong>.<\/p>\n\n\n\n<p><strong>K\u00e9m\u00e9nygy\u00e1rt\u00f3-M\u00f3rahalom VSE\u2013Tiszasziget 2\u20132 (1-0)<\/strong>.<\/p>\n\n\n\n<p><strong>Kiskundorozsma\u2013Bal\u00e1stya 4\u20130 (2-0)<\/strong>.<\/p>\n\n\n\n<p><strong>Deszk\u2013Szeged-Csan\u00e1d Grosics Akad\u00e9mia II. 0\u20136 (0-2)<\/strong>.<\/p>\n","protected":false},"excerpt":{"rendered":"<p>H\u00f3dmez\u0151v\u00e1s\u00e1rhelyi FC II.\u2013DB Futball Bord\u00e1ny 1\u20133 (1-1). G\u00f3lszerz\u0151k:&nbsp;K\u00f3nya (29.), ill. Kov\u00e1cs P. (44.), R\u00e1cz M. (64., 73.). Csongr\u00e1d-Csan\u00e1d V\u00e1rmegyei I. oszt\u00e1ly 3. fordul\u00f3. H\u00f3dmez\u0151v\u00e1s\u00e1rhely, H\u00f3dmez\u0151v\u00e1s\u00e1rhelyi&#8230;<\/p>\n","protected":false},"author":4,"featured_media":7503,"comment_status":"closed","ping_status":"closed","sticky":false,"template":"","format":"standard","meta":[],"categories":[1],"tags":[],"yoast_head":"<!-- This site is optimized with the Yoast SEO plugin v19.8 - https:\/\/yoast.com\/wordpress\/plugins\/seo\/ -->\n<title>veres\u00e9get szenvedett m\u00e1sodik csapatunk. - H\u00f3dmez\u0151v\u00e1s\u00e1rhelyi Futball Club<\/title>\n<meta name=\"robots\" content=\"index, follow, max-snippet:-1, max-image-preview:large, max-video-preview:-1\" \/>\n<link rel=\"canonical\" href=\"http:\/\/www.hfc1912.hu\/new\/2024\/09\/02\/vereseget-szenvedett-masodik-csapatunk\/\" \/>\n<meta property=\"og:locale\" content=\"hu_HU\" \/>\n<meta property=\"og:type\" content=\"article\" \/>\n<meta property=\"og:title\" content=\"veres\u00e9get szenvedett m\u00e1sodik csapatunk. - H\u00f3dmez\u0151v\u00e1s\u00e1rhelyi Futball Club\" \/>\n<meta property=\"og:description\" content=\"H\u00f3dmez\u0151v\u00e1s\u00e1rhelyi FC II.\u2013DB Futball Bord\u00e1ny 1\u20133 (1-1). G\u00f3lszerz\u0151k:&nbsp;K\u00f3nya (29.), ill. Kov\u00e1cs P. (44.), R\u00e1cz M. (64., 73.). Csongr\u00e1d-Csan\u00e1d V\u00e1rmegyei I. oszt\u00e1ly 3. fordul\u00f3. H\u00f3dmez\u0151v\u00e1s\u00e1rhely, H\u00f3dmez\u0151v\u00e1s\u00e1rhelyi...\" \/>\n<meta property=\"og:url\" content=\"http:\/\/www.hfc1912.hu\/new\/2024\/09\/02\/vereseget-szenvedett-masodik-csapatunk\/\" \/>\n<meta property=\"og:site_name\" content=\"H\u00f3dmez\u0151v\u00e1s\u00e1rhelyi Futball Club\" \/>\n<meta property=\"article:published_time\" content=\"2024-09-02T15:24:00+00:00\" \/>\n<meta property=\"article:modified_time\" content=\"2024-09-04T15:24:54+00:00\" \/>\n<meta property=\"og:image\" content=\"http:\/\/www.hfc1912.hu\/new\/wp-content\/uploads\/2024\/08\/DSC_4648-scaled.jpg\" \/>\n\t<meta property=\"og:image:width\" content=\"2560\" \/>\n\t<meta property=\"og:image:height\" content=\"1702\" \/>\n\t<meta property=\"og:image:type\" content=\"image\/jpeg\" \/>\n<meta name=\"author\" content=\"Fejes Loretta\" \/>\n<meta name=\"twitter:card\" content=\"summary_large_image\" \/>\n<meta name=\"twitter:label1\" content=\"Written by\" \/>\n\t<meta name=\"twitter:data1\" content=\"Fejes Loretta\" \/>\n\t<meta name=\"twitter:label2\" content=\"Est. reading time\" \/>\n\t<meta name=\"twitter:data2\" content=\"1 perc\" \/>\n<script type=\"application\/ld+json\" class=\"yoast-schema-graph\">{\"@context\":\"https:\/\/schema.org\",\"@graph\":[{\"@type\":\"Article\",\"@id\":\"http:\/\/www.hfc1912.hu\/new\/2024\/09\/02\/vereseget-szenvedett-masodik-csapatunk\/#article\",\"isPartOf\":{\"@id\":\"http:\/\/www.hfc1912.hu\/new\/2024\/09\/02\/vereseget-szenvedett-masodik-csapatunk\/\"},\"author\":{\"name\":\"Fejes Loretta\",\"@id\":\"http:\/\/www.hfc1912.hu\/new\/#\/schema\/person\/05b742beb40ec0a8f805c71953628e65\"},\"headline\":\"veres\u00e9get szenvedett m\u00e1sodik csapatunk.\",\"datePublished\":\"2024-09-02T15:24:00+00:00\",\"dateModified\":\"2024-09-04T15:24:54+00:00\",\"mainEntityOfPage\":{\"@id\":\"http:\/\/www.hfc1912.hu\/new\/2024\/09\/02\/vereseget-szenvedett-masodik-csapatunk\/\"},\"wordCount\":217,\"publisher\":{\"@id\":\"http:\/\/www.hfc1912.hu\/new\/#organization\"},\"articleSection\":[\"H\u00edreink\"],\"inLanguage\":\"hu\"},{\"@type\":\"WebPage\",\"@id\":\"http:\/\/www.hfc1912.hu\/new\/2024\/09\/02\/vereseget-szenvedett-masodik-csapatunk\/\",\"url\":\"http:\/\/www.hfc1912.hu\/new\/2024\/09\/02\/vereseget-szenvedett-masodik-csapatunk\/\",\"name\":\"veres\u00e9get szenvedett m\u00e1sodik csapatunk. - H\u00f3dmez\u0151v\u00e1s\u00e1rhelyi Futball Club\",\"isPartOf\":{\"@id\":\"http:\/\/www.hfc1912.hu\/new\/#website\"},\"datePublished\":\"2024-09-02T15:24:00+00:00\",\"dateModified\":\"2024-09-04T15:24:54+00:00\",\"breadcrumb\":{\"@id\":\"http:\/\/www.hfc1912.hu\/new\/2024\/09\/02\/vereseget-szenvedett-masodik-csapatunk\/#breadcrumb\"},\"inLanguage\":\"hu\",\"potentialAction\":[{\"@type\":\"ReadAction\",\"target\":[\"http:\/\/www.hfc1912.hu\/new\/2024\/09\/02\/vereseget-szenvedett-masodik-csapatunk\/\"]}]},{\"@type\":\"BreadcrumbList\",\"@id\":\"http:\/\/www.hfc1912.hu\/new\/2024\/09\/02\/vereseget-szenvedett-masodik-csapatunk\/#breadcrumb\",\"itemListElement\":[{\"@type\":\"ListItem\",\"position\":1,\"name\":\"Home\",\"item\":\"http:\/\/www.hfc1912.hu\/new\/\"},{\"@type\":\"ListItem\",\"position\":2,\"name\":\"veres\u00e9get szenvedett m\u00e1sodik csapatunk.\"}]},{\"@type\":\"WebSite\",\"@id\":\"http:\/\/www.hfc1912.hu\/new\/#website\",\"url\":\"http:\/\/www.hfc1912.hu\/new\/\",\"name\":\"H\u00f3dmez\u0151v\u00e1s\u00e1rhelyi Futball Club\",\"description\":\"H\u00f3dmez\u0151v\u00e1s\u00e1rhelyi Futball Club hivatalos honlapja\",\"publisher\":{\"@id\":\"http:\/\/www.hfc1912.hu\/new\/#organization\"},\"potentialAction\":[{\"@type\":\"SearchAction\",\"target\":{\"@type\":\"EntryPoint\",\"urlTemplate\":\"http:\/\/www.hfc1912.hu\/new\/?s={search_term_string}\"},\"query-input\":\"required name=search_term_string\"}],\"inLanguage\":\"hu\"},{\"@type\":\"Organization\",\"@id\":\"http:\/\/www.hfc1912.hu\/new\/#organization\",\"name\":\"H\u00f3dmez\u0151v\u00e1s\u00e1rhelyi Futball Club\",\"url\":\"http:\/\/www.hfc1912.hu\/new\/\",\"sameAs\":[],\"logo\":{\"@type\":\"ImageObject\",\"inLanguage\":\"hu\",\"@id\":\"http:\/\/www.hfc1912.hu\/new\/#\/schema\/logo\/image\/\",\"url\":\"http:\/\/www.hfc1912.hu\/new\/wp-content\/uploads\/2021\/12\/cropped-V\u00e9gleges_c\u00edmer_atlatszo150162.png\",\"contentUrl\":\"http:\/\/www.hfc1912.hu\/new\/wp-content\/uploads\/2021\/12\/cropped-V\u00e9gleges_c\u00edmer_atlatszo150162.png\",\"width\":150,\"height\":162,\"caption\":\"H\u00f3dmez\u0151v\u00e1s\u00e1rhelyi Futball Club\"},\"image\":{\"@id\":\"http:\/\/www.hfc1912.hu\/new\/#\/schema\/logo\/image\/\"}},{\"@type\":\"Person\",\"@id\":\"http:\/\/www.hfc1912.hu\/new\/#\/schema\/person\/05b742beb40ec0a8f805c71953628e65\",\"name\":\"Fejes Loretta\",\"image\":{\"@type\":\"ImageObject\",\"inLanguage\":\"hu\",\"@id\":\"http:\/\/www.hfc1912.hu\/new\/#\/schema\/person\/image\/\",\"url\":\"http:\/\/0.gravatar.com\/avatar\/392d3c91f023210838ae5eb949191c81?s=96&d=mm&r=g\",\"contentUrl\":\"http:\/\/0.gravatar.com\/avatar\/392d3c91f023210838ae5eb949191c81?s=96&d=mm&r=g\",\"caption\":\"Fejes Loretta\"},\"url\":\"http:\/\/www.hfc1912.hu\/new\/author\/lori\/\"}]}<\/script>\n<!-- \/ Yoast SEO plugin. -->","yoast_head_json":{"title":"veres\u00e9get szenvedett m\u00e1sodik csapatunk. - H\u00f3dmez\u0151v\u00e1s\u00e1rhelyi Futball Club","robots":{"index":"index","follow":"follow","max-snippet":"max-snippet:-1","max-image-preview":"max-image-preview:large","max-video-preview":"max-video-preview:-1"},"canonical":"http:\/\/www.hfc1912.hu\/new\/2024\/09\/02\/vereseget-szenvedett-masodik-csapatunk\/","og_locale":"hu_HU","og_type":"article","og_title":"veres\u00e9get szenvedett m\u00e1sodik csapatunk. - H\u00f3dmez\u0151v\u00e1s\u00e1rhelyi Futball Club","og_description":"H\u00f3dmez\u0151v\u00e1s\u00e1rhelyi FC II.\u2013DB Futball Bord\u00e1ny 1\u20133 (1-1). G\u00f3lszerz\u0151k:&nbsp;K\u00f3nya (29.), ill. Kov\u00e1cs P. (44.), R\u00e1cz M. (64., 73.). Csongr\u00e1d-Csan\u00e1d V\u00e1rmegyei I. oszt\u00e1ly 3. fordul\u00f3. H\u00f3dmez\u0151v\u00e1s\u00e1rhely, H\u00f3dmez\u0151v\u00e1s\u00e1rhelyi...","og_url":"http:\/\/www.hfc1912.hu\/new\/2024\/09\/02\/vereseget-szenvedett-masodik-csapatunk\/","og_site_name":"H\u00f3dmez\u0151v\u00e1s\u00e1rhelyi Futball Club","article_published_time":"2024-09-02T15:24:00+00:00","article_modified_time":"2024-09-04T15:24:54+00:00","og_image":[{"width":2560,"height":1702,"url":"http:\/\/www.hfc1912.hu\/new\/wp-content\/uploads\/2024\/08\/DSC_4648-scaled.jpg","type":"image\/jpeg"}],"author":"Fejes Loretta","twitter_card":"summary_large_image","twitter_misc":{"Written by":"Fejes Loretta","Est. reading time":"1 perc"},"schema":{"@context":"https:\/\/schema.org","@graph":[{"@type":"Article","@id":"http:\/\/www.hfc1912.hu\/new\/2024\/09\/02\/vereseget-szenvedett-masodik-csapatunk\/#article","isPartOf":{"@id":"http:\/\/www.hfc1912.hu\/new\/2024\/09\/02\/vereseget-szenvedett-masodik-csapatunk\/"},"author":{"name":"Fejes Loretta","@id":"http:\/\/www.hfc1912.hu\/new\/#\/schema\/person\/05b742beb40ec0a8f805c71953628e65"},"headline":"veres\u00e9get szenvedett m\u00e1sodik csapatunk.","datePublished":"2024-09-02T15:24:00+00:00","dateModified":"2024-09-04T15:24:54+00:00","mainEntityOfPage":{"@id":"http:\/\/www.hfc1912.hu\/new\/2024\/09\/02\/vereseget-szenvedett-masodik-csapatunk\/"},"wordCount":217,"publisher":{"@id":"http:\/\/www.hfc1912.hu\/new\/#organization"},"articleSection":["H\u00edreink"],"inLanguage":"hu"},{"@type":"WebPage","@id":"http:\/\/www.hfc1912.hu\/new\/2024\/09\/02\/vereseget-szenvedett-masodik-csapatunk\/","url":"http:\/\/www.hfc1912.hu\/new\/2024\/09\/02\/vereseget-szenvedett-masodik-csapatunk\/","name":"veres\u00e9get szenvedett m\u00e1sodik csapatunk. - H\u00f3dmez\u0151v\u00e1s\u00e1rhelyi Futball Club","isPartOf":{"@id":"http:\/\/www.hfc1912.hu\/new\/#website"},"datePublished":"2024-09-02T15:24:00+00:00","dateModified":"2024-09-04T15:24:54+00:00","breadcrumb":{"@id":"http:\/\/www.hfc1912.hu\/new\/2024\/09\/02\/vereseget-szenvedett-masodik-csapatunk\/#breadcrumb"},"inLanguage":"hu","potentialAction":[{"@type":"ReadAction","target":["http:\/\/www.hfc1912.hu\/new\/2024\/09\/02\/vereseget-szenvedett-masodik-csapatunk\/"]}]},{"@type":"BreadcrumbList","@id":"http:\/\/www.hfc1912.hu\/new\/2024\/09\/02\/vereseget-szenvedett-masodik-csapatunk\/#breadcrumb","itemListElement":[{"@type":"ListItem","position":1,"name":"Home","item":"http:\/\/www.hfc1912.hu\/new\/"},{"@type":"ListItem","position":2,"name":"veres\u00e9get szenvedett m\u00e1sodik csapatunk."}]},{"@type":"WebSite","@id":"http:\/\/www.hfc1912.hu\/new\/#website","url":"http:\/\/www.hfc1912.hu\/new\/","name":"H\u00f3dmez\u0151v\u00e1s\u00e1rhelyi Futball Club","description":"H\u00f3dmez\u0151v\u00e1s\u00e1rhelyi Futball Club hivatalos honlapja","publisher":{"@id":"http:\/\/www.hfc1912.hu\/new\/#organization"},"potentialAction":[{"@type":"SearchAction","target":{"@type":"EntryPoint","urlTemplate":"http:\/\/www.hfc1912.hu\/new\/?s={search_term_string}"},"query-input":"required name=search_term_string"}],"inLanguage":"hu"},{"@type":"Organization","@id":"http:\/\/www.hfc1912.hu\/new\/#organization","name":"H\u00f3dmez\u0151v\u00e1s\u00e1rhelyi Futball Club","url":"http:\/\/www.hfc1912.hu\/new\/","sameAs":[],"logo":{"@type":"ImageObject","inLanguage":"hu","@id":"http:\/\/www.hfc1912.hu\/new\/#\/schema\/logo\/image\/","url":"http:\/\/www.hfc1912.hu\/new\/wp-content\/uploads\/2021\/12\/cropped-V\u00e9gleges_c\u00edmer_atlatszo150162.png","contentUrl":"http:\/\/www.hfc1912.hu\/new\/wp-content\/uploads\/2021\/12\/cropped-V\u00e9gleges_c\u00edmer_atlatszo150162.png","width":150,"height":162,"caption":"H\u00f3dmez\u0151v\u00e1s\u00e1rhelyi Futball Club"},"image":{"@id":"http:\/\/www.hfc1912.hu\/new\/#\/schema\/logo\/image\/"}},{"@type":"Person","@id":"http:\/\/www.hfc1912.hu\/new\/#\/schema\/person\/05b742beb40ec0a8f805c71953628e65","name":"Fejes Loretta","image":{"@type":"ImageObject","inLanguage":"hu","@id":"http:\/\/www.hfc1912.hu\/new\/#\/schema\/person\/image\/","url":"http:\/\/0.gravatar.com\/avatar\/392d3c91f023210838ae5eb949191c81?s=96&d=mm&r=g","contentUrl":"http:\/\/0.gravatar.com\/avatar\/392d3c91f023210838ae5eb949191c81?s=96&d=mm&r=g","caption":"Fejes Loretta"},"url":"http:\/\/www.hfc1912.hu\/new\/author\/lori\/"}]}},"_links":{"self":[{"href":"http:\/\/www.hfc1912.hu\/new\/wp-json\/wp\/v2\/posts\/7548"}],"collection":[{"href":"http:\/\/www.hfc1912.hu\/new\/wp-json\/wp\/v2\/posts"}],"about":[{"href":"http:\/\/www.hfc1912.hu\/new\/wp-json\/wp\/v2\/types\/post"}],"author":[{"embeddable":true,"href":"http:\/\/www.hfc1912.hu\/new\/wp-json\/wp\/v2\/users\/4"}],"replies":[{"embeddable":true,"href":"http:\/\/www.hfc1912.hu\/new\/wp-json\/wp\/v2\/comments?post=7548"}],"version-history":[{"count":2,"href":"http:\/\/www.hfc1912.hu\/new\/wp-json\/wp\/v2\/posts\/7548\/revisions"}],"predecessor-version":[{"id":7550,"href":"http:\/\/www.hfc1912.hu\/new\/wp-json\/wp\/v2\/posts\/7548\/revisions\/7550"}],"wp:featuredmedia":[{"embeddable":true,"href":"http:\/\/www.hfc1912.hu\/new\/wp-json\/wp\/v2\/media\/7503"}],"wp:attachment":[{"href":"http:\/\/www.hfc1912.hu\/new\/wp-json\/wp\/v2\/media?parent=7548"}],"wp:term":[{"taxonomy":"category","embeddable":true,"href":"http:\/\/www.hfc1912.hu\/new\/wp-json\/wp\/v2\/categories?post=7548"},{"taxonomy":"post_tag","embeddable":true,"href":"http:\/\/www.hfc1912.hu\/new\/wp-json\/wp\/v2\/tags?post=7548"}],"curies":[{"name":"wp","href":"https:\/\/api.w.org\/{rel}","templated":true}]}}