{"id":7691,"date":"2024-10-23T13:46:30","date_gmt":"2024-10-23T12:46:30","guid":{"rendered":"http:\/\/www.hfc1912.hu\/new\/?p=7691"},"modified":"2024-10-23T13:46:32","modified_gmt":"2024-10-23T12:46:32","slug":"a-szeged-csanad-grosics-akademia-ii-vitte-el-a-pontokat-a-csongrad-csanad-varmegyei-i-osztaly-10-fordulojaban","status":"publish","type":"post","link":"http:\/\/www.hfc1912.hu\/new\/2024\/10\/23\/a-szeged-csanad-grosics-akademia-ii-vitte-el-a-pontokat-a-csongrad-csanad-varmegyei-i-osztaly-10-fordulojaban\/","title":{"rendered":"A Szeged-Csan\u00e1d Grosics Akad\u00e9mia II. vitte el a pontokat a Csongr\u00e1d-Csan\u00e1d V\u00e1rmegyei I. oszt\u00e1ly 10. fordul\u00f3j\u00e1ban."},"content":{"rendered":"\n<p><strong>H\u00f3dmez\u0151v\u00e1s\u00e1rhelyi FC II. \u2013 Szeged-Csan\u00e1d Grosics Akad\u00e9mia II. 0\u20134 (0-1)<\/strong>.<\/p>\n\n\n\n<p><strong>G\u00f3lszerz\u0151k:<\/strong>\u00a0<strong>N\u00f3gr\u00e1di (77., 90.), \u00d6rd\u00f6g (29.), Vladul (64.).<\/strong><\/p>\n\n\n\n<p>Csongr\u00e1d-Csan\u00e1d V\u00e1rmegyei I. oszt\u00e1ly 10. fordul\u00f3.<\/p>\n\n\n\n<p>H\u00f3dmez\u0151v\u00e1s\u00e1rhely, H\u00f3dmez\u0151v\u00e1s\u00e1rhelyi V\u00e1rosi Stadion<\/p>\n\n\n\n<p>Vezette: Tihanyi G\u00e1bor (Bartucz, K\u00f3cs\u00f3).<\/p>\n\n\n\n<p><strong>HFC II.:<\/strong>\u00a0<\/p>\n\n\n\n<p>Hegyes \u2013 P\u00e9ter, P\u00e1link\u00e1s, Orovecz (Patk\u00f3s, 61.), Buz\u00e1s, Hajduk, Tat\u00e1r, Rabecz V., Cz\u00e9kus (Telek, 57.), Arany, Kis D. (Kar\u00e1csonyi, 68.).\u00a0<\/p>\n\n\n\n<p><strong>Edz\u0151:<\/strong>\u00a0Borb\u00e1s Zsolt.<\/p>\n\n\n\n<p><strong>Szeged-Csan\u00e1d GA II.:<\/strong>\u00a0<\/p>\n\n\n\n<p>Szalontai \u2013 N\u00f3gr\u00e1di, Gera, Vladul (Kapic, 78.), Botic, L\u0151rincz, Simon, Bak\u00f3, Dud\u00e1s (Tak\u00e1cs, 63.), Nagy D. (Lajter, 78.), \u00d6rd\u00f6g (Budai, 63.).\u00a0<\/p>\n\n\n\n<p><strong>Edz\u0151:\u00a0<\/strong>Bilics Igor.<\/p>\n\n\n\n<p><em><strong>Nyilatkozat:<\/strong>\u00a0Meg\u00e9rdemelt a Szeged gy\u0151zelme, de nem j\u00e1tszottunk al\u00e1rendelt szerepet, fegyelmezetten v\u00e9dekezt\u00fcnk, rem\u00e9lem, lesz ennek folytat\u00e1sa, motiv\u00e1ltak, fegyelmezettek voltak a sr\u00e1cok. A j\u00e1t\u00e9k k\u00e9pe alapj\u00e1n nem volt n\u00e9gy g\u00f3l a k\u00e9t csapat k\u00f6z\u00f6tt.<\/em><\/p>\n\n\n\n<p class=\"has-small-font-size\"><strong>Tov\u00e1bbi eredm\u00e9nyek a Csongr\u00e1d-Csan\u00e1d V\u00e1rmegyei I. oszt\u00e1ly 10. fordul\u00f3j\u00e1b\u00f3l:<\/strong><\/p>\n\n\n\n<p class=\"has-small-font-size\"><strong>K\u00e9m\u00e9nygy\u00e1rt\u00f3-M\u00f3rahalom VSE\u2013Deszk 2\u20130 (0-0)<\/strong>.<\/p>\n\n\n\n<p class=\"has-small-font-size\"><strong>Kiskundorozsma\u2013Mak\u00f3 FC 1\u20130 (0-0)<\/strong>.<\/p>\n\n\n\n<p class=\"has-small-font-size\"><strong>S\u00e1ndorfalva\u2013Szentesi Kinizsi 3\u20130 (0-0)<\/strong>.<\/p>\n\n\n\n<p class=\"has-small-font-size\"><strong>M-Perfect Home-Algy\u0151\u2013Tiszasziget 0\u20131 (0-0)<\/strong>.<\/p>\n\n\n\n<p class=\"has-small-font-size\"><strong>DB Futball Bord\u00e1ny\u2013Bal\u00e1stya 1\u20131 (0-0)<\/strong>.<\/p>\n\n\n\n<p>Szombaton 14:30-t\u00f3l a Szentesi Kinizsi vend\u00e9gek\u00e9nt l\u00e9p p\u00e1ly\u00e1ra m\u00e1sodik csapatunk.<\/p>\n","protected":false},"excerpt":{"rendered":"<p>H\u00f3dmez\u0151v\u00e1s\u00e1rhelyi FC II. \u2013 Szeged-Csan\u00e1d Grosics Akad\u00e9mia II. 0\u20134 (0-1). G\u00f3lszerz\u0151k:\u00a0N\u00f3gr\u00e1di (77., 90.), \u00d6rd\u00f6g (29.), Vladul (64.). Csongr\u00e1d-Csan\u00e1d V\u00e1rmegyei I. oszt\u00e1ly 10. fordul\u00f3. H\u00f3dmez\u0151v\u00e1s\u00e1rhely, H\u00f3dmez\u0151v\u00e1s\u00e1rhelyi&#8230;<\/p>\n","protected":false},"author":4,"featured_media":7673,"comment_status":"closed","ping_status":"closed","sticky":false,"template":"","format":"standard","meta":[],"categories":[1],"tags":[],"yoast_head":"<!-- This site is optimized with the Yoast SEO plugin v19.8 - https:\/\/yoast.com\/wordpress\/plugins\/seo\/ -->\n<title>A Szeged-Csan\u00e1d Grosics Akad\u00e9mia II. vitte el a pontokat a Csongr\u00e1d-Csan\u00e1d V\u00e1rmegyei I. oszt\u00e1ly 10. fordul\u00f3j\u00e1ban. - H\u00f3dmez\u0151v\u00e1s\u00e1rhelyi Futball Club<\/title>\n<meta name=\"robots\" content=\"index, follow, max-snippet:-1, max-image-preview:large, max-video-preview:-1\" \/>\n<link rel=\"canonical\" href=\"http:\/\/www.hfc1912.hu\/new\/2024\/10\/23\/a-szeged-csanad-grosics-akademia-ii-vitte-el-a-pontokat-a-csongrad-csanad-varmegyei-i-osztaly-10-fordulojaban\/\" \/>\n<meta property=\"og:locale\" content=\"hu_HU\" \/>\n<meta property=\"og:type\" content=\"article\" \/>\n<meta property=\"og:title\" content=\"A Szeged-Csan\u00e1d Grosics Akad\u00e9mia II. vitte el a pontokat a Csongr\u00e1d-Csan\u00e1d V\u00e1rmegyei I. oszt\u00e1ly 10. fordul\u00f3j\u00e1ban. - H\u00f3dmez\u0151v\u00e1s\u00e1rhelyi Futball Club\" \/>\n<meta property=\"og:description\" content=\"H\u00f3dmez\u0151v\u00e1s\u00e1rhelyi FC II. \u2013 Szeged-Csan\u00e1d Grosics Akad\u00e9mia II. 0\u20134 (0-1). G\u00f3lszerz\u0151k:\u00a0N\u00f3gr\u00e1di (77., 90.), \u00d6rd\u00f6g (29.), Vladul (64.). Csongr\u00e1d-Csan\u00e1d V\u00e1rmegyei I. oszt\u00e1ly 10. fordul\u00f3. H\u00f3dmez\u0151v\u00e1s\u00e1rhely, H\u00f3dmez\u0151v\u00e1s\u00e1rhelyi...\" \/>\n<meta property=\"og:url\" content=\"http:\/\/www.hfc1912.hu\/new\/2024\/10\/23\/a-szeged-csanad-grosics-akademia-ii-vitte-el-a-pontokat-a-csongrad-csanad-varmegyei-i-osztaly-10-fordulojaban\/\" \/>\n<meta property=\"og:site_name\" content=\"H\u00f3dmez\u0151v\u00e1s\u00e1rhelyi Futball Club\" \/>\n<meta property=\"article:published_time\" content=\"2024-10-23T12:46:30+00:00\" \/>\n<meta property=\"article:modified_time\" content=\"2024-10-23T12:46:32+00:00\" \/>\n<meta property=\"og:image\" content=\"http:\/\/www.hfc1912.hu\/new\/wp-content\/uploads\/2024\/10\/DSC_0836-scaled.jpg\" \/>\n\t<meta property=\"og:image:width\" content=\"2560\" \/>\n\t<meta property=\"og:image:height\" content=\"1702\" \/>\n\t<meta property=\"og:image:type\" content=\"image\/jpeg\" \/>\n<meta name=\"author\" content=\"Fejes Loretta\" \/>\n<meta name=\"twitter:card\" content=\"summary_large_image\" \/>\n<meta name=\"twitter:label1\" content=\"Written by\" \/>\n\t<meta name=\"twitter:data1\" content=\"Fejes Loretta\" \/>\n\t<meta name=\"twitter:label2\" content=\"Est. reading time\" \/>\n\t<meta name=\"twitter:data2\" content=\"1 perc\" \/>\n<script type=\"application\/ld+json\" class=\"yoast-schema-graph\">{\"@context\":\"https:\/\/schema.org\",\"@graph\":[{\"@type\":\"Article\",\"@id\":\"http:\/\/www.hfc1912.hu\/new\/2024\/10\/23\/a-szeged-csanad-grosics-akademia-ii-vitte-el-a-pontokat-a-csongrad-csanad-varmegyei-i-osztaly-10-fordulojaban\/#article\",\"isPartOf\":{\"@id\":\"http:\/\/www.hfc1912.hu\/new\/2024\/10\/23\/a-szeged-csanad-grosics-akademia-ii-vitte-el-a-pontokat-a-csongrad-csanad-varmegyei-i-osztaly-10-fordulojaban\/\"},\"author\":{\"name\":\"Fejes Loretta\",\"@id\":\"http:\/\/www.hfc1912.hu\/new\/#\/schema\/person\/05b742beb40ec0a8f805c71953628e65\"},\"headline\":\"A Szeged-Csan\u00e1d Grosics Akad\u00e9mia II. vitte el a pontokat a Csongr\u00e1d-Csan\u00e1d V\u00e1rmegyei I. oszt\u00e1ly 10. fordul\u00f3j\u00e1ban.\",\"datePublished\":\"2024-10-23T12:46:30+00:00\",\"dateModified\":\"2024-10-23T12:46:32+00:00\",\"mainEntityOfPage\":{\"@id\":\"http:\/\/www.hfc1912.hu\/new\/2024\/10\/23\/a-szeged-csanad-grosics-akademia-ii-vitte-el-a-pontokat-a-csongrad-csanad-varmegyei-i-osztaly-10-fordulojaban\/\"},\"wordCount\":249,\"publisher\":{\"@id\":\"http:\/\/www.hfc1912.hu\/new\/#organization\"},\"articleSection\":[\"H\u00edreink\"],\"inLanguage\":\"hu\"},{\"@type\":\"WebPage\",\"@id\":\"http:\/\/www.hfc1912.hu\/new\/2024\/10\/23\/a-szeged-csanad-grosics-akademia-ii-vitte-el-a-pontokat-a-csongrad-csanad-varmegyei-i-osztaly-10-fordulojaban\/\",\"url\":\"http:\/\/www.hfc1912.hu\/new\/2024\/10\/23\/a-szeged-csanad-grosics-akademia-ii-vitte-el-a-pontokat-a-csongrad-csanad-varmegyei-i-osztaly-10-fordulojaban\/\",\"name\":\"A Szeged-Csan\u00e1d Grosics Akad\u00e9mia II. vitte el a pontokat a Csongr\u00e1d-Csan\u00e1d V\u00e1rmegyei I. oszt\u00e1ly 10. fordul\u00f3j\u00e1ban. - H\u00f3dmez\u0151v\u00e1s\u00e1rhelyi Futball Club\",\"isPartOf\":{\"@id\":\"http:\/\/www.hfc1912.hu\/new\/#website\"},\"datePublished\":\"2024-10-23T12:46:30+00:00\",\"dateModified\":\"2024-10-23T12:46:32+00:00\",\"breadcrumb\":{\"@id\":\"http:\/\/www.hfc1912.hu\/new\/2024\/10\/23\/a-szeged-csanad-grosics-akademia-ii-vitte-el-a-pontokat-a-csongrad-csanad-varmegyei-i-osztaly-10-fordulojaban\/#breadcrumb\"},\"inLanguage\":\"hu\",\"potentialAction\":[{\"@type\":\"ReadAction\",\"target\":[\"http:\/\/www.hfc1912.hu\/new\/2024\/10\/23\/a-szeged-csanad-grosics-akademia-ii-vitte-el-a-pontokat-a-csongrad-csanad-varmegyei-i-osztaly-10-fordulojaban\/\"]}]},{\"@type\":\"BreadcrumbList\",\"@id\":\"http:\/\/www.hfc1912.hu\/new\/2024\/10\/23\/a-szeged-csanad-grosics-akademia-ii-vitte-el-a-pontokat-a-csongrad-csanad-varmegyei-i-osztaly-10-fordulojaban\/#breadcrumb\",\"itemListElement\":[{\"@type\":\"ListItem\",\"position\":1,\"name\":\"Home\",\"item\":\"http:\/\/www.hfc1912.hu\/new\/\"},{\"@type\":\"ListItem\",\"position\":2,\"name\":\"A Szeged-Csan\u00e1d Grosics Akad\u00e9mia II. vitte el a pontokat a Csongr\u00e1d-Csan\u00e1d V\u00e1rmegyei I. oszt\u00e1ly 10. fordul\u00f3j\u00e1ban.\"}]},{\"@type\":\"WebSite\",\"@id\":\"http:\/\/www.hfc1912.hu\/new\/#website\",\"url\":\"http:\/\/www.hfc1912.hu\/new\/\",\"name\":\"H\u00f3dmez\u0151v\u00e1s\u00e1rhelyi Futball Club\",\"description\":\"H\u00f3dmez\u0151v\u00e1s\u00e1rhelyi Futball Club hivatalos honlapja\",\"publisher\":{\"@id\":\"http:\/\/www.hfc1912.hu\/new\/#organization\"},\"potentialAction\":[{\"@type\":\"SearchAction\",\"target\":{\"@type\":\"EntryPoint\",\"urlTemplate\":\"http:\/\/www.hfc1912.hu\/new\/?s={search_term_string}\"},\"query-input\":\"required name=search_term_string\"}],\"inLanguage\":\"hu\"},{\"@type\":\"Organization\",\"@id\":\"http:\/\/www.hfc1912.hu\/new\/#organization\",\"name\":\"H\u00f3dmez\u0151v\u00e1s\u00e1rhelyi Futball Club\",\"url\":\"http:\/\/www.hfc1912.hu\/new\/\",\"sameAs\":[],\"logo\":{\"@type\":\"ImageObject\",\"inLanguage\":\"hu\",\"@id\":\"http:\/\/www.hfc1912.hu\/new\/#\/schema\/logo\/image\/\",\"url\":\"http:\/\/www.hfc1912.hu\/new\/wp-content\/uploads\/2021\/12\/cropped-V\u00e9gleges_c\u00edmer_atlatszo150162.png\",\"contentUrl\":\"http:\/\/www.hfc1912.hu\/new\/wp-content\/uploads\/2021\/12\/cropped-V\u00e9gleges_c\u00edmer_atlatszo150162.png\",\"width\":150,\"height\":162,\"caption\":\"H\u00f3dmez\u0151v\u00e1s\u00e1rhelyi Futball Club\"},\"image\":{\"@id\":\"http:\/\/www.hfc1912.hu\/new\/#\/schema\/logo\/image\/\"}},{\"@type\":\"Person\",\"@id\":\"http:\/\/www.hfc1912.hu\/new\/#\/schema\/person\/05b742beb40ec0a8f805c71953628e65\",\"name\":\"Fejes Loretta\",\"image\":{\"@type\":\"ImageObject\",\"inLanguage\":\"hu\",\"@id\":\"http:\/\/www.hfc1912.hu\/new\/#\/schema\/person\/image\/\",\"url\":\"http:\/\/0.gravatar.com\/avatar\/392d3c91f023210838ae5eb949191c81?s=96&d=mm&r=g\",\"contentUrl\":\"http:\/\/0.gravatar.com\/avatar\/392d3c91f023210838ae5eb949191c81?s=96&d=mm&r=g\",\"caption\":\"Fejes Loretta\"},\"url\":\"http:\/\/www.hfc1912.hu\/new\/author\/lori\/\"}]}<\/script>\n<!-- \/ Yoast SEO plugin. -->","yoast_head_json":{"title":"A Szeged-Csan\u00e1d Grosics Akad\u00e9mia II. vitte el a pontokat a Csongr\u00e1d-Csan\u00e1d V\u00e1rmegyei I. oszt\u00e1ly 10. fordul\u00f3j\u00e1ban. - H\u00f3dmez\u0151v\u00e1s\u00e1rhelyi Futball Club","robots":{"index":"index","follow":"follow","max-snippet":"max-snippet:-1","max-image-preview":"max-image-preview:large","max-video-preview":"max-video-preview:-1"},"canonical":"http:\/\/www.hfc1912.hu\/new\/2024\/10\/23\/a-szeged-csanad-grosics-akademia-ii-vitte-el-a-pontokat-a-csongrad-csanad-varmegyei-i-osztaly-10-fordulojaban\/","og_locale":"hu_HU","og_type":"article","og_title":"A Szeged-Csan\u00e1d Grosics Akad\u00e9mia II. vitte el a pontokat a Csongr\u00e1d-Csan\u00e1d V\u00e1rmegyei I. oszt\u00e1ly 10. fordul\u00f3j\u00e1ban. - H\u00f3dmez\u0151v\u00e1s\u00e1rhelyi Futball Club","og_description":"H\u00f3dmez\u0151v\u00e1s\u00e1rhelyi FC II. \u2013 Szeged-Csan\u00e1d Grosics Akad\u00e9mia II. 0\u20134 (0-1). G\u00f3lszerz\u0151k:\u00a0N\u00f3gr\u00e1di (77., 90.), \u00d6rd\u00f6g (29.), Vladul (64.). Csongr\u00e1d-Csan\u00e1d V\u00e1rmegyei I. oszt\u00e1ly 10. fordul\u00f3. H\u00f3dmez\u0151v\u00e1s\u00e1rhely, H\u00f3dmez\u0151v\u00e1s\u00e1rhelyi...","og_url":"http:\/\/www.hfc1912.hu\/new\/2024\/10\/23\/a-szeged-csanad-grosics-akademia-ii-vitte-el-a-pontokat-a-csongrad-csanad-varmegyei-i-osztaly-10-fordulojaban\/","og_site_name":"H\u00f3dmez\u0151v\u00e1s\u00e1rhelyi Futball Club","article_published_time":"2024-10-23T12:46:30+00:00","article_modified_time":"2024-10-23T12:46:32+00:00","og_image":[{"width":2560,"height":1702,"url":"http:\/\/www.hfc1912.hu\/new\/wp-content\/uploads\/2024\/10\/DSC_0836-scaled.jpg","type":"image\/jpeg"}],"author":"Fejes Loretta","twitter_card":"summary_large_image","twitter_misc":{"Written by":"Fejes Loretta","Est. reading time":"1 perc"},"schema":{"@context":"https:\/\/schema.org","@graph":[{"@type":"Article","@id":"http:\/\/www.hfc1912.hu\/new\/2024\/10\/23\/a-szeged-csanad-grosics-akademia-ii-vitte-el-a-pontokat-a-csongrad-csanad-varmegyei-i-osztaly-10-fordulojaban\/#article","isPartOf":{"@id":"http:\/\/www.hfc1912.hu\/new\/2024\/10\/23\/a-szeged-csanad-grosics-akademia-ii-vitte-el-a-pontokat-a-csongrad-csanad-varmegyei-i-osztaly-10-fordulojaban\/"},"author":{"name":"Fejes Loretta","@id":"http:\/\/www.hfc1912.hu\/new\/#\/schema\/person\/05b742beb40ec0a8f805c71953628e65"},"headline":"A Szeged-Csan\u00e1d Grosics Akad\u00e9mia II. vitte el a pontokat a Csongr\u00e1d-Csan\u00e1d V\u00e1rmegyei I. oszt\u00e1ly 10. fordul\u00f3j\u00e1ban.","datePublished":"2024-10-23T12:46:30+00:00","dateModified":"2024-10-23T12:46:32+00:00","mainEntityOfPage":{"@id":"http:\/\/www.hfc1912.hu\/new\/2024\/10\/23\/a-szeged-csanad-grosics-akademia-ii-vitte-el-a-pontokat-a-csongrad-csanad-varmegyei-i-osztaly-10-fordulojaban\/"},"wordCount":249,"publisher":{"@id":"http:\/\/www.hfc1912.hu\/new\/#organization"},"articleSection":["H\u00edreink"],"inLanguage":"hu"},{"@type":"WebPage","@id":"http:\/\/www.hfc1912.hu\/new\/2024\/10\/23\/a-szeged-csanad-grosics-akademia-ii-vitte-el-a-pontokat-a-csongrad-csanad-varmegyei-i-osztaly-10-fordulojaban\/","url":"http:\/\/www.hfc1912.hu\/new\/2024\/10\/23\/a-szeged-csanad-grosics-akademia-ii-vitte-el-a-pontokat-a-csongrad-csanad-varmegyei-i-osztaly-10-fordulojaban\/","name":"A Szeged-Csan\u00e1d Grosics Akad\u00e9mia II. vitte el a pontokat a Csongr\u00e1d-Csan\u00e1d V\u00e1rmegyei I. oszt\u00e1ly 10. fordul\u00f3j\u00e1ban. - H\u00f3dmez\u0151v\u00e1s\u00e1rhelyi Futball Club","isPartOf":{"@id":"http:\/\/www.hfc1912.hu\/new\/#website"},"datePublished":"2024-10-23T12:46:30+00:00","dateModified":"2024-10-23T12:46:32+00:00","breadcrumb":{"@id":"http:\/\/www.hfc1912.hu\/new\/2024\/10\/23\/a-szeged-csanad-grosics-akademia-ii-vitte-el-a-pontokat-a-csongrad-csanad-varmegyei-i-osztaly-10-fordulojaban\/#breadcrumb"},"inLanguage":"hu","potentialAction":[{"@type":"ReadAction","target":["http:\/\/www.hfc1912.hu\/new\/2024\/10\/23\/a-szeged-csanad-grosics-akademia-ii-vitte-el-a-pontokat-a-csongrad-csanad-varmegyei-i-osztaly-10-fordulojaban\/"]}]},{"@type":"BreadcrumbList","@id":"http:\/\/www.hfc1912.hu\/new\/2024\/10\/23\/a-szeged-csanad-grosics-akademia-ii-vitte-el-a-pontokat-a-csongrad-csanad-varmegyei-i-osztaly-10-fordulojaban\/#breadcrumb","itemListElement":[{"@type":"ListItem","position":1,"name":"Home","item":"http:\/\/www.hfc1912.hu\/new\/"},{"@type":"ListItem","position":2,"name":"A Szeged-Csan\u00e1d Grosics Akad\u00e9mia II. vitte el a pontokat a Csongr\u00e1d-Csan\u00e1d V\u00e1rmegyei I. oszt\u00e1ly 10. fordul\u00f3j\u00e1ban."}]},{"@type":"WebSite","@id":"http:\/\/www.hfc1912.hu\/new\/#website","url":"http:\/\/www.hfc1912.hu\/new\/","name":"H\u00f3dmez\u0151v\u00e1s\u00e1rhelyi Futball Club","description":"H\u00f3dmez\u0151v\u00e1s\u00e1rhelyi Futball Club hivatalos honlapja","publisher":{"@id":"http:\/\/www.hfc1912.hu\/new\/#organization"},"potentialAction":[{"@type":"SearchAction","target":{"@type":"EntryPoint","urlTemplate":"http:\/\/www.hfc1912.hu\/new\/?s={search_term_string}"},"query-input":"required name=search_term_string"}],"inLanguage":"hu"},{"@type":"Organization","@id":"http:\/\/www.hfc1912.hu\/new\/#organization","name":"H\u00f3dmez\u0151v\u00e1s\u00e1rhelyi Futball Club","url":"http:\/\/www.hfc1912.hu\/new\/","sameAs":[],"logo":{"@type":"ImageObject","inLanguage":"hu","@id":"http:\/\/www.hfc1912.hu\/new\/#\/schema\/logo\/image\/","url":"http:\/\/www.hfc1912.hu\/new\/wp-content\/uploads\/2021\/12\/cropped-V\u00e9gleges_c\u00edmer_atlatszo150162.png","contentUrl":"http:\/\/www.hfc1912.hu\/new\/wp-content\/uploads\/2021\/12\/cropped-V\u00e9gleges_c\u00edmer_atlatszo150162.png","width":150,"height":162,"caption":"H\u00f3dmez\u0151v\u00e1s\u00e1rhelyi Futball Club"},"image":{"@id":"http:\/\/www.hfc1912.hu\/new\/#\/schema\/logo\/image\/"}},{"@type":"Person","@id":"http:\/\/www.hfc1912.hu\/new\/#\/schema\/person\/05b742beb40ec0a8f805c71953628e65","name":"Fejes Loretta","image":{"@type":"ImageObject","inLanguage":"hu","@id":"http:\/\/www.hfc1912.hu\/new\/#\/schema\/person\/image\/","url":"http:\/\/0.gravatar.com\/avatar\/392d3c91f023210838ae5eb949191c81?s=96&d=mm&r=g","contentUrl":"http:\/\/0.gravatar.com\/avatar\/392d3c91f023210838ae5eb949191c81?s=96&d=mm&r=g","caption":"Fejes Loretta"},"url":"http:\/\/www.hfc1912.hu\/new\/author\/lori\/"}]}},"_links":{"self":[{"href":"http:\/\/www.hfc1912.hu\/new\/wp-json\/wp\/v2\/posts\/7691"}],"collection":[{"href":"http:\/\/www.hfc1912.hu\/new\/wp-json\/wp\/v2\/posts"}],"about":[{"href":"http:\/\/www.hfc1912.hu\/new\/wp-json\/wp\/v2\/types\/post"}],"author":[{"embeddable":true,"href":"http:\/\/www.hfc1912.hu\/new\/wp-json\/wp\/v2\/users\/4"}],"replies":[{"embeddable":true,"href":"http:\/\/www.hfc1912.hu\/new\/wp-json\/wp\/v2\/comments?post=7691"}],"version-history":[{"count":1,"href":"http:\/\/www.hfc1912.hu\/new\/wp-json\/wp\/v2\/posts\/7691\/revisions"}],"predecessor-version":[{"id":7692,"href":"http:\/\/www.hfc1912.hu\/new\/wp-json\/wp\/v2\/posts\/7691\/revisions\/7692"}],"wp:featuredmedia":[{"embeddable":true,"href":"http:\/\/www.hfc1912.hu\/new\/wp-json\/wp\/v2\/media\/7673"}],"wp:attachment":[{"href":"http:\/\/www.hfc1912.hu\/new\/wp-json\/wp\/v2\/media?parent=7691"}],"wp:term":[{"taxonomy":"category","embeddable":true,"href":"http:\/\/www.hfc1912.hu\/new\/wp-json\/wp\/v2\/categories?post=7691"},{"taxonomy":"post_tag","embeddable":true,"href":"http:\/\/www.hfc1912.hu\/new\/wp-json\/wp\/v2\/tags?post=7691"}],"curies":[{"name":"wp","href":"https:\/\/api.w.org\/{rel}","templated":true}]}}