{"id":7756,"date":"2024-11-15T00:01:33","date_gmt":"2024-11-14T23:01:33","guid":{"rendered":"http:\/\/www.hfc1912.hu\/new\/?p=7756"},"modified":"2024-11-15T00:01:34","modified_gmt":"2024-11-14T23:01:34","slug":"egy-ponttal-tert-haza-regionalis-u13-as-egyuttesunk-a-megerositett-szilady-rfc-otthonabol","status":"publish","type":"post","link":"http:\/\/www.hfc1912.hu\/new\/2024\/11\/15\/egy-ponttal-tert-haza-regionalis-u13-as-egyuttesunk-a-megerositett-szilady-rfc-otthonabol\/","title":{"rendered":"Egy ponttal t\u00e9rt haza region\u00e1lis U13-as egy\u00fcttes\u00fcnk a meger\u0151s\u00edtett Szil\u00e1dy RFC otthon\u00e1b\u00f3l."},"content":{"rendered":"\n<p><strong>Szil\u00e1dy RFC U13 &#8211; HFC U13 2-2.<\/strong><\/p>\n\n\n\n<p><strong>G\u00f3lszerz\u0151k: Szab\u00f3 \u00c1. (15.), Szemenyei (44.) ill. Bartucz (21.), Acsai-Varga (49.).<\/strong><\/p>\n\n\n\n<p>MLSZ <a><\/a>Region\u00e1lis U13, D\u00e9lkeleti csoport 10. fordul\u00f3.<\/p>\n\n\n\n<p>Kiskunhalas, Kiskunhalas Bundzs\u00e1k Dezs\u0151 V\u00e1rosi Sportk\u00f6zpont (V\u00e1rosi Sportp\u00e1lya).<\/p>\n\n\n\n<p>2024.11.10. 10:00.<\/p>\n\n\n\n<p><strong>Szil\u00e1dy RFC U13:<\/strong><\/p>\n\n\n\n<p>Szil\u00e1di &#8211; Bartucz, Mih\u00f3k, Miskei, Horv\u00e1th, D\u00e1vid, Pavic, Kollarics, Kitos.<\/p>\n\n\n\n<p>Csere: Cserk\u00f3, M\u00e1ty\u00e1si, Acsai-Varga, M\u00e1ndity.<\/p>\n\n\n\n<p><strong>HFC U13:<\/strong><\/p>\n\n\n\n<p>Csanki &#8211; Kov\u00e1cs K., Berei, Lakatos-T\u00f3th, Orgov\u00e1ny &#8211; Szab\u00f3 \u00c1., Lengyel, Jochim &#8211; Lovas.<\/p>\n\n\n\n<p>Csere: Barta, Szemenyei, Zsad\u00e1nyi, D\u00f3sai-Moln\u00e1r, Tat\u00e1r, Kov\u00e1cs V.<\/p>\n\n\n\n<p>Edz\u0151: Bacsa Zsolt.<\/p>\n\n\n\n<p><strong><em>Nyilatkozat: <\/em><\/strong><em>Az U14 szabadnapja miatt alaposan meger\u0151s\u00edtett Kiskunhalas v\u00e1rt r\u00e1nk a mai nap. Ennek ellen\u00e9re ha a 100%-os g\u00f3lhelyzeteinket \u00e9rt\u00e9kes\u00edtj\u00fck akkor sima gy\u0151zelmet aratunk. Szomor\u00faak vagyunk az \u0151szi szezon v\u00e9ge miatt, de nem lett\u00fcnk rosszabb csapat, mint eddig voltunk.. Minden csapat ellen tudtunk domin\u00e1lni, a helyzetek kihaszn\u00e1l\u00e1s\u00e1ban kell javulnunk a j\u00f6v\u0151ben.<\/em><\/p>\n","protected":false},"excerpt":{"rendered":"<p>Szil\u00e1dy RFC U13 &#8211; HFC U13 2-2. G\u00f3lszerz\u0151k: Szab\u00f3 \u00c1. (15.), Szemenyei (44.) ill. Bartucz (21.), Acsai-Varga (49.). MLSZ Region\u00e1lis U13, D\u00e9lkeleti csoport 10. fordul\u00f3&#8230;.<\/p>\n","protected":false},"author":4,"featured_media":7722,"comment_status":"closed","ping_status":"closed","sticky":false,"template":"","format":"standard","meta":[],"categories":[1],"tags":[],"yoast_head":"<!-- This site is optimized with the Yoast SEO plugin v19.8 - https:\/\/yoast.com\/wordpress\/plugins\/seo\/ -->\n<title>Egy ponttal t\u00e9rt haza region\u00e1lis U13-as egy\u00fcttes\u00fcnk a meger\u0151s\u00edtett Szil\u00e1dy RFC otthon\u00e1b\u00f3l. - H\u00f3dmez\u0151v\u00e1s\u00e1rhelyi Futball Club<\/title>\n<meta name=\"robots\" content=\"index, follow, max-snippet:-1, max-image-preview:large, max-video-preview:-1\" \/>\n<link rel=\"canonical\" href=\"http:\/\/www.hfc1912.hu\/new\/2024\/11\/15\/egy-ponttal-tert-haza-regionalis-u13-as-egyuttesunk-a-megerositett-szilady-rfc-otthonabol\/\" \/>\n<meta property=\"og:locale\" content=\"hu_HU\" \/>\n<meta property=\"og:type\" content=\"article\" \/>\n<meta property=\"og:title\" content=\"Egy ponttal t\u00e9rt haza region\u00e1lis U13-as egy\u00fcttes\u00fcnk a meger\u0151s\u00edtett Szil\u00e1dy RFC otthon\u00e1b\u00f3l. - H\u00f3dmez\u0151v\u00e1s\u00e1rhelyi Futball Club\" \/>\n<meta property=\"og:description\" content=\"Szil\u00e1dy RFC U13 &#8211; HFC U13 2-2. G\u00f3lszerz\u0151k: Szab\u00f3 \u00c1. (15.), Szemenyei (44.) ill. Bartucz (21.), Acsai-Varga (49.). MLSZ Region\u00e1lis U13, D\u00e9lkeleti csoport 10. fordul\u00f3....\" \/>\n<meta property=\"og:url\" content=\"http:\/\/www.hfc1912.hu\/new\/2024\/11\/15\/egy-ponttal-tert-haza-regionalis-u13-as-egyuttesunk-a-megerositett-szilady-rfc-otthonabol\/\" \/>\n<meta property=\"og:site_name\" content=\"H\u00f3dmez\u0151v\u00e1s\u00e1rhelyi Futball Club\" \/>\n<meta property=\"article:published_time\" content=\"2024-11-14T23:01:33+00:00\" \/>\n<meta property=\"article:modified_time\" content=\"2024-11-14T23:01:34+00:00\" \/>\n<meta property=\"og:image\" content=\"http:\/\/www.hfc1912.hu\/new\/wp-content\/uploads\/2024\/11\/465782040_1108789104583489_8078735017606219433_n.jpg\" \/>\n\t<meta property=\"og:image:width\" content=\"2048\" \/>\n\t<meta property=\"og:image:height\" content=\"1362\" \/>\n\t<meta property=\"og:image:type\" content=\"image\/jpeg\" \/>\n<meta name=\"author\" content=\"Fejes Loretta\" \/>\n<meta name=\"twitter:card\" content=\"summary_large_image\" \/>\n<meta name=\"twitter:label1\" content=\"Written by\" \/>\n\t<meta name=\"twitter:data1\" content=\"Fejes Loretta\" \/>\n\t<meta name=\"twitter:label2\" content=\"Est. reading time\" \/>\n\t<meta name=\"twitter:data2\" content=\"1 perc\" \/>\n<script type=\"application\/ld+json\" class=\"yoast-schema-graph\">{\"@context\":\"https:\/\/schema.org\",\"@graph\":[{\"@type\":\"Article\",\"@id\":\"http:\/\/www.hfc1912.hu\/new\/2024\/11\/15\/egy-ponttal-tert-haza-regionalis-u13-as-egyuttesunk-a-megerositett-szilady-rfc-otthonabol\/#article\",\"isPartOf\":{\"@id\":\"http:\/\/www.hfc1912.hu\/new\/2024\/11\/15\/egy-ponttal-tert-haza-regionalis-u13-as-egyuttesunk-a-megerositett-szilady-rfc-otthonabol\/\"},\"author\":{\"name\":\"Fejes Loretta\",\"@id\":\"http:\/\/www.hfc1912.hu\/new\/#\/schema\/person\/05b742beb40ec0a8f805c71953628e65\"},\"headline\":\"Egy ponttal t\u00e9rt haza region\u00e1lis U13-as egy\u00fcttes\u00fcnk a meger\u0151s\u00edtett Szil\u00e1dy RFC otthon\u00e1b\u00f3l.\",\"datePublished\":\"2024-11-14T23:01:33+00:00\",\"dateModified\":\"2024-11-14T23:01:34+00:00\",\"mainEntityOfPage\":{\"@id\":\"http:\/\/www.hfc1912.hu\/new\/2024\/11\/15\/egy-ponttal-tert-haza-regionalis-u13-as-egyuttesunk-a-megerositett-szilady-rfc-otthonabol\/\"},\"wordCount\":189,\"publisher\":{\"@id\":\"http:\/\/www.hfc1912.hu\/new\/#organization\"},\"articleSection\":[\"H\u00edreink\"],\"inLanguage\":\"hu\"},{\"@type\":\"WebPage\",\"@id\":\"http:\/\/www.hfc1912.hu\/new\/2024\/11\/15\/egy-ponttal-tert-haza-regionalis-u13-as-egyuttesunk-a-megerositett-szilady-rfc-otthonabol\/\",\"url\":\"http:\/\/www.hfc1912.hu\/new\/2024\/11\/15\/egy-ponttal-tert-haza-regionalis-u13-as-egyuttesunk-a-megerositett-szilady-rfc-otthonabol\/\",\"name\":\"Egy ponttal t\u00e9rt haza region\u00e1lis U13-as egy\u00fcttes\u00fcnk a meger\u0151s\u00edtett Szil\u00e1dy RFC otthon\u00e1b\u00f3l. - H\u00f3dmez\u0151v\u00e1s\u00e1rhelyi Futball Club\",\"isPartOf\":{\"@id\":\"http:\/\/www.hfc1912.hu\/new\/#website\"},\"datePublished\":\"2024-11-14T23:01:33+00:00\",\"dateModified\":\"2024-11-14T23:01:34+00:00\",\"breadcrumb\":{\"@id\":\"http:\/\/www.hfc1912.hu\/new\/2024\/11\/15\/egy-ponttal-tert-haza-regionalis-u13-as-egyuttesunk-a-megerositett-szilady-rfc-otthonabol\/#breadcrumb\"},\"inLanguage\":\"hu\",\"potentialAction\":[{\"@type\":\"ReadAction\",\"target\":[\"http:\/\/www.hfc1912.hu\/new\/2024\/11\/15\/egy-ponttal-tert-haza-regionalis-u13-as-egyuttesunk-a-megerositett-szilady-rfc-otthonabol\/\"]}]},{\"@type\":\"BreadcrumbList\",\"@id\":\"http:\/\/www.hfc1912.hu\/new\/2024\/11\/15\/egy-ponttal-tert-haza-regionalis-u13-as-egyuttesunk-a-megerositett-szilady-rfc-otthonabol\/#breadcrumb\",\"itemListElement\":[{\"@type\":\"ListItem\",\"position\":1,\"name\":\"Home\",\"item\":\"http:\/\/www.hfc1912.hu\/new\/\"},{\"@type\":\"ListItem\",\"position\":2,\"name\":\"Egy ponttal t\u00e9rt haza region\u00e1lis U13-as egy\u00fcttes\u00fcnk a meger\u0151s\u00edtett Szil\u00e1dy RFC otthon\u00e1b\u00f3l.\"}]},{\"@type\":\"WebSite\",\"@id\":\"http:\/\/www.hfc1912.hu\/new\/#website\",\"url\":\"http:\/\/www.hfc1912.hu\/new\/\",\"name\":\"H\u00f3dmez\u0151v\u00e1s\u00e1rhelyi Futball Club\",\"description\":\"H\u00f3dmez\u0151v\u00e1s\u00e1rhelyi Futball Club hivatalos honlapja\",\"publisher\":{\"@id\":\"http:\/\/www.hfc1912.hu\/new\/#organization\"},\"potentialAction\":[{\"@type\":\"SearchAction\",\"target\":{\"@type\":\"EntryPoint\",\"urlTemplate\":\"http:\/\/www.hfc1912.hu\/new\/?s={search_term_string}\"},\"query-input\":\"required name=search_term_string\"}],\"inLanguage\":\"hu\"},{\"@type\":\"Organization\",\"@id\":\"http:\/\/www.hfc1912.hu\/new\/#organization\",\"name\":\"H\u00f3dmez\u0151v\u00e1s\u00e1rhelyi Futball Club\",\"url\":\"http:\/\/www.hfc1912.hu\/new\/\",\"sameAs\":[],\"logo\":{\"@type\":\"ImageObject\",\"inLanguage\":\"hu\",\"@id\":\"http:\/\/www.hfc1912.hu\/new\/#\/schema\/logo\/image\/\",\"url\":\"http:\/\/www.hfc1912.hu\/new\/wp-content\/uploads\/2021\/12\/cropped-V\u00e9gleges_c\u00edmer_atlatszo150162.png\",\"contentUrl\":\"http:\/\/www.hfc1912.hu\/new\/wp-content\/uploads\/2021\/12\/cropped-V\u00e9gleges_c\u00edmer_atlatszo150162.png\",\"width\":150,\"height\":162,\"caption\":\"H\u00f3dmez\u0151v\u00e1s\u00e1rhelyi Futball Club\"},\"image\":{\"@id\":\"http:\/\/www.hfc1912.hu\/new\/#\/schema\/logo\/image\/\"}},{\"@type\":\"Person\",\"@id\":\"http:\/\/www.hfc1912.hu\/new\/#\/schema\/person\/05b742beb40ec0a8f805c71953628e65\",\"name\":\"Fejes Loretta\",\"image\":{\"@type\":\"ImageObject\",\"inLanguage\":\"hu\",\"@id\":\"http:\/\/www.hfc1912.hu\/new\/#\/schema\/person\/image\/\",\"url\":\"http:\/\/0.gravatar.com\/avatar\/392d3c91f023210838ae5eb949191c81?s=96&d=mm&r=g\",\"contentUrl\":\"http:\/\/0.gravatar.com\/avatar\/392d3c91f023210838ae5eb949191c81?s=96&d=mm&r=g\",\"caption\":\"Fejes Loretta\"},\"url\":\"http:\/\/www.hfc1912.hu\/new\/author\/lori\/\"}]}<\/script>\n<!-- \/ Yoast SEO plugin. -->","yoast_head_json":{"title":"Egy ponttal t\u00e9rt haza region\u00e1lis U13-as egy\u00fcttes\u00fcnk a meger\u0151s\u00edtett Szil\u00e1dy RFC otthon\u00e1b\u00f3l. - H\u00f3dmez\u0151v\u00e1s\u00e1rhelyi Futball Club","robots":{"index":"index","follow":"follow","max-snippet":"max-snippet:-1","max-image-preview":"max-image-preview:large","max-video-preview":"max-video-preview:-1"},"canonical":"http:\/\/www.hfc1912.hu\/new\/2024\/11\/15\/egy-ponttal-tert-haza-regionalis-u13-as-egyuttesunk-a-megerositett-szilady-rfc-otthonabol\/","og_locale":"hu_HU","og_type":"article","og_title":"Egy ponttal t\u00e9rt haza region\u00e1lis U13-as egy\u00fcttes\u00fcnk a meger\u0151s\u00edtett Szil\u00e1dy RFC otthon\u00e1b\u00f3l. - H\u00f3dmez\u0151v\u00e1s\u00e1rhelyi Futball Club","og_description":"Szil\u00e1dy RFC U13 &#8211; HFC U13 2-2. G\u00f3lszerz\u0151k: Szab\u00f3 \u00c1. (15.), Szemenyei (44.) ill. Bartucz (21.), Acsai-Varga (49.). MLSZ Region\u00e1lis U13, D\u00e9lkeleti csoport 10. fordul\u00f3....","og_url":"http:\/\/www.hfc1912.hu\/new\/2024\/11\/15\/egy-ponttal-tert-haza-regionalis-u13-as-egyuttesunk-a-megerositett-szilady-rfc-otthonabol\/","og_site_name":"H\u00f3dmez\u0151v\u00e1s\u00e1rhelyi Futball Club","article_published_time":"2024-11-14T23:01:33+00:00","article_modified_time":"2024-11-14T23:01:34+00:00","og_image":[{"width":2048,"height":1362,"url":"http:\/\/www.hfc1912.hu\/new\/wp-content\/uploads\/2024\/11\/465782040_1108789104583489_8078735017606219433_n.jpg","type":"image\/jpeg"}],"author":"Fejes Loretta","twitter_card":"summary_large_image","twitter_misc":{"Written by":"Fejes Loretta","Est. reading time":"1 perc"},"schema":{"@context":"https:\/\/schema.org","@graph":[{"@type":"Article","@id":"http:\/\/www.hfc1912.hu\/new\/2024\/11\/15\/egy-ponttal-tert-haza-regionalis-u13-as-egyuttesunk-a-megerositett-szilady-rfc-otthonabol\/#article","isPartOf":{"@id":"http:\/\/www.hfc1912.hu\/new\/2024\/11\/15\/egy-ponttal-tert-haza-regionalis-u13-as-egyuttesunk-a-megerositett-szilady-rfc-otthonabol\/"},"author":{"name":"Fejes Loretta","@id":"http:\/\/www.hfc1912.hu\/new\/#\/schema\/person\/05b742beb40ec0a8f805c71953628e65"},"headline":"Egy ponttal t\u00e9rt haza region\u00e1lis U13-as egy\u00fcttes\u00fcnk a meger\u0151s\u00edtett Szil\u00e1dy RFC otthon\u00e1b\u00f3l.","datePublished":"2024-11-14T23:01:33+00:00","dateModified":"2024-11-14T23:01:34+00:00","mainEntityOfPage":{"@id":"http:\/\/www.hfc1912.hu\/new\/2024\/11\/15\/egy-ponttal-tert-haza-regionalis-u13-as-egyuttesunk-a-megerositett-szilady-rfc-otthonabol\/"},"wordCount":189,"publisher":{"@id":"http:\/\/www.hfc1912.hu\/new\/#organization"},"articleSection":["H\u00edreink"],"inLanguage":"hu"},{"@type":"WebPage","@id":"http:\/\/www.hfc1912.hu\/new\/2024\/11\/15\/egy-ponttal-tert-haza-regionalis-u13-as-egyuttesunk-a-megerositett-szilady-rfc-otthonabol\/","url":"http:\/\/www.hfc1912.hu\/new\/2024\/11\/15\/egy-ponttal-tert-haza-regionalis-u13-as-egyuttesunk-a-megerositett-szilady-rfc-otthonabol\/","name":"Egy ponttal t\u00e9rt haza region\u00e1lis U13-as egy\u00fcttes\u00fcnk a meger\u0151s\u00edtett Szil\u00e1dy RFC otthon\u00e1b\u00f3l. - H\u00f3dmez\u0151v\u00e1s\u00e1rhelyi Futball Club","isPartOf":{"@id":"http:\/\/www.hfc1912.hu\/new\/#website"},"datePublished":"2024-11-14T23:01:33+00:00","dateModified":"2024-11-14T23:01:34+00:00","breadcrumb":{"@id":"http:\/\/www.hfc1912.hu\/new\/2024\/11\/15\/egy-ponttal-tert-haza-regionalis-u13-as-egyuttesunk-a-megerositett-szilady-rfc-otthonabol\/#breadcrumb"},"inLanguage":"hu","potentialAction":[{"@type":"ReadAction","target":["http:\/\/www.hfc1912.hu\/new\/2024\/11\/15\/egy-ponttal-tert-haza-regionalis-u13-as-egyuttesunk-a-megerositett-szilady-rfc-otthonabol\/"]}]},{"@type":"BreadcrumbList","@id":"http:\/\/www.hfc1912.hu\/new\/2024\/11\/15\/egy-ponttal-tert-haza-regionalis-u13-as-egyuttesunk-a-megerositett-szilady-rfc-otthonabol\/#breadcrumb","itemListElement":[{"@type":"ListItem","position":1,"name":"Home","item":"http:\/\/www.hfc1912.hu\/new\/"},{"@type":"ListItem","position":2,"name":"Egy ponttal t\u00e9rt haza region\u00e1lis U13-as egy\u00fcttes\u00fcnk a meger\u0151s\u00edtett Szil\u00e1dy RFC otthon\u00e1b\u00f3l."}]},{"@type":"WebSite","@id":"http:\/\/www.hfc1912.hu\/new\/#website","url":"http:\/\/www.hfc1912.hu\/new\/","name":"H\u00f3dmez\u0151v\u00e1s\u00e1rhelyi Futball Club","description":"H\u00f3dmez\u0151v\u00e1s\u00e1rhelyi Futball Club hivatalos honlapja","publisher":{"@id":"http:\/\/www.hfc1912.hu\/new\/#organization"},"potentialAction":[{"@type":"SearchAction","target":{"@type":"EntryPoint","urlTemplate":"http:\/\/www.hfc1912.hu\/new\/?s={search_term_string}"},"query-input":"required name=search_term_string"}],"inLanguage":"hu"},{"@type":"Organization","@id":"http:\/\/www.hfc1912.hu\/new\/#organization","name":"H\u00f3dmez\u0151v\u00e1s\u00e1rhelyi Futball Club","url":"http:\/\/www.hfc1912.hu\/new\/","sameAs":[],"logo":{"@type":"ImageObject","inLanguage":"hu","@id":"http:\/\/www.hfc1912.hu\/new\/#\/schema\/logo\/image\/","url":"http:\/\/www.hfc1912.hu\/new\/wp-content\/uploads\/2021\/12\/cropped-V\u00e9gleges_c\u00edmer_atlatszo150162.png","contentUrl":"http:\/\/www.hfc1912.hu\/new\/wp-content\/uploads\/2021\/12\/cropped-V\u00e9gleges_c\u00edmer_atlatszo150162.png","width":150,"height":162,"caption":"H\u00f3dmez\u0151v\u00e1s\u00e1rhelyi Futball Club"},"image":{"@id":"http:\/\/www.hfc1912.hu\/new\/#\/schema\/logo\/image\/"}},{"@type":"Person","@id":"http:\/\/www.hfc1912.hu\/new\/#\/schema\/person\/05b742beb40ec0a8f805c71953628e65","name":"Fejes Loretta","image":{"@type":"ImageObject","inLanguage":"hu","@id":"http:\/\/www.hfc1912.hu\/new\/#\/schema\/person\/image\/","url":"http:\/\/0.gravatar.com\/avatar\/392d3c91f023210838ae5eb949191c81?s=96&d=mm&r=g","contentUrl":"http:\/\/0.gravatar.com\/avatar\/392d3c91f023210838ae5eb949191c81?s=96&d=mm&r=g","caption":"Fejes Loretta"},"url":"http:\/\/www.hfc1912.hu\/new\/author\/lori\/"}]}},"_links":{"self":[{"href":"http:\/\/www.hfc1912.hu\/new\/wp-json\/wp\/v2\/posts\/7756"}],"collection":[{"href":"http:\/\/www.hfc1912.hu\/new\/wp-json\/wp\/v2\/posts"}],"about":[{"href":"http:\/\/www.hfc1912.hu\/new\/wp-json\/wp\/v2\/types\/post"}],"author":[{"embeddable":true,"href":"http:\/\/www.hfc1912.hu\/new\/wp-json\/wp\/v2\/users\/4"}],"replies":[{"embeddable":true,"href":"http:\/\/www.hfc1912.hu\/new\/wp-json\/wp\/v2\/comments?post=7756"}],"version-history":[{"count":1,"href":"http:\/\/www.hfc1912.hu\/new\/wp-json\/wp\/v2\/posts\/7756\/revisions"}],"predecessor-version":[{"id":7757,"href":"http:\/\/www.hfc1912.hu\/new\/wp-json\/wp\/v2\/posts\/7756\/revisions\/7757"}],"wp:featuredmedia":[{"embeddable":true,"href":"http:\/\/www.hfc1912.hu\/new\/wp-json\/wp\/v2\/media\/7722"}],"wp:attachment":[{"href":"http:\/\/www.hfc1912.hu\/new\/wp-json\/wp\/v2\/media?parent=7756"}],"wp:term":[{"taxonomy":"category","embeddable":true,"href":"http:\/\/www.hfc1912.hu\/new\/wp-json\/wp\/v2\/categories?post=7756"},{"taxonomy":"post_tag","embeddable":true,"href":"http:\/\/www.hfc1912.hu\/new\/wp-json\/wp\/v2\/tags?post=7756"}],"curies":[{"name":"wp","href":"https:\/\/api.w.org\/{rel}","templated":true}]}}