{"id":7762,"date":"2024-11-20T18:19:44","date_gmt":"2024-11-20T17:19:44","guid":{"rendered":"http:\/\/www.hfc1912.hu\/new\/?p=7762"},"modified":"2024-11-20T18:19:45","modified_gmt":"2024-11-20T17:19:45","slug":"a-gyula-egyuttese-vitte-el-a-pontokat","status":"publish","type":"post","link":"http:\/\/www.hfc1912.hu\/new\/2024\/11\/20\/a-gyula-egyuttese-vitte-el-a-pontokat\/","title":{"rendered":"A Gyula egy\u00fcttese vitte el a pontokat."},"content":{"rendered":"\n<p>A m\u00e9rk\u0151z\u00e9s els\u0151 lehet\u0151s\u00e9ge csapatunk el\u0151tt ad\u00f3dott: az 5. percben T\u00f3th P\u00e9ter kapott remek labd\u00e1t \u00e9s bomb\u00e1zott a kapu f\u00f6l\u00e9. A 9. percben egy vend\u00e9g sz\u00f6gletet k\u00f6vet\u0151en W\u00e9ber fejelt a h\u00e1l\u00f3ba. 3 perccel k\u00e9s\u0151bb egy nagy bedob\u00e1s ut\u00e1ni kipattan\u00f3t Katona Gy\u00f6rgy juttatott a h\u00e1l\u00f3ba. A 21. percben T\u00f3th ugrott ki k\u00f6z\u00e9pen, de a kapu el\u0151ter\u00e9ben egy vend\u00e9g v\u00e9d\u0151 tiszt\u00e1zni tudott. A 27. percben Rabecz Botond adott le t\u00e1volr\u00f3l egy l\u00f6v\u00e9st, ami alig p\u00e1r centivel ker\u00fclte el a kaput. A 63. percben Mahler pr\u00f3b\u00e1lkoz\u00e1sa ker\u00fclte el a kaput. A 75. percben Z\u00e1mbori adott le egy gyenge l\u00f6v\u00e9st 16 m\u00e9terr\u0151l Kert\u00e9sznek. A hajr\u00e1ban m\u00e9g Cz\u00e9kus \u00e9s Pov\u00e1zsai jutott el l\u00f6v\u00e9sig, de ezek nem voltak vesz\u00e9lyesek Kert\u00e9sz kapuj\u00e1ra.<\/p>\n\n\n\n<p><strong>HFC \u2013 Gyulai Term\u00e1l FC 0\u20132 (0\u20132)<\/strong>.<\/p>\n\n\n\n<p><strong>G\u00f3lszerz\u0151k:\u00a0W\u00e9ber (9.), Katona Gy. (12.).<\/strong><\/p>\n\n\n\n<p>NB III., D\u00e9l-keleti csoport, 16. fordul\u00f3. <\/p>\n\n\n\n<p>H\u00f3dmez\u0151v\u00e1s\u00e1rhely, 200 n\u00e9z\u0151. <\/p>\n\n\n\n<p>Vezette:&nbsp;N\u00e9meth Gergely (Kov\u00e1cs II., G\u00e1bor, Deme Rajmund).<\/p>\n\n\n\n<p><strong>HFC:<\/strong><\/p>\n\n\n\n<p>Vaits \u2013 Guth, D\u00f3ra D., Zana, Z\u00e1mbori (Cz\u00e9kus, 76.) \u2013 Rabecz B. (Herczeg L., 76.), T\u00f6r\u00f6k K., Sipos G. (Pov\u00e1zsai, 87.), Mahler (Pleszk\u00e1n, 87.) \u2013 T\u00f3th P., Gr\u00e9czi (Simon D., 87.).&nbsp;<\/p>\n\n\n\n<p><strong>Megb\u00edzott edz\u0151:<\/strong>&nbsp;Sz\u0171cs R\u00f3bert.<\/p>\n\n\n\n<p><strong>Gyula:<\/strong>&nbsp;<\/p>\n\n\n\n<p>Kert\u00e9sz D. \u2013 Szab\u00f3 P., W\u00e9ber, Ily\u00e9s (Varga T., 59.), Szab\u00f3 P., Zeleny\u00e1nszki (Geiger, 79.), Czirok, Zabari, &nbsp;V\u00f6r\u00f6s (Szil\u00e1gyi, 79.), Kov\u00e1cs Zs. (Malk\u00f3cs, 72.), Krajcs\u00f3, Katona Gy. (Trescsula, 59.).&nbsp;<\/p>\n\n\n\n<p><strong>Vezet\u0151edz\u0151:<\/strong>&nbsp;Ekker Attila.<\/p>\n\n\n\n<p><strong><em>Nyilatkozat: <\/em><\/strong>Rutinos csapat a Gyula, h\u00e1rom perc alatt kihaszn\u00e1lta a k\u00e9t k\u00edn\u00e1lkoz\u00f3 lehet\u0151s\u00e9g\u00e9t, ut\u00e1na m\u00e1r hi\u00e1ba hajtottunk, hi\u00e1nyzott bel\u0151l\u00fcnk az elm\u00falt hetek \u00e1t\u00fct\u0151ereje.<\/p>\n\n\n\n<p>Vas\u00e1rnap a Budapest-Honv\u00e9d II. g\u00e1rd\u00e1ja \u00e9rkezik a V\u00e1rosi Stadionba.<\/p>\n\n\n\n<p>Fot\u00f3: Simcsik Julianna.<\/p>\n","protected":false},"excerpt":{"rendered":"<p>A m\u00e9rk\u0151z\u00e9s els\u0151 lehet\u0151s\u00e9ge csapatunk el\u0151tt ad\u00f3dott: az 5. percben T\u00f3th P\u00e9ter kapott remek labd\u00e1t \u00e9s bomb\u00e1zott a kapu f\u00f6l\u00e9. A 9. percben egy vend\u00e9g&#8230;<\/p>\n","protected":false},"author":4,"featured_media":7764,"comment_status":"closed","ping_status":"closed","sticky":false,"template":"","format":"standard","meta":[],"categories":[1],"tags":[],"yoast_head":"<!-- This site is optimized with the Yoast SEO plugin v19.8 - https:\/\/yoast.com\/wordpress\/plugins\/seo\/ -->\n<title>A Gyula egy\u00fcttese vitte el a pontokat. - H\u00f3dmez\u0151v\u00e1s\u00e1rhelyi Futball Club<\/title>\n<meta name=\"robots\" content=\"index, follow, max-snippet:-1, max-image-preview:large, max-video-preview:-1\" \/>\n<link rel=\"canonical\" href=\"http:\/\/www.hfc1912.hu\/new\/2024\/11\/20\/a-gyula-egyuttese-vitte-el-a-pontokat\/\" \/>\n<meta property=\"og:locale\" content=\"hu_HU\" \/>\n<meta property=\"og:type\" content=\"article\" \/>\n<meta property=\"og:title\" content=\"A Gyula egy\u00fcttese vitte el a pontokat. - H\u00f3dmez\u0151v\u00e1s\u00e1rhelyi Futball Club\" \/>\n<meta property=\"og:description\" content=\"A m\u00e9rk\u0151z\u00e9s els\u0151 lehet\u0151s\u00e9ge csapatunk el\u0151tt ad\u00f3dott: az 5. percben T\u00f3th P\u00e9ter kapott remek labd\u00e1t \u00e9s bomb\u00e1zott a kapu f\u00f6l\u00e9. A 9. percben egy vend\u00e9g...\" \/>\n<meta property=\"og:url\" content=\"http:\/\/www.hfc1912.hu\/new\/2024\/11\/20\/a-gyula-egyuttese-vitte-el-a-pontokat\/\" \/>\n<meta property=\"og:site_name\" content=\"H\u00f3dmez\u0151v\u00e1s\u00e1rhelyi Futball Club\" \/>\n<meta property=\"article:published_time\" content=\"2024-11-20T17:19:44+00:00\" \/>\n<meta property=\"article:modified_time\" content=\"2024-11-20T17:19:45+00:00\" \/>\n<meta property=\"og:image\" content=\"http:\/\/www.hfc1912.hu\/new\/wp-content\/uploads\/2024\/11\/466968081_10231945364364207_5997334971437571994_n.jpg\" \/>\n\t<meta property=\"og:image:width\" content=\"2048\" \/>\n\t<meta property=\"og:image:height\" content=\"1536\" \/>\n\t<meta property=\"og:image:type\" content=\"image\/jpeg\" \/>\n<meta name=\"author\" content=\"Fejes Loretta\" \/>\n<meta name=\"twitter:card\" content=\"summary_large_image\" \/>\n<meta name=\"twitter:label1\" content=\"Written by\" \/>\n\t<meta name=\"twitter:data1\" content=\"Fejes Loretta\" \/>\n\t<meta name=\"twitter:label2\" content=\"Est. reading time\" \/>\n\t<meta name=\"twitter:data2\" content=\"2 perc\" \/>\n<script type=\"application\/ld+json\" class=\"yoast-schema-graph\">{\"@context\":\"https:\/\/schema.org\",\"@graph\":[{\"@type\":\"Article\",\"@id\":\"http:\/\/www.hfc1912.hu\/new\/2024\/11\/20\/a-gyula-egyuttese-vitte-el-a-pontokat\/#article\",\"isPartOf\":{\"@id\":\"http:\/\/www.hfc1912.hu\/new\/2024\/11\/20\/a-gyula-egyuttese-vitte-el-a-pontokat\/\"},\"author\":{\"name\":\"Fejes Loretta\",\"@id\":\"http:\/\/www.hfc1912.hu\/new\/#\/schema\/person\/05b742beb40ec0a8f805c71953628e65\"},\"headline\":\"A Gyula egy\u00fcttese vitte el a pontokat.\",\"datePublished\":\"2024-11-20T17:19:44+00:00\",\"dateModified\":\"2024-11-20T17:19:45+00:00\",\"mainEntityOfPage\":{\"@id\":\"http:\/\/www.hfc1912.hu\/new\/2024\/11\/20\/a-gyula-egyuttese-vitte-el-a-pontokat\/\"},\"wordCount\":352,\"publisher\":{\"@id\":\"http:\/\/www.hfc1912.hu\/new\/#organization\"},\"articleSection\":[\"H\u00edreink\"],\"inLanguage\":\"hu\"},{\"@type\":\"WebPage\",\"@id\":\"http:\/\/www.hfc1912.hu\/new\/2024\/11\/20\/a-gyula-egyuttese-vitte-el-a-pontokat\/\",\"url\":\"http:\/\/www.hfc1912.hu\/new\/2024\/11\/20\/a-gyula-egyuttese-vitte-el-a-pontokat\/\",\"name\":\"A Gyula egy\u00fcttese vitte el a pontokat. - H\u00f3dmez\u0151v\u00e1s\u00e1rhelyi Futball Club\",\"isPartOf\":{\"@id\":\"http:\/\/www.hfc1912.hu\/new\/#website\"},\"datePublished\":\"2024-11-20T17:19:44+00:00\",\"dateModified\":\"2024-11-20T17:19:45+00:00\",\"breadcrumb\":{\"@id\":\"http:\/\/www.hfc1912.hu\/new\/2024\/11\/20\/a-gyula-egyuttese-vitte-el-a-pontokat\/#breadcrumb\"},\"inLanguage\":\"hu\",\"potentialAction\":[{\"@type\":\"ReadAction\",\"target\":[\"http:\/\/www.hfc1912.hu\/new\/2024\/11\/20\/a-gyula-egyuttese-vitte-el-a-pontokat\/\"]}]},{\"@type\":\"BreadcrumbList\",\"@id\":\"http:\/\/www.hfc1912.hu\/new\/2024\/11\/20\/a-gyula-egyuttese-vitte-el-a-pontokat\/#breadcrumb\",\"itemListElement\":[{\"@type\":\"ListItem\",\"position\":1,\"name\":\"Home\",\"item\":\"http:\/\/www.hfc1912.hu\/new\/\"},{\"@type\":\"ListItem\",\"position\":2,\"name\":\"A Gyula egy\u00fcttese vitte el a pontokat.\"}]},{\"@type\":\"WebSite\",\"@id\":\"http:\/\/www.hfc1912.hu\/new\/#website\",\"url\":\"http:\/\/www.hfc1912.hu\/new\/\",\"name\":\"H\u00f3dmez\u0151v\u00e1s\u00e1rhelyi Futball Club\",\"description\":\"H\u00f3dmez\u0151v\u00e1s\u00e1rhelyi Futball Club hivatalos honlapja\",\"publisher\":{\"@id\":\"http:\/\/www.hfc1912.hu\/new\/#organization\"},\"potentialAction\":[{\"@type\":\"SearchAction\",\"target\":{\"@type\":\"EntryPoint\",\"urlTemplate\":\"http:\/\/www.hfc1912.hu\/new\/?s={search_term_string}\"},\"query-input\":\"required name=search_term_string\"}],\"inLanguage\":\"hu\"},{\"@type\":\"Organization\",\"@id\":\"http:\/\/www.hfc1912.hu\/new\/#organization\",\"name\":\"H\u00f3dmez\u0151v\u00e1s\u00e1rhelyi Futball Club\",\"url\":\"http:\/\/www.hfc1912.hu\/new\/\",\"sameAs\":[],\"logo\":{\"@type\":\"ImageObject\",\"inLanguage\":\"hu\",\"@id\":\"http:\/\/www.hfc1912.hu\/new\/#\/schema\/logo\/image\/\",\"url\":\"http:\/\/www.hfc1912.hu\/new\/wp-content\/uploads\/2021\/12\/cropped-V\u00e9gleges_c\u00edmer_atlatszo150162.png\",\"contentUrl\":\"http:\/\/www.hfc1912.hu\/new\/wp-content\/uploads\/2021\/12\/cropped-V\u00e9gleges_c\u00edmer_atlatszo150162.png\",\"width\":150,\"height\":162,\"caption\":\"H\u00f3dmez\u0151v\u00e1s\u00e1rhelyi Futball Club\"},\"image\":{\"@id\":\"http:\/\/www.hfc1912.hu\/new\/#\/schema\/logo\/image\/\"}},{\"@type\":\"Person\",\"@id\":\"http:\/\/www.hfc1912.hu\/new\/#\/schema\/person\/05b742beb40ec0a8f805c71953628e65\",\"name\":\"Fejes Loretta\",\"image\":{\"@type\":\"ImageObject\",\"inLanguage\":\"hu\",\"@id\":\"http:\/\/www.hfc1912.hu\/new\/#\/schema\/person\/image\/\",\"url\":\"http:\/\/0.gravatar.com\/avatar\/392d3c91f023210838ae5eb949191c81?s=96&d=mm&r=g\",\"contentUrl\":\"http:\/\/0.gravatar.com\/avatar\/392d3c91f023210838ae5eb949191c81?s=96&d=mm&r=g\",\"caption\":\"Fejes Loretta\"},\"url\":\"http:\/\/www.hfc1912.hu\/new\/author\/lori\/\"}]}<\/script>\n<!-- \/ Yoast SEO plugin. -->","yoast_head_json":{"title":"A Gyula egy\u00fcttese vitte el a pontokat. - H\u00f3dmez\u0151v\u00e1s\u00e1rhelyi Futball Club","robots":{"index":"index","follow":"follow","max-snippet":"max-snippet:-1","max-image-preview":"max-image-preview:large","max-video-preview":"max-video-preview:-1"},"canonical":"http:\/\/www.hfc1912.hu\/new\/2024\/11\/20\/a-gyula-egyuttese-vitte-el-a-pontokat\/","og_locale":"hu_HU","og_type":"article","og_title":"A Gyula egy\u00fcttese vitte el a pontokat. - H\u00f3dmez\u0151v\u00e1s\u00e1rhelyi Futball Club","og_description":"A m\u00e9rk\u0151z\u00e9s els\u0151 lehet\u0151s\u00e9ge csapatunk el\u0151tt ad\u00f3dott: az 5. percben T\u00f3th P\u00e9ter kapott remek labd\u00e1t \u00e9s bomb\u00e1zott a kapu f\u00f6l\u00e9. A 9. percben egy vend\u00e9g...","og_url":"http:\/\/www.hfc1912.hu\/new\/2024\/11\/20\/a-gyula-egyuttese-vitte-el-a-pontokat\/","og_site_name":"H\u00f3dmez\u0151v\u00e1s\u00e1rhelyi Futball Club","article_published_time":"2024-11-20T17:19:44+00:00","article_modified_time":"2024-11-20T17:19:45+00:00","og_image":[{"width":2048,"height":1536,"url":"http:\/\/www.hfc1912.hu\/new\/wp-content\/uploads\/2024\/11\/466968081_10231945364364207_5997334971437571994_n.jpg","type":"image\/jpeg"}],"author":"Fejes Loretta","twitter_card":"summary_large_image","twitter_misc":{"Written by":"Fejes Loretta","Est. reading time":"2 perc"},"schema":{"@context":"https:\/\/schema.org","@graph":[{"@type":"Article","@id":"http:\/\/www.hfc1912.hu\/new\/2024\/11\/20\/a-gyula-egyuttese-vitte-el-a-pontokat\/#article","isPartOf":{"@id":"http:\/\/www.hfc1912.hu\/new\/2024\/11\/20\/a-gyula-egyuttese-vitte-el-a-pontokat\/"},"author":{"name":"Fejes Loretta","@id":"http:\/\/www.hfc1912.hu\/new\/#\/schema\/person\/05b742beb40ec0a8f805c71953628e65"},"headline":"A Gyula egy\u00fcttese vitte el a pontokat.","datePublished":"2024-11-20T17:19:44+00:00","dateModified":"2024-11-20T17:19:45+00:00","mainEntityOfPage":{"@id":"http:\/\/www.hfc1912.hu\/new\/2024\/11\/20\/a-gyula-egyuttese-vitte-el-a-pontokat\/"},"wordCount":352,"publisher":{"@id":"http:\/\/www.hfc1912.hu\/new\/#organization"},"articleSection":["H\u00edreink"],"inLanguage":"hu"},{"@type":"WebPage","@id":"http:\/\/www.hfc1912.hu\/new\/2024\/11\/20\/a-gyula-egyuttese-vitte-el-a-pontokat\/","url":"http:\/\/www.hfc1912.hu\/new\/2024\/11\/20\/a-gyula-egyuttese-vitte-el-a-pontokat\/","name":"A Gyula egy\u00fcttese vitte el a pontokat. - H\u00f3dmez\u0151v\u00e1s\u00e1rhelyi Futball Club","isPartOf":{"@id":"http:\/\/www.hfc1912.hu\/new\/#website"},"datePublished":"2024-11-20T17:19:44+00:00","dateModified":"2024-11-20T17:19:45+00:00","breadcrumb":{"@id":"http:\/\/www.hfc1912.hu\/new\/2024\/11\/20\/a-gyula-egyuttese-vitte-el-a-pontokat\/#breadcrumb"},"inLanguage":"hu","potentialAction":[{"@type":"ReadAction","target":["http:\/\/www.hfc1912.hu\/new\/2024\/11\/20\/a-gyula-egyuttese-vitte-el-a-pontokat\/"]}]},{"@type":"BreadcrumbList","@id":"http:\/\/www.hfc1912.hu\/new\/2024\/11\/20\/a-gyula-egyuttese-vitte-el-a-pontokat\/#breadcrumb","itemListElement":[{"@type":"ListItem","position":1,"name":"Home","item":"http:\/\/www.hfc1912.hu\/new\/"},{"@type":"ListItem","position":2,"name":"A Gyula egy\u00fcttese vitte el a pontokat."}]},{"@type":"WebSite","@id":"http:\/\/www.hfc1912.hu\/new\/#website","url":"http:\/\/www.hfc1912.hu\/new\/","name":"H\u00f3dmez\u0151v\u00e1s\u00e1rhelyi Futball Club","description":"H\u00f3dmez\u0151v\u00e1s\u00e1rhelyi Futball Club hivatalos honlapja","publisher":{"@id":"http:\/\/www.hfc1912.hu\/new\/#organization"},"potentialAction":[{"@type":"SearchAction","target":{"@type":"EntryPoint","urlTemplate":"http:\/\/www.hfc1912.hu\/new\/?s={search_term_string}"},"query-input":"required name=search_term_string"}],"inLanguage":"hu"},{"@type":"Organization","@id":"http:\/\/www.hfc1912.hu\/new\/#organization","name":"H\u00f3dmez\u0151v\u00e1s\u00e1rhelyi Futball Club","url":"http:\/\/www.hfc1912.hu\/new\/","sameAs":[],"logo":{"@type":"ImageObject","inLanguage":"hu","@id":"http:\/\/www.hfc1912.hu\/new\/#\/schema\/logo\/image\/","url":"http:\/\/www.hfc1912.hu\/new\/wp-content\/uploads\/2021\/12\/cropped-V\u00e9gleges_c\u00edmer_atlatszo150162.png","contentUrl":"http:\/\/www.hfc1912.hu\/new\/wp-content\/uploads\/2021\/12\/cropped-V\u00e9gleges_c\u00edmer_atlatszo150162.png","width":150,"height":162,"caption":"H\u00f3dmez\u0151v\u00e1s\u00e1rhelyi Futball Club"},"image":{"@id":"http:\/\/www.hfc1912.hu\/new\/#\/schema\/logo\/image\/"}},{"@type":"Person","@id":"http:\/\/www.hfc1912.hu\/new\/#\/schema\/person\/05b742beb40ec0a8f805c71953628e65","name":"Fejes Loretta","image":{"@type":"ImageObject","inLanguage":"hu","@id":"http:\/\/www.hfc1912.hu\/new\/#\/schema\/person\/image\/","url":"http:\/\/0.gravatar.com\/avatar\/392d3c91f023210838ae5eb949191c81?s=96&d=mm&r=g","contentUrl":"http:\/\/0.gravatar.com\/avatar\/392d3c91f023210838ae5eb949191c81?s=96&d=mm&r=g","caption":"Fejes Loretta"},"url":"http:\/\/www.hfc1912.hu\/new\/author\/lori\/"}]}},"_links":{"self":[{"href":"http:\/\/www.hfc1912.hu\/new\/wp-json\/wp\/v2\/posts\/7762"}],"collection":[{"href":"http:\/\/www.hfc1912.hu\/new\/wp-json\/wp\/v2\/posts"}],"about":[{"href":"http:\/\/www.hfc1912.hu\/new\/wp-json\/wp\/v2\/types\/post"}],"author":[{"embeddable":true,"href":"http:\/\/www.hfc1912.hu\/new\/wp-json\/wp\/v2\/users\/4"}],"replies":[{"embeddable":true,"href":"http:\/\/www.hfc1912.hu\/new\/wp-json\/wp\/v2\/comments?post=7762"}],"version-history":[{"count":2,"href":"http:\/\/www.hfc1912.hu\/new\/wp-json\/wp\/v2\/posts\/7762\/revisions"}],"predecessor-version":[{"id":7765,"href":"http:\/\/www.hfc1912.hu\/new\/wp-json\/wp\/v2\/posts\/7762\/revisions\/7765"}],"wp:featuredmedia":[{"embeddable":true,"href":"http:\/\/www.hfc1912.hu\/new\/wp-json\/wp\/v2\/media\/7764"}],"wp:attachment":[{"href":"http:\/\/www.hfc1912.hu\/new\/wp-json\/wp\/v2\/media?parent=7762"}],"wp:term":[{"taxonomy":"category","embeddable":true,"href":"http:\/\/www.hfc1912.hu\/new\/wp-json\/wp\/v2\/categories?post=7762"},{"taxonomy":"post_tag","embeddable":true,"href":"http:\/\/www.hfc1912.hu\/new\/wp-json\/wp\/v2\/tags?post=7762"}],"curies":[{"name":"wp","href":"https:\/\/api.w.org\/{rel}","templated":true}]}}