{"id":7880,"date":"2025-02-26T21:01:00","date_gmt":"2025-02-26T20:01:00","guid":{"rendered":"http:\/\/www.hfc1912.hu\/new\/?p=7880"},"modified":"2025-03-04T21:03:38","modified_gmt":"2025-03-04T20:03:38","slug":"atigazolasi-hirek-11","status":"publish","type":"post","link":"http:\/\/www.hfc1912.hu\/new\/2025\/02\/26\/atigazolasi-hirek-11\/","title":{"rendered":"\u00c1tigazol\u00e1si h\u00edrek"},"content":{"rendered":"\n<p><strong>\u00c9rkezett: Feh\u00e9r Barnab\u00e1s L\u00e1szl\u00f3.<\/strong><br><strong>Sz\u00fcletett: 2002. 05. 16. (22 \u00e9ves).<\/strong><\/p>\n\n\n\n<p><br>NB III-as csapatunk g\u00f3ler\u0151s csat\u00e1rral er\u0151s\u00f6d\u00f6tt. Barnab\u00e1s az edz\u0151m\u00e9rk\u0151z\u00e9seken m\u00e1r t\u00f6bb alkalommal is g\u00f3lokkal bizony\u00edtotta tehets\u00e9g\u00e9t. A Zalaegerszeg akad\u00e9mi\u00e1j\u00e1n nevelkedett, ahol az ut\u00e1np\u00f3tl\u00e1s \u00e9vei ut\u00e1n alapemberr\u00e9 v\u00e1lt az NB III-as csapatn\u00e1l, \u00e9s bemutatkozott az NB I-ben is. A 2022\/2023-as szezont a szlov\u00e9niai Lendva egy\u00fcttes\u00e9n\u00e9l t\u00f6lt\u00f6tte, majd hazat\u00e9rt Magyarorsz\u00e1gra, \u00e9s az NB III-as Nagykanizs\u00e1n\u00e1l folytatta. F\u00e9l szezon ut\u00e1n ism\u00e9t k\u00fclf\u00f6ldre igazolt, ez\u00fattal az osztr\u00e1k \u00f6t\u00f6d oszt\u00e1lyban j\u00e1tszott. Egy Ausztri\u00e1ban t\u00f6lt\u00f6tt szezon ut\u00e1n \u00e9rkezett H\u00f3dmez\u0151v\u00e1s\u00e1rhelyre.<\/p>\n\n\n\n<p>\u00dcdv\u00f6zl\u00fcnk a klubn\u00e1l, Barnab\u00e1s! Sok-sok g\u00f3lt \u00e9s m\u00e9rk\u0151z\u00e9st k\u00edv\u00e1nunk neked v\u00e1s\u00e1rhelyi sz\u00ednekben!<\/p>\n\n\n\n<p>Hajr\u00e1 HFC!<\/p>\n\n\n\n<figure class=\"wp-block-image size-large\"><img loading=\"lazy\" width=\"1024\" height=\"1024\" src=\"http:\/\/www.hfc1912.hu\/new\/wp-content\/uploads\/2025\/03\/481132896_1198470802281985_3233087657463782971_n-1024x1024.jpg\" alt=\"\" class=\"wp-image-7882\" srcset=\"http:\/\/www.hfc1912.hu\/new\/wp-content\/uploads\/2025\/03\/481132896_1198470802281985_3233087657463782971_n-1024x1024.jpg 1024w, http:\/\/www.hfc1912.hu\/new\/wp-content\/uploads\/2025\/03\/481132896_1198470802281985_3233087657463782971_n-300x300.jpg 300w, http:\/\/www.hfc1912.hu\/new\/wp-content\/uploads\/2025\/03\/481132896_1198470802281985_3233087657463782971_n-768x768.jpg 768w, http:\/\/www.hfc1912.hu\/new\/wp-content\/uploads\/2025\/03\/481132896_1198470802281985_3233087657463782971_n-128x128.jpg 128w, http:\/\/www.hfc1912.hu\/new\/wp-content\/uploads\/2025\/03\/481132896_1198470802281985_3233087657463782971_n-32x32.jpg 32w, http:\/\/www.hfc1912.hu\/new\/wp-content\/uploads\/2025\/03\/481132896_1198470802281985_3233087657463782971_n-100x100.jpg 100w, http:\/\/www.hfc1912.hu\/new\/wp-content\/uploads\/2025\/03\/481132896_1198470802281985_3233087657463782971_n.jpg 1080w\" sizes=\"(max-width: 1024px) 100vw, 1024px\" \/><\/figure>\n","protected":false},"excerpt":{"rendered":"<p>\u00c9rkezett: Feh\u00e9r Barnab\u00e1s L\u00e1szl\u00f3.Sz\u00fcletett: 2002. 05. 16. (22 \u00e9ves). NB III-as csapatunk g\u00f3ler\u0151s csat\u00e1rral er\u0151s\u00f6d\u00f6tt. Barnab\u00e1s az edz\u0151m\u00e9rk\u0151z\u00e9seken m\u00e1r t\u00f6bb alkalommal is g\u00f3lokkal bizony\u00edtotta tehets\u00e9g\u00e9t&#8230;.<\/p>\n","protected":false},"author":4,"featured_media":7881,"comment_status":"closed","ping_status":"closed","sticky":false,"template":"","format":"standard","meta":[],"categories":[1],"tags":[],"yoast_head":"<!-- This site is optimized with the Yoast SEO plugin v19.8 - https:\/\/yoast.com\/wordpress\/plugins\/seo\/ -->\n<title>\u00c1tigazol\u00e1si h\u00edrek - H\u00f3dmez\u0151v\u00e1s\u00e1rhelyi Futball Club<\/title>\n<meta name=\"robots\" content=\"index, follow, max-snippet:-1, max-image-preview:large, max-video-preview:-1\" \/>\n<link rel=\"canonical\" href=\"http:\/\/www.hfc1912.hu\/new\/2025\/02\/26\/atigazolasi-hirek-11\/\" \/>\n<meta property=\"og:locale\" content=\"hu_HU\" \/>\n<meta property=\"og:type\" content=\"article\" \/>\n<meta property=\"og:title\" content=\"\u00c1tigazol\u00e1si h\u00edrek - H\u00f3dmez\u0151v\u00e1s\u00e1rhelyi Futball Club\" \/>\n<meta property=\"og:description\" content=\"\u00c9rkezett: Feh\u00e9r Barnab\u00e1s L\u00e1szl\u00f3.Sz\u00fcletett: 2002. 05. 16. (22 \u00e9ves). NB III-as csapatunk g\u00f3ler\u0151s csat\u00e1rral er\u0151s\u00f6d\u00f6tt. Barnab\u00e1s az edz\u0151m\u00e9rk\u0151z\u00e9seken m\u00e1r t\u00f6bb alkalommal is g\u00f3lokkal bizony\u00edtotta tehets\u00e9g\u00e9t....\" \/>\n<meta property=\"og:url\" content=\"http:\/\/www.hfc1912.hu\/new\/2025\/02\/26\/atigazolasi-hirek-11\/\" \/>\n<meta property=\"og:site_name\" content=\"H\u00f3dmez\u0151v\u00e1s\u00e1rhelyi Futball Club\" \/>\n<meta property=\"article:published_time\" content=\"2025-02-26T20:01:00+00:00\" \/>\n<meta property=\"article:modified_time\" content=\"2025-03-04T20:03:38+00:00\" \/>\n<meta property=\"og:image\" content=\"http:\/\/www.hfc1912.hu\/new\/wp-content\/uploads\/2025\/03\/IMG_1799.jpeg\" \/>\n\t<meta property=\"og:image:width\" content=\"2272\" \/>\n\t<meta property=\"og:image:height\" content=\"1850\" \/>\n\t<meta property=\"og:image:type\" content=\"image\/jpeg\" \/>\n<meta name=\"author\" content=\"Fejes Loretta\" \/>\n<meta name=\"twitter:card\" content=\"summary_large_image\" \/>\n<meta name=\"twitter:label1\" content=\"Written by\" \/>\n\t<meta name=\"twitter:data1\" content=\"Fejes Loretta\" \/>\n\t<meta name=\"twitter:label2\" content=\"Est. reading time\" \/>\n\t<meta name=\"twitter:data2\" content=\"1 perc\" \/>\n<script type=\"application\/ld+json\" class=\"yoast-schema-graph\">{\"@context\":\"https:\/\/schema.org\",\"@graph\":[{\"@type\":\"Article\",\"@id\":\"http:\/\/www.hfc1912.hu\/new\/2025\/02\/26\/atigazolasi-hirek-11\/#article\",\"isPartOf\":{\"@id\":\"http:\/\/www.hfc1912.hu\/new\/2025\/02\/26\/atigazolasi-hirek-11\/\"},\"author\":{\"name\":\"Fejes Loretta\",\"@id\":\"http:\/\/www.hfc1912.hu\/new\/#\/schema\/person\/05b742beb40ec0a8f805c71953628e65\"},\"headline\":\"\u00c1tigazol\u00e1si h\u00edrek\",\"datePublished\":\"2025-02-26T20:01:00+00:00\",\"dateModified\":\"2025-03-04T20:03:38+00:00\",\"mainEntityOfPage\":{\"@id\":\"http:\/\/www.hfc1912.hu\/new\/2025\/02\/26\/atigazolasi-hirek-11\/\"},\"wordCount\":168,\"publisher\":{\"@id\":\"http:\/\/www.hfc1912.hu\/new\/#organization\"},\"articleSection\":[\"H\u00edreink\"],\"inLanguage\":\"hu\"},{\"@type\":\"WebPage\",\"@id\":\"http:\/\/www.hfc1912.hu\/new\/2025\/02\/26\/atigazolasi-hirek-11\/\",\"url\":\"http:\/\/www.hfc1912.hu\/new\/2025\/02\/26\/atigazolasi-hirek-11\/\",\"name\":\"\u00c1tigazol\u00e1si h\u00edrek - H\u00f3dmez\u0151v\u00e1s\u00e1rhelyi Futball Club\",\"isPartOf\":{\"@id\":\"http:\/\/www.hfc1912.hu\/new\/#website\"},\"datePublished\":\"2025-02-26T20:01:00+00:00\",\"dateModified\":\"2025-03-04T20:03:38+00:00\",\"breadcrumb\":{\"@id\":\"http:\/\/www.hfc1912.hu\/new\/2025\/02\/26\/atigazolasi-hirek-11\/#breadcrumb\"},\"inLanguage\":\"hu\",\"potentialAction\":[{\"@type\":\"ReadAction\",\"target\":[\"http:\/\/www.hfc1912.hu\/new\/2025\/02\/26\/atigazolasi-hirek-11\/\"]}]},{\"@type\":\"BreadcrumbList\",\"@id\":\"http:\/\/www.hfc1912.hu\/new\/2025\/02\/26\/atigazolasi-hirek-11\/#breadcrumb\",\"itemListElement\":[{\"@type\":\"ListItem\",\"position\":1,\"name\":\"Home\",\"item\":\"http:\/\/www.hfc1912.hu\/new\/\"},{\"@type\":\"ListItem\",\"position\":2,\"name\":\"\u00c1tigazol\u00e1si h\u00edrek\"}]},{\"@type\":\"WebSite\",\"@id\":\"http:\/\/www.hfc1912.hu\/new\/#website\",\"url\":\"http:\/\/www.hfc1912.hu\/new\/\",\"name\":\"H\u00f3dmez\u0151v\u00e1s\u00e1rhelyi Futball Club\",\"description\":\"H\u00f3dmez\u0151v\u00e1s\u00e1rhelyi Futball Club hivatalos honlapja\",\"publisher\":{\"@id\":\"http:\/\/www.hfc1912.hu\/new\/#organization\"},\"potentialAction\":[{\"@type\":\"SearchAction\",\"target\":{\"@type\":\"EntryPoint\",\"urlTemplate\":\"http:\/\/www.hfc1912.hu\/new\/?s={search_term_string}\"},\"query-input\":\"required name=search_term_string\"}],\"inLanguage\":\"hu\"},{\"@type\":\"Organization\",\"@id\":\"http:\/\/www.hfc1912.hu\/new\/#organization\",\"name\":\"H\u00f3dmez\u0151v\u00e1s\u00e1rhelyi Futball Club\",\"url\":\"http:\/\/www.hfc1912.hu\/new\/\",\"sameAs\":[],\"logo\":{\"@type\":\"ImageObject\",\"inLanguage\":\"hu\",\"@id\":\"http:\/\/www.hfc1912.hu\/new\/#\/schema\/logo\/image\/\",\"url\":\"http:\/\/www.hfc1912.hu\/new\/wp-content\/uploads\/2021\/12\/cropped-V\u00e9gleges_c\u00edmer_atlatszo150162.png\",\"contentUrl\":\"http:\/\/www.hfc1912.hu\/new\/wp-content\/uploads\/2021\/12\/cropped-V\u00e9gleges_c\u00edmer_atlatszo150162.png\",\"width\":150,\"height\":162,\"caption\":\"H\u00f3dmez\u0151v\u00e1s\u00e1rhelyi Futball Club\"},\"image\":{\"@id\":\"http:\/\/www.hfc1912.hu\/new\/#\/schema\/logo\/image\/\"}},{\"@type\":\"Person\",\"@id\":\"http:\/\/www.hfc1912.hu\/new\/#\/schema\/person\/05b742beb40ec0a8f805c71953628e65\",\"name\":\"Fejes Loretta\",\"image\":{\"@type\":\"ImageObject\",\"inLanguage\":\"hu\",\"@id\":\"http:\/\/www.hfc1912.hu\/new\/#\/schema\/person\/image\/\",\"url\":\"http:\/\/0.gravatar.com\/avatar\/392d3c91f023210838ae5eb949191c81?s=96&d=mm&r=g\",\"contentUrl\":\"http:\/\/0.gravatar.com\/avatar\/392d3c91f023210838ae5eb949191c81?s=96&d=mm&r=g\",\"caption\":\"Fejes Loretta\"},\"url\":\"http:\/\/www.hfc1912.hu\/new\/author\/lori\/\"}]}<\/script>\n<!-- \/ Yoast SEO plugin. -->","yoast_head_json":{"title":"\u00c1tigazol\u00e1si h\u00edrek - H\u00f3dmez\u0151v\u00e1s\u00e1rhelyi Futball Club","robots":{"index":"index","follow":"follow","max-snippet":"max-snippet:-1","max-image-preview":"max-image-preview:large","max-video-preview":"max-video-preview:-1"},"canonical":"http:\/\/www.hfc1912.hu\/new\/2025\/02\/26\/atigazolasi-hirek-11\/","og_locale":"hu_HU","og_type":"article","og_title":"\u00c1tigazol\u00e1si h\u00edrek - H\u00f3dmez\u0151v\u00e1s\u00e1rhelyi Futball Club","og_description":"\u00c9rkezett: Feh\u00e9r Barnab\u00e1s L\u00e1szl\u00f3.Sz\u00fcletett: 2002. 05. 16. (22 \u00e9ves). NB III-as csapatunk g\u00f3ler\u0151s csat\u00e1rral er\u0151s\u00f6d\u00f6tt. Barnab\u00e1s az edz\u0151m\u00e9rk\u0151z\u00e9seken m\u00e1r t\u00f6bb alkalommal is g\u00f3lokkal bizony\u00edtotta tehets\u00e9g\u00e9t....","og_url":"http:\/\/www.hfc1912.hu\/new\/2025\/02\/26\/atigazolasi-hirek-11\/","og_site_name":"H\u00f3dmez\u0151v\u00e1s\u00e1rhelyi Futball Club","article_published_time":"2025-02-26T20:01:00+00:00","article_modified_time":"2025-03-04T20:03:38+00:00","og_image":[{"width":2272,"height":1850,"url":"http:\/\/www.hfc1912.hu\/new\/wp-content\/uploads\/2025\/03\/IMG_1799.jpeg","type":"image\/jpeg"}],"author":"Fejes Loretta","twitter_card":"summary_large_image","twitter_misc":{"Written by":"Fejes Loretta","Est. reading time":"1 perc"},"schema":{"@context":"https:\/\/schema.org","@graph":[{"@type":"Article","@id":"http:\/\/www.hfc1912.hu\/new\/2025\/02\/26\/atigazolasi-hirek-11\/#article","isPartOf":{"@id":"http:\/\/www.hfc1912.hu\/new\/2025\/02\/26\/atigazolasi-hirek-11\/"},"author":{"name":"Fejes Loretta","@id":"http:\/\/www.hfc1912.hu\/new\/#\/schema\/person\/05b742beb40ec0a8f805c71953628e65"},"headline":"\u00c1tigazol\u00e1si h\u00edrek","datePublished":"2025-02-26T20:01:00+00:00","dateModified":"2025-03-04T20:03:38+00:00","mainEntityOfPage":{"@id":"http:\/\/www.hfc1912.hu\/new\/2025\/02\/26\/atigazolasi-hirek-11\/"},"wordCount":168,"publisher":{"@id":"http:\/\/www.hfc1912.hu\/new\/#organization"},"articleSection":["H\u00edreink"],"inLanguage":"hu"},{"@type":"WebPage","@id":"http:\/\/www.hfc1912.hu\/new\/2025\/02\/26\/atigazolasi-hirek-11\/","url":"http:\/\/www.hfc1912.hu\/new\/2025\/02\/26\/atigazolasi-hirek-11\/","name":"\u00c1tigazol\u00e1si h\u00edrek - H\u00f3dmez\u0151v\u00e1s\u00e1rhelyi Futball Club","isPartOf":{"@id":"http:\/\/www.hfc1912.hu\/new\/#website"},"datePublished":"2025-02-26T20:01:00+00:00","dateModified":"2025-03-04T20:03:38+00:00","breadcrumb":{"@id":"http:\/\/www.hfc1912.hu\/new\/2025\/02\/26\/atigazolasi-hirek-11\/#breadcrumb"},"inLanguage":"hu","potentialAction":[{"@type":"ReadAction","target":["http:\/\/www.hfc1912.hu\/new\/2025\/02\/26\/atigazolasi-hirek-11\/"]}]},{"@type":"BreadcrumbList","@id":"http:\/\/www.hfc1912.hu\/new\/2025\/02\/26\/atigazolasi-hirek-11\/#breadcrumb","itemListElement":[{"@type":"ListItem","position":1,"name":"Home","item":"http:\/\/www.hfc1912.hu\/new\/"},{"@type":"ListItem","position":2,"name":"\u00c1tigazol\u00e1si h\u00edrek"}]},{"@type":"WebSite","@id":"http:\/\/www.hfc1912.hu\/new\/#website","url":"http:\/\/www.hfc1912.hu\/new\/","name":"H\u00f3dmez\u0151v\u00e1s\u00e1rhelyi Futball Club","description":"H\u00f3dmez\u0151v\u00e1s\u00e1rhelyi Futball Club hivatalos honlapja","publisher":{"@id":"http:\/\/www.hfc1912.hu\/new\/#organization"},"potentialAction":[{"@type":"SearchAction","target":{"@type":"EntryPoint","urlTemplate":"http:\/\/www.hfc1912.hu\/new\/?s={search_term_string}"},"query-input":"required name=search_term_string"}],"inLanguage":"hu"},{"@type":"Organization","@id":"http:\/\/www.hfc1912.hu\/new\/#organization","name":"H\u00f3dmez\u0151v\u00e1s\u00e1rhelyi Futball Club","url":"http:\/\/www.hfc1912.hu\/new\/","sameAs":[],"logo":{"@type":"ImageObject","inLanguage":"hu","@id":"http:\/\/www.hfc1912.hu\/new\/#\/schema\/logo\/image\/","url":"http:\/\/www.hfc1912.hu\/new\/wp-content\/uploads\/2021\/12\/cropped-V\u00e9gleges_c\u00edmer_atlatszo150162.png","contentUrl":"http:\/\/www.hfc1912.hu\/new\/wp-content\/uploads\/2021\/12\/cropped-V\u00e9gleges_c\u00edmer_atlatszo150162.png","width":150,"height":162,"caption":"H\u00f3dmez\u0151v\u00e1s\u00e1rhelyi Futball Club"},"image":{"@id":"http:\/\/www.hfc1912.hu\/new\/#\/schema\/logo\/image\/"}},{"@type":"Person","@id":"http:\/\/www.hfc1912.hu\/new\/#\/schema\/person\/05b742beb40ec0a8f805c71953628e65","name":"Fejes Loretta","image":{"@type":"ImageObject","inLanguage":"hu","@id":"http:\/\/www.hfc1912.hu\/new\/#\/schema\/person\/image\/","url":"http:\/\/0.gravatar.com\/avatar\/392d3c91f023210838ae5eb949191c81?s=96&d=mm&r=g","contentUrl":"http:\/\/0.gravatar.com\/avatar\/392d3c91f023210838ae5eb949191c81?s=96&d=mm&r=g","caption":"Fejes Loretta"},"url":"http:\/\/www.hfc1912.hu\/new\/author\/lori\/"}]}},"_links":{"self":[{"href":"http:\/\/www.hfc1912.hu\/new\/wp-json\/wp\/v2\/posts\/7880"}],"collection":[{"href":"http:\/\/www.hfc1912.hu\/new\/wp-json\/wp\/v2\/posts"}],"about":[{"href":"http:\/\/www.hfc1912.hu\/new\/wp-json\/wp\/v2\/types\/post"}],"author":[{"embeddable":true,"href":"http:\/\/www.hfc1912.hu\/new\/wp-json\/wp\/v2\/users\/4"}],"replies":[{"embeddable":true,"href":"http:\/\/www.hfc1912.hu\/new\/wp-json\/wp\/v2\/comments?post=7880"}],"version-history":[{"count":1,"href":"http:\/\/www.hfc1912.hu\/new\/wp-json\/wp\/v2\/posts\/7880\/revisions"}],"predecessor-version":[{"id":7883,"href":"http:\/\/www.hfc1912.hu\/new\/wp-json\/wp\/v2\/posts\/7880\/revisions\/7883"}],"wp:featuredmedia":[{"embeddable":true,"href":"http:\/\/www.hfc1912.hu\/new\/wp-json\/wp\/v2\/media\/7881"}],"wp:attachment":[{"href":"http:\/\/www.hfc1912.hu\/new\/wp-json\/wp\/v2\/media?parent=7880"}],"wp:term":[{"taxonomy":"category","embeddable":true,"href":"http:\/\/www.hfc1912.hu\/new\/wp-json\/wp\/v2\/categories?post=7880"},{"taxonomy":"post_tag","embeddable":true,"href":"http:\/\/www.hfc1912.hu\/new\/wp-json\/wp\/v2\/tags?post=7880"}],"curies":[{"name":"wp","href":"https:\/\/api.w.org\/{rel}","templated":true}]}}