{"id":8114,"date":"2025-05-05T12:54:00","date_gmt":"2025-05-05T10:54:00","guid":{"rendered":"http:\/\/www.hfc1912.hu\/new\/?p=8114"},"modified":"2025-05-09T13:26:24","modified_gmt":"2025-05-09T11:26:24","slug":"megyei-u19-es-csapatunk-a-szegedi-vse-otthonaban-hagyta-a-pontokat","status":"publish","type":"post","link":"http:\/\/www.hfc1912.hu\/new\/2025\/05\/05\/megyei-u19-es-csapatunk-a-szegedi-vse-otthonaban-hagyta-a-pontokat\/","title":{"rendered":"Megyei U19-es csapatunk a Szegedi VSE otthon\u00e1ban hagyta a pontokat."},"content":{"rendered":"\n<p><strong>Szegedi VSE II. &#8211; HFC U19 6-2 (2-0).<\/strong><\/p>\n\n\n\n<p><strong>G\u00f3lszerz\u0151k: B\u00f3ta (22., 52., 82., 89.), Baranyi (6.), Sz\u00fcts (49.) ill. Varga (70.), Vars\u00e1nyi (77.).<\/strong><\/p>\n\n\n\n<p>Csongr\u00e1d-Csan\u00e1d V\u00e1rmegyei U19 &#8220;B&#8221; 22. fordul\u00f3.<\/p>\n\n\n\n<p>2025.05.02. 17:00.<\/p>\n\n\n\n<p>Szeged, Szegedi Vasutas SE Sporttelep.<\/p>\n\n\n\n<p><strong>Szegedi VSE II.:<\/strong><\/p>\n\n\n\n<p>Varga (Jusztin 46.) &#8211; Cs\u00e1ti, J\u00e1sz, Vir\u00e1g (Albert, 60.), Baranyi, Jureczky (\u00d6rd\u00f6g, 60.), Szombati, Garamv\u00f6lgyi (R\u00e1cz, 60.), Sz\u00fcts, B\u00f3ta, Csala-Pellek (Pivarcsik, 60.).<\/p>\n\n\n\n<p><strong>HFC U19:<\/strong><\/p>\n\n\n\n<p>Szob\u00e1csi &#8211; B\u00e1nfi, Tisza, Nagy K. (Nagy L., 60.), Papp, Vars\u00e1nyi, Bogd\u00e1ny, Vir\u00e1g (Varga R., 31.), Vizi, Nagy N., N\u00e9meth.<\/p>\n\n\n\n<p>Edz\u0151: Kov\u00e1cs S\u00e1ndor.<\/p>\n\n\n\n<p><strong><em>Nyilatkozat: <\/em><\/strong><em>A mai meccset nagy izgalommal v\u00e1rtuk a sr\u00e1cokkal, hiszen ez egy igazi 6 pontos rangad\u00f3 volt, illetve a t\u00e9t a dobog\u00f3 volt. Hiszen amennyiben nyer\u00fcnk, akkor a saj\u00e1t kez\u00fcnkben van a sorsunk! Sajnos a m\u00e9rk\u0151z\u00e9sre menet der\u00fclt ki, hogy a csapat legg\u00f3ler\u0151sebb j\u00e1t\u00e9kos\u00e1t mell\u0151zni kell. A megye 1-es csapatban kellet kiseg\u00edtenie.( ami nagyon j\u00f3l siker\u00fclt,nyertek a sr\u00e1cok). Ez az \u2018\u2019apr\u00f3nak,, t\u0171n\u0151 v\u00e1ltoz\u00e1s sajnos kihat\u00e1ssal volt a m\u00e9rk\u0151z\u00e9sre. A hazai csapat meg\u00e9rdemelten tartotta otthon a 3 pontot! Innent\u0151l m\u00e1r nem a mi kez\u00fcnkben van a sorsunk! Viszont azt szeretn\u00e9m megjegyezni, att\u00f3l, hogy egy j\u00e1t\u00e9kos kiker\u00fcl az egyenletb\u0151l, az nem jelenti azt, hogy azonnal l\u00e9lektelen\u00fcl kellene j\u00e1tszani. Ez egy olyan gener\u00e1ci\u00f3, amelyik fontosabbnak tal\u00e1lja, hogy milyen a haja, vagy \u00e9pp milyen cip\u0151 van a l\u00e1b\u00e1n, mint sem, hogy csapatk\u00e9nt sikereket \u00e9rjenek el. Se egym\u00e1s fel\u00e9,se a sport fel\u00e9 nem volt ma al\u00e1zat!<\/em><\/p>\n\n\n\n<p>M\u00e1jus 14-\u00e9n szerd\u00e1n 18 \u00f3r\u00e1t\u00f3l a Csanytelek u19-es csapat\u00e1t fogadja egy\u00fcttes\u00fcnk.<\/p>\n\n\n\n<p>Fot\u00f3: Arch\u00edv, Vars\u00e1nyi Bernadett.<\/p>\n\n\n\n<figure class=\"wp-block-image size-large\"><img loading=\"lazy\" width=\"1024\" height=\"490\" src=\"http:\/\/www.hfc1912.hu\/new\/wp-content\/uploads\/2025\/05\/image-1024x490.png\" alt=\"\" class=\"wp-image-8115\" srcset=\"http:\/\/www.hfc1912.hu\/new\/wp-content\/uploads\/2025\/05\/image-1024x490.png 1024w, http:\/\/www.hfc1912.hu\/new\/wp-content\/uploads\/2025\/05\/image-300x144.png 300w, http:\/\/www.hfc1912.hu\/new\/wp-content\/uploads\/2025\/05\/image-768x368.png 768w, http:\/\/www.hfc1912.hu\/new\/wp-content\/uploads\/2025\/05\/image-128x61.png 128w, http:\/\/www.hfc1912.hu\/new\/wp-content\/uploads\/2025\/05\/image-32x15.png 32w, http:\/\/www.hfc1912.hu\/new\/wp-content\/uploads\/2025\/05\/image-1230x589.png 1230w, http:\/\/www.hfc1912.hu\/new\/wp-content\/uploads\/2025\/05\/image.png 1283w\" sizes=\"(max-width: 1024px) 100vw, 1024px\" \/><\/figure>\n","protected":false},"excerpt":{"rendered":"<p>Szegedi VSE II. &#8211; HFC U19 6-2 (2-0). G\u00f3lszerz\u0151k: B\u00f3ta (22., 52., 82., 89.), Baranyi (6.), Sz\u00fcts (49.) ill. Varga (70.), Vars\u00e1nyi (77.). Csongr\u00e1d-Csan\u00e1d V\u00e1rmegyei&#8230;<\/p>\n","protected":false},"author":4,"featured_media":7916,"comment_status":"closed","ping_status":"closed","sticky":false,"template":"","format":"standard","meta":[],"categories":[1],"tags":[62,63],"yoast_head":"<!-- This site is optimized with the Yoast SEO plugin v19.8 - https:\/\/yoast.com\/wordpress\/plugins\/seo\/ -->\n<title>Megyei U19-es csapatunk a Szegedi VSE otthon\u00e1ban hagyta a pontokat. - H\u00f3dmez\u0151v\u00e1s\u00e1rhelyi Futball Club<\/title>\n<meta name=\"robots\" content=\"index, follow, max-snippet:-1, max-image-preview:large, max-video-preview:-1\" \/>\n<link rel=\"canonical\" href=\"http:\/\/www.hfc1912.hu\/new\/2025\/05\/05\/megyei-u19-es-csapatunk-a-szegedi-vse-otthonaban-hagyta-a-pontokat\/\" \/>\n<meta property=\"og:locale\" content=\"hu_HU\" \/>\n<meta property=\"og:type\" content=\"article\" \/>\n<meta property=\"og:title\" content=\"Megyei U19-es csapatunk a Szegedi VSE otthon\u00e1ban hagyta a pontokat. - H\u00f3dmez\u0151v\u00e1s\u00e1rhelyi Futball Club\" \/>\n<meta property=\"og:description\" content=\"Szegedi VSE II. &#8211; HFC U19 6-2 (2-0). G\u00f3lszerz\u0151k: B\u00f3ta (22., 52., 82., 89.), Baranyi (6.), Sz\u00fcts (49.) ill. Varga (70.), Vars\u00e1nyi (77.). Csongr\u00e1d-Csan\u00e1d V\u00e1rmegyei...\" \/>\n<meta property=\"og:url\" content=\"http:\/\/www.hfc1912.hu\/new\/2025\/05\/05\/megyei-u19-es-csapatunk-a-szegedi-vse-otthonaban-hagyta-a-pontokat\/\" \/>\n<meta property=\"og:site_name\" content=\"H\u00f3dmez\u0151v\u00e1s\u00e1rhelyi Futball Club\" \/>\n<meta property=\"article:published_time\" content=\"2025-05-05T10:54:00+00:00\" \/>\n<meta property=\"article:modified_time\" content=\"2025-05-09T11:26:24+00:00\" \/>\n<meta property=\"og:image\" content=\"http:\/\/www.hfc1912.hu\/new\/wp-content\/uploads\/2025\/03\/SW4A4907-Enhanced-NR.jpg\" \/>\n\t<meta property=\"og:image:width\" content=\"1920\" \/>\n\t<meta property=\"og:image:height\" content=\"1322\" \/>\n\t<meta property=\"og:image:type\" content=\"image\/jpeg\" \/>\n<meta name=\"author\" content=\"Fejes Loretta\" \/>\n<meta name=\"twitter:card\" content=\"summary_large_image\" \/>\n<meta name=\"twitter:label1\" content=\"Written by\" \/>\n\t<meta name=\"twitter:data1\" content=\"Fejes Loretta\" \/>\n\t<meta name=\"twitter:label2\" content=\"Est. reading time\" \/>\n\t<meta name=\"twitter:data2\" content=\"2 perc\" \/>\n<script type=\"application\/ld+json\" class=\"yoast-schema-graph\">{\"@context\":\"https:\/\/schema.org\",\"@graph\":[{\"@type\":\"Article\",\"@id\":\"http:\/\/www.hfc1912.hu\/new\/2025\/05\/05\/megyei-u19-es-csapatunk-a-szegedi-vse-otthonaban-hagyta-a-pontokat\/#article\",\"isPartOf\":{\"@id\":\"http:\/\/www.hfc1912.hu\/new\/2025\/05\/05\/megyei-u19-es-csapatunk-a-szegedi-vse-otthonaban-hagyta-a-pontokat\/\"},\"author\":{\"name\":\"Fejes Loretta\",\"@id\":\"http:\/\/www.hfc1912.hu\/new\/#\/schema\/person\/05b742beb40ec0a8f805c71953628e65\"},\"headline\":\"Megyei U19-es csapatunk a Szegedi VSE otthon\u00e1ban hagyta a pontokat.\",\"datePublished\":\"2025-05-05T10:54:00+00:00\",\"dateModified\":\"2025-05-09T11:26:24+00:00\",\"mainEntityOfPage\":{\"@id\":\"http:\/\/www.hfc1912.hu\/new\/2025\/05\/05\/megyei-u19-es-csapatunk-a-szegedi-vse-otthonaban-hagyta-a-pontokat\/\"},\"wordCount\":318,\"publisher\":{\"@id\":\"http:\/\/www.hfc1912.hu\/new\/#organization\"},\"keywords\":[\"HFC U19\",\"U19\"],\"articleSection\":[\"H\u00edreink\"],\"inLanguage\":\"hu\"},{\"@type\":\"WebPage\",\"@id\":\"http:\/\/www.hfc1912.hu\/new\/2025\/05\/05\/megyei-u19-es-csapatunk-a-szegedi-vse-otthonaban-hagyta-a-pontokat\/\",\"url\":\"http:\/\/www.hfc1912.hu\/new\/2025\/05\/05\/megyei-u19-es-csapatunk-a-szegedi-vse-otthonaban-hagyta-a-pontokat\/\",\"name\":\"Megyei U19-es csapatunk a Szegedi VSE otthon\u00e1ban hagyta a pontokat. - H\u00f3dmez\u0151v\u00e1s\u00e1rhelyi Futball Club\",\"isPartOf\":{\"@id\":\"http:\/\/www.hfc1912.hu\/new\/#website\"},\"datePublished\":\"2025-05-05T10:54:00+00:00\",\"dateModified\":\"2025-05-09T11:26:24+00:00\",\"breadcrumb\":{\"@id\":\"http:\/\/www.hfc1912.hu\/new\/2025\/05\/05\/megyei-u19-es-csapatunk-a-szegedi-vse-otthonaban-hagyta-a-pontokat\/#breadcrumb\"},\"inLanguage\":\"hu\",\"potentialAction\":[{\"@type\":\"ReadAction\",\"target\":[\"http:\/\/www.hfc1912.hu\/new\/2025\/05\/05\/megyei-u19-es-csapatunk-a-szegedi-vse-otthonaban-hagyta-a-pontokat\/\"]}]},{\"@type\":\"BreadcrumbList\",\"@id\":\"http:\/\/www.hfc1912.hu\/new\/2025\/05\/05\/megyei-u19-es-csapatunk-a-szegedi-vse-otthonaban-hagyta-a-pontokat\/#breadcrumb\",\"itemListElement\":[{\"@type\":\"ListItem\",\"position\":1,\"name\":\"Home\",\"item\":\"http:\/\/www.hfc1912.hu\/new\/\"},{\"@type\":\"ListItem\",\"position\":2,\"name\":\"Megyei U19-es csapatunk a Szegedi VSE otthon\u00e1ban hagyta a pontokat.\"}]},{\"@type\":\"WebSite\",\"@id\":\"http:\/\/www.hfc1912.hu\/new\/#website\",\"url\":\"http:\/\/www.hfc1912.hu\/new\/\",\"name\":\"H\u00f3dmez\u0151v\u00e1s\u00e1rhelyi Futball Club\",\"description\":\"H\u00f3dmez\u0151v\u00e1s\u00e1rhelyi Futball Club hivatalos honlapja\",\"publisher\":{\"@id\":\"http:\/\/www.hfc1912.hu\/new\/#organization\"},\"potentialAction\":[{\"@type\":\"SearchAction\",\"target\":{\"@type\":\"EntryPoint\",\"urlTemplate\":\"http:\/\/www.hfc1912.hu\/new\/?s={search_term_string}\"},\"query-input\":\"required name=search_term_string\"}],\"inLanguage\":\"hu\"},{\"@type\":\"Organization\",\"@id\":\"http:\/\/www.hfc1912.hu\/new\/#organization\",\"name\":\"H\u00f3dmez\u0151v\u00e1s\u00e1rhelyi Futball Club\",\"url\":\"http:\/\/www.hfc1912.hu\/new\/\",\"sameAs\":[],\"logo\":{\"@type\":\"ImageObject\",\"inLanguage\":\"hu\",\"@id\":\"http:\/\/www.hfc1912.hu\/new\/#\/schema\/logo\/image\/\",\"url\":\"http:\/\/www.hfc1912.hu\/new\/wp-content\/uploads\/2021\/12\/cropped-V\u00e9gleges_c\u00edmer_atlatszo150162.png\",\"contentUrl\":\"http:\/\/www.hfc1912.hu\/new\/wp-content\/uploads\/2021\/12\/cropped-V\u00e9gleges_c\u00edmer_atlatszo150162.png\",\"width\":150,\"height\":162,\"caption\":\"H\u00f3dmez\u0151v\u00e1s\u00e1rhelyi Futball Club\"},\"image\":{\"@id\":\"http:\/\/www.hfc1912.hu\/new\/#\/schema\/logo\/image\/\"}},{\"@type\":\"Person\",\"@id\":\"http:\/\/www.hfc1912.hu\/new\/#\/schema\/person\/05b742beb40ec0a8f805c71953628e65\",\"name\":\"Fejes Loretta\",\"image\":{\"@type\":\"ImageObject\",\"inLanguage\":\"hu\",\"@id\":\"http:\/\/www.hfc1912.hu\/new\/#\/schema\/person\/image\/\",\"url\":\"http:\/\/0.gravatar.com\/avatar\/392d3c91f023210838ae5eb949191c81?s=96&d=mm&r=g\",\"contentUrl\":\"http:\/\/0.gravatar.com\/avatar\/392d3c91f023210838ae5eb949191c81?s=96&d=mm&r=g\",\"caption\":\"Fejes Loretta\"},\"url\":\"http:\/\/www.hfc1912.hu\/new\/author\/lori\/\"}]}<\/script>\n<!-- \/ Yoast SEO plugin. -->","yoast_head_json":{"title":"Megyei U19-es csapatunk a Szegedi VSE otthon\u00e1ban hagyta a pontokat. - H\u00f3dmez\u0151v\u00e1s\u00e1rhelyi Futball Club","robots":{"index":"index","follow":"follow","max-snippet":"max-snippet:-1","max-image-preview":"max-image-preview:large","max-video-preview":"max-video-preview:-1"},"canonical":"http:\/\/www.hfc1912.hu\/new\/2025\/05\/05\/megyei-u19-es-csapatunk-a-szegedi-vse-otthonaban-hagyta-a-pontokat\/","og_locale":"hu_HU","og_type":"article","og_title":"Megyei U19-es csapatunk a Szegedi VSE otthon\u00e1ban hagyta a pontokat. - H\u00f3dmez\u0151v\u00e1s\u00e1rhelyi Futball Club","og_description":"Szegedi VSE II. &#8211; HFC U19 6-2 (2-0). G\u00f3lszerz\u0151k: B\u00f3ta (22., 52., 82., 89.), Baranyi (6.), Sz\u00fcts (49.) ill. Varga (70.), Vars\u00e1nyi (77.). Csongr\u00e1d-Csan\u00e1d V\u00e1rmegyei...","og_url":"http:\/\/www.hfc1912.hu\/new\/2025\/05\/05\/megyei-u19-es-csapatunk-a-szegedi-vse-otthonaban-hagyta-a-pontokat\/","og_site_name":"H\u00f3dmez\u0151v\u00e1s\u00e1rhelyi Futball Club","article_published_time":"2025-05-05T10:54:00+00:00","article_modified_time":"2025-05-09T11:26:24+00:00","og_image":[{"width":1920,"height":1322,"url":"http:\/\/www.hfc1912.hu\/new\/wp-content\/uploads\/2025\/03\/SW4A4907-Enhanced-NR.jpg","type":"image\/jpeg"}],"author":"Fejes Loretta","twitter_card":"summary_large_image","twitter_misc":{"Written by":"Fejes Loretta","Est. reading time":"2 perc"},"schema":{"@context":"https:\/\/schema.org","@graph":[{"@type":"Article","@id":"http:\/\/www.hfc1912.hu\/new\/2025\/05\/05\/megyei-u19-es-csapatunk-a-szegedi-vse-otthonaban-hagyta-a-pontokat\/#article","isPartOf":{"@id":"http:\/\/www.hfc1912.hu\/new\/2025\/05\/05\/megyei-u19-es-csapatunk-a-szegedi-vse-otthonaban-hagyta-a-pontokat\/"},"author":{"name":"Fejes Loretta","@id":"http:\/\/www.hfc1912.hu\/new\/#\/schema\/person\/05b742beb40ec0a8f805c71953628e65"},"headline":"Megyei U19-es csapatunk a Szegedi VSE otthon\u00e1ban hagyta a pontokat.","datePublished":"2025-05-05T10:54:00+00:00","dateModified":"2025-05-09T11:26:24+00:00","mainEntityOfPage":{"@id":"http:\/\/www.hfc1912.hu\/new\/2025\/05\/05\/megyei-u19-es-csapatunk-a-szegedi-vse-otthonaban-hagyta-a-pontokat\/"},"wordCount":318,"publisher":{"@id":"http:\/\/www.hfc1912.hu\/new\/#organization"},"keywords":["HFC U19","U19"],"articleSection":["H\u00edreink"],"inLanguage":"hu"},{"@type":"WebPage","@id":"http:\/\/www.hfc1912.hu\/new\/2025\/05\/05\/megyei-u19-es-csapatunk-a-szegedi-vse-otthonaban-hagyta-a-pontokat\/","url":"http:\/\/www.hfc1912.hu\/new\/2025\/05\/05\/megyei-u19-es-csapatunk-a-szegedi-vse-otthonaban-hagyta-a-pontokat\/","name":"Megyei U19-es csapatunk a Szegedi VSE otthon\u00e1ban hagyta a pontokat. - H\u00f3dmez\u0151v\u00e1s\u00e1rhelyi Futball Club","isPartOf":{"@id":"http:\/\/www.hfc1912.hu\/new\/#website"},"datePublished":"2025-05-05T10:54:00+00:00","dateModified":"2025-05-09T11:26:24+00:00","breadcrumb":{"@id":"http:\/\/www.hfc1912.hu\/new\/2025\/05\/05\/megyei-u19-es-csapatunk-a-szegedi-vse-otthonaban-hagyta-a-pontokat\/#breadcrumb"},"inLanguage":"hu","potentialAction":[{"@type":"ReadAction","target":["http:\/\/www.hfc1912.hu\/new\/2025\/05\/05\/megyei-u19-es-csapatunk-a-szegedi-vse-otthonaban-hagyta-a-pontokat\/"]}]},{"@type":"BreadcrumbList","@id":"http:\/\/www.hfc1912.hu\/new\/2025\/05\/05\/megyei-u19-es-csapatunk-a-szegedi-vse-otthonaban-hagyta-a-pontokat\/#breadcrumb","itemListElement":[{"@type":"ListItem","position":1,"name":"Home","item":"http:\/\/www.hfc1912.hu\/new\/"},{"@type":"ListItem","position":2,"name":"Megyei U19-es csapatunk a Szegedi VSE otthon\u00e1ban hagyta a pontokat."}]},{"@type":"WebSite","@id":"http:\/\/www.hfc1912.hu\/new\/#website","url":"http:\/\/www.hfc1912.hu\/new\/","name":"H\u00f3dmez\u0151v\u00e1s\u00e1rhelyi Futball Club","description":"H\u00f3dmez\u0151v\u00e1s\u00e1rhelyi Futball Club hivatalos honlapja","publisher":{"@id":"http:\/\/www.hfc1912.hu\/new\/#organization"},"potentialAction":[{"@type":"SearchAction","target":{"@type":"EntryPoint","urlTemplate":"http:\/\/www.hfc1912.hu\/new\/?s={search_term_string}"},"query-input":"required name=search_term_string"}],"inLanguage":"hu"},{"@type":"Organization","@id":"http:\/\/www.hfc1912.hu\/new\/#organization","name":"H\u00f3dmez\u0151v\u00e1s\u00e1rhelyi Futball Club","url":"http:\/\/www.hfc1912.hu\/new\/","sameAs":[],"logo":{"@type":"ImageObject","inLanguage":"hu","@id":"http:\/\/www.hfc1912.hu\/new\/#\/schema\/logo\/image\/","url":"http:\/\/www.hfc1912.hu\/new\/wp-content\/uploads\/2021\/12\/cropped-V\u00e9gleges_c\u00edmer_atlatszo150162.png","contentUrl":"http:\/\/www.hfc1912.hu\/new\/wp-content\/uploads\/2021\/12\/cropped-V\u00e9gleges_c\u00edmer_atlatszo150162.png","width":150,"height":162,"caption":"H\u00f3dmez\u0151v\u00e1s\u00e1rhelyi Futball Club"},"image":{"@id":"http:\/\/www.hfc1912.hu\/new\/#\/schema\/logo\/image\/"}},{"@type":"Person","@id":"http:\/\/www.hfc1912.hu\/new\/#\/schema\/person\/05b742beb40ec0a8f805c71953628e65","name":"Fejes Loretta","image":{"@type":"ImageObject","inLanguage":"hu","@id":"http:\/\/www.hfc1912.hu\/new\/#\/schema\/person\/image\/","url":"http:\/\/0.gravatar.com\/avatar\/392d3c91f023210838ae5eb949191c81?s=96&d=mm&r=g","contentUrl":"http:\/\/0.gravatar.com\/avatar\/392d3c91f023210838ae5eb949191c81?s=96&d=mm&r=g","caption":"Fejes Loretta"},"url":"http:\/\/www.hfc1912.hu\/new\/author\/lori\/"}]}},"_links":{"self":[{"href":"http:\/\/www.hfc1912.hu\/new\/wp-json\/wp\/v2\/posts\/8114"}],"collection":[{"href":"http:\/\/www.hfc1912.hu\/new\/wp-json\/wp\/v2\/posts"}],"about":[{"href":"http:\/\/www.hfc1912.hu\/new\/wp-json\/wp\/v2\/types\/post"}],"author":[{"embeddable":true,"href":"http:\/\/www.hfc1912.hu\/new\/wp-json\/wp\/v2\/users\/4"}],"replies":[{"embeddable":true,"href":"http:\/\/www.hfc1912.hu\/new\/wp-json\/wp\/v2\/comments?post=8114"}],"version-history":[{"count":1,"href":"http:\/\/www.hfc1912.hu\/new\/wp-json\/wp\/v2\/posts\/8114\/revisions"}],"predecessor-version":[{"id":8116,"href":"http:\/\/www.hfc1912.hu\/new\/wp-json\/wp\/v2\/posts\/8114\/revisions\/8116"}],"wp:featuredmedia":[{"embeddable":true,"href":"http:\/\/www.hfc1912.hu\/new\/wp-json\/wp\/v2\/media\/7916"}],"wp:attachment":[{"href":"http:\/\/www.hfc1912.hu\/new\/wp-json\/wp\/v2\/media?parent=8114"}],"wp:term":[{"taxonomy":"category","embeddable":true,"href":"http:\/\/www.hfc1912.hu\/new\/wp-json\/wp\/v2\/categories?post=8114"},{"taxonomy":"post_tag","embeddable":true,"href":"http:\/\/www.hfc1912.hu\/new\/wp-json\/wp\/v2\/tags?post=8114"}],"curies":[{"name":"wp","href":"https:\/\/api.w.org\/{rel}","templated":true}]}}