{"id":8154,"date":"2025-05-23T19:29:00","date_gmt":"2025-05-23T17:29:00","guid":{"rendered":"http:\/\/www.hfc1912.hu\/new\/?p=8154"},"modified":"2025-05-24T14:29:29","modified_gmt":"2025-05-24T12:29:29","slug":"jatekosaink-a-del-alfoldi-regionalis-korzetkozponti-valogatottban","status":"publish","type":"post","link":"http:\/\/www.hfc1912.hu\/new\/2025\/05\/23\/jatekosaink-a-del-alfoldi-regionalis-korzetkozponti-valogatottban\/","title":{"rendered":"J\u00e1t\u00e9kosaink a D\u00e9l-Alf\u00f6ldi Region\u00e1lis K\u00f6rzetk\u00f6zponti V\u00e1logatottban."},"content":{"rendered":"\n<p class=\"p1\">A kor\u00e1bbi \u00e9vekhez hasonl\u00f3an id\u00e9n is kialak\u00edt\u00e1sra ker\u00fclt a D\u00e9l-Alf\u00f6ldi Region\u00e1lis K\u00f6rzetk\u00f6zponti V\u00e1logatott, ahov\u00e1 egy eg\u00e9sz \u00e9ven \u00e1t tart\u00f3 rendezv\u00e9nysorozat z\u00e1r\u00e1sak\u00e9nt lehetett beker\u00fclni az alf\u00f6ld\u00f6n tal\u00e1lhat\u00f3 K\u00f6rzetk\u00f6zpontok k\u00f6z\u00fcl. Nagy \u00f6r\u00f6m\u00fcnkre szolg\u00e1l, hogy a H\u00f3dmez\u0151v\u00e1s\u00e1rhelyi FC U13-as koroszt\u00e1lyb\u00f3l \u00f6t j\u00e1t\u00e9kos is helyet kapott a v\u00e1logatott csapat keret\u00e9ben.<\/p>\n\n\n\n<p class=\"p1\">A K\u00f6rzetk\u00f6zponti V\u00e1logatottak Torn\u00e1j\u00e1ra 2025. m\u00e1jus 22-\u00e9n ker\u00fclt sor a Debreceni Labdar\u00fag\u00f3 Akad\u00e9mi\u00e1n, ahol Jochim Dominik, Lengyel Zal\u00e1n, Lovas M\u00e1t\u00e9, Szemenyei Z\u00e9t\u00e9ny, Tan\u00e1cs P\u00e9ter k\u00e9pviselt\u00e9k egyes\u00fclet\u00fcnket!&nbsp;<\/p>\n\n\n\n<p class=\"p1\">B\u00edzunk benne, hogy a sr\u00e1cok nem \u00e1llnak meg itt, \u00e9s teljes\u00edtm\u00e9ny\u00fckkel siker\u00fcl beverekedni\u00fck magukat az U13-as KK Keleti v\u00e1logatottba, amely legk\u00f6zelebb 2025. m\u00e1jus 27-\u00e9n Miskolcon l\u00e9p p\u00e1ly\u00e1ra a Tehets\u00e9gk\u00f6zpontok \u00e9s Akad\u00e9mi\u00e1k v\u00e1logatott csapatai ellen.<\/p>\n\n\n\n<p class=\"p1\">Ez\u00faton is sz\u00edvb\u0151l gratul\u00e1lunk a fi\u00faknak, sz\u00fcleiknek, valamint az edz\u0151koll\u00e9g\u00e1knak: Marton Benc\u00e9nek \u00e9s Bacsa Zsoltnak az el\u00e9rt eredm\u00e9nyekhez \u00e9s a kitart\u00f3 munk\u00e1hoz!<\/p>\n\n\n\n<figure class=\"wp-container-2 wp-block-gallery-1 wp-block-gallery has-nested-images columns-default is-cropped\">\n<figure class=\"wp-block-image size-large\"><img loading=\"lazy\" width=\"1024\" height=\"703\" data-id=\"8149\"  src=\"http:\/\/www.hfc1912.hu\/new\/wp-content\/uploads\/2025\/05\/img_3841-1-1024x703.jpg\" alt=\"\" class=\"wp-image-8149\" srcset=\"http:\/\/www.hfc1912.hu\/new\/wp-content\/uploads\/2025\/05\/img_3841-1-1024x703.jpg 1024w, http:\/\/www.hfc1912.hu\/new\/wp-content\/uploads\/2025\/05\/img_3841-1-300x206.jpg 300w, http:\/\/www.hfc1912.hu\/new\/wp-content\/uploads\/2025\/05\/img_3841-1-768x528.jpg 768w, http:\/\/www.hfc1912.hu\/new\/wp-content\/uploads\/2025\/05\/img_3841-1-1536x1055.jpg 1536w, http:\/\/www.hfc1912.hu\/new\/wp-content\/uploads\/2025\/05\/img_3841-1-128x88.jpg 128w, http:\/\/www.hfc1912.hu\/new\/wp-content\/uploads\/2025\/05\/img_3841-1-32x22.jpg 32w, http:\/\/www.hfc1912.hu\/new\/wp-content\/uploads\/2025\/05\/img_3841-1-1230x845.jpg 1230w, http:\/\/www.hfc1912.hu\/new\/wp-content\/uploads\/2025\/05\/img_3841-1.jpg 2000w\" sizes=\"(max-width: 1024px) 100vw, 1024px\" \/><\/figure>\n\n\n\n<figure class=\"wp-block-image size-large\"><img loading=\"lazy\" width=\"1024\" height=\"593\" data-id=\"8152\"  src=\"http:\/\/www.hfc1912.hu\/new\/wp-content\/uploads\/2025\/05\/img_3842-1-1024x593.jpg\" alt=\"\" class=\"wp-image-8152\" srcset=\"http:\/\/www.hfc1912.hu\/new\/wp-content\/uploads\/2025\/05\/img_3842-1-1024x593.jpg 1024w, http:\/\/www.hfc1912.hu\/new\/wp-content\/uploads\/2025\/05\/img_3842-1-300x174.jpg 300w, http:\/\/www.hfc1912.hu\/new\/wp-content\/uploads\/2025\/05\/img_3842-1-768x445.jpg 768w, http:\/\/www.hfc1912.hu\/new\/wp-content\/uploads\/2025\/05\/img_3842-1-1536x889.jpg 1536w, http:\/\/www.hfc1912.hu\/new\/wp-content\/uploads\/2025\/05\/img_3842-1-128x74.jpg 128w, http:\/\/www.hfc1912.hu\/new\/wp-content\/uploads\/2025\/05\/img_3842-1-32x19.jpg 32w, http:\/\/www.hfc1912.hu\/new\/wp-content\/uploads\/2025\/05\/img_3842-1-1230x712.jpg 1230w, http:\/\/www.hfc1912.hu\/new\/wp-content\/uploads\/2025\/05\/img_3842-1.jpg 2000w\" sizes=\"(max-width: 1024px) 100vw, 1024px\" \/><\/figure>\n\n\n\n<figure class=\"wp-block-image size-large\"><img loading=\"lazy\" width=\"1024\" height=\"817\" data-id=\"8151\"  src=\"http:\/\/www.hfc1912.hu\/new\/wp-content\/uploads\/2025\/05\/img_3840-1-1024x817.jpg\" alt=\"\" class=\"wp-image-8151\" srcset=\"http:\/\/www.hfc1912.hu\/new\/wp-content\/uploads\/2025\/05\/img_3840-1-1024x817.jpg 1024w, http:\/\/www.hfc1912.hu\/new\/wp-content\/uploads\/2025\/05\/img_3840-1-300x239.jpg 300w, http:\/\/www.hfc1912.hu\/new\/wp-content\/uploads\/2025\/05\/img_3840-1-768x612.jpg 768w, http:\/\/www.hfc1912.hu\/new\/wp-content\/uploads\/2025\/05\/img_3840-1-1536x1225.jpg 1536w, http:\/\/www.hfc1912.hu\/new\/wp-content\/uploads\/2025\/05\/img_3840-1-128x102.jpg 128w, http:\/\/www.hfc1912.hu\/new\/wp-content\/uploads\/2025\/05\/img_3840-1-32x26.jpg 32w, http:\/\/www.hfc1912.hu\/new\/wp-content\/uploads\/2025\/05\/img_3840-1-1230x981.jpg 1230w, http:\/\/www.hfc1912.hu\/new\/wp-content\/uploads\/2025\/05\/img_3840-1.jpg 2000w\" sizes=\"(max-width: 1024px) 100vw, 1024px\" \/><\/figure>\n\n\n\n<figure class=\"wp-block-image size-large\"><img loading=\"lazy\" width=\"1024\" height=\"575\" data-id=\"8150\"  src=\"http:\/\/www.hfc1912.hu\/new\/wp-content\/uploads\/2025\/05\/img_3839-1-1024x575.jpg\" alt=\"\" class=\"wp-image-8150\" srcset=\"http:\/\/www.hfc1912.hu\/new\/wp-content\/uploads\/2025\/05\/img_3839-1-1024x575.jpg 1024w, http:\/\/www.hfc1912.hu\/new\/wp-content\/uploads\/2025\/05\/img_3839-1-300x169.jpg 300w, http:\/\/www.hfc1912.hu\/new\/wp-content\/uploads\/2025\/05\/img_3839-1-768x432.jpg 768w, http:\/\/www.hfc1912.hu\/new\/wp-content\/uploads\/2025\/05\/img_3839-1-1536x863.jpg 1536w, http:\/\/www.hfc1912.hu\/new\/wp-content\/uploads\/2025\/05\/img_3839-1-128x72.jpg 128w, http:\/\/www.hfc1912.hu\/new\/wp-content\/uploads\/2025\/05\/img_3839-1-32x18.jpg 32w, http:\/\/www.hfc1912.hu\/new\/wp-content\/uploads\/2025\/05\/img_3839-1-1230x691.jpg 1230w, http:\/\/www.hfc1912.hu\/new\/wp-content\/uploads\/2025\/05\/img_3839-1.jpg 2000w\" sizes=\"(max-width: 1024px) 100vw, 1024px\" \/><\/figure>\n<\/figure>\n","protected":false},"excerpt":{"rendered":"<p>A kor\u00e1bbi \u00e9vekhez hasonl\u00f3an id\u00e9n is kialak\u00edt\u00e1sra ker\u00fclt a D\u00e9l-Alf\u00f6ldi Region\u00e1lis K\u00f6rzetk\u00f6zponti V\u00e1logatott, ahov\u00e1 egy eg\u00e9sz \u00e9ven \u00e1t tart\u00f3 rendezv\u00e9nysorozat z\u00e1r\u00e1sak\u00e9nt lehetett beker\u00fclni az alf\u00f6ld\u00f6n&#8230;<\/p>\n","protected":false},"author":4,"featured_media":8153,"comment_status":"closed","ping_status":"closed","sticky":false,"template":"","format":"standard","meta":[],"categories":[1],"tags":[59],"yoast_head":"<!-- This site is optimized with the Yoast SEO plugin v19.8 - https:\/\/yoast.com\/wordpress\/plugins\/seo\/ -->\n<title>J\u00e1t\u00e9kosaink a D\u00e9l-Alf\u00f6ldi Region\u00e1lis K\u00f6rzetk\u00f6zponti V\u00e1logatottban. - H\u00f3dmez\u0151v\u00e1s\u00e1rhelyi Futball Club<\/title>\n<meta name=\"robots\" content=\"index, follow, max-snippet:-1, max-image-preview:large, max-video-preview:-1\" \/>\n<link rel=\"canonical\" href=\"http:\/\/www.hfc1912.hu\/new\/2025\/05\/23\/jatekosaink-a-del-alfoldi-regionalis-korzetkozponti-valogatottban\/\" \/>\n<meta property=\"og:locale\" content=\"hu_HU\" \/>\n<meta property=\"og:type\" content=\"article\" \/>\n<meta property=\"og:title\" content=\"J\u00e1t\u00e9kosaink a D\u00e9l-Alf\u00f6ldi Region\u00e1lis K\u00f6rzetk\u00f6zponti V\u00e1logatottban. - H\u00f3dmez\u0151v\u00e1s\u00e1rhelyi Futball Club\" \/>\n<meta property=\"og:description\" content=\"A kor\u00e1bbi \u00e9vekhez hasonl\u00f3an id\u00e9n is kialak\u00edt\u00e1sra ker\u00fclt a D\u00e9l-Alf\u00f6ldi Region\u00e1lis K\u00f6rzetk\u00f6zponti V\u00e1logatott, ahov\u00e1 egy eg\u00e9sz \u00e9ven \u00e1t tart\u00f3 rendezv\u00e9nysorozat z\u00e1r\u00e1sak\u00e9nt lehetett beker\u00fclni az alf\u00f6ld\u00f6n...\" \/>\n<meta property=\"og:url\" content=\"http:\/\/www.hfc1912.hu\/new\/2025\/05\/23\/jatekosaink-a-del-alfoldi-regionalis-korzetkozponti-valogatottban\/\" \/>\n<meta property=\"og:site_name\" content=\"H\u00f3dmez\u0151v\u00e1s\u00e1rhelyi Futball Club\" \/>\n<meta property=\"article:published_time\" content=\"2025-05-23T17:29:00+00:00\" \/>\n<meta property=\"article:modified_time\" content=\"2025-05-24T12:29:29+00:00\" \/>\n<meta property=\"og:image\" content=\"http:\/\/www.hfc1912.hu\/new\/wp-content\/uploads\/2025\/05\/img_3841-2-1.jpg\" \/>\n\t<meta property=\"og:image:width\" content=\"2000\" \/>\n\t<meta property=\"og:image:height\" content=\"1374\" \/>\n\t<meta property=\"og:image:type\" content=\"image\/jpeg\" \/>\n<meta name=\"author\" content=\"Fejes Loretta\" \/>\n<meta name=\"twitter:card\" content=\"summary_large_image\" \/>\n<meta name=\"twitter:label1\" content=\"Written by\" \/>\n\t<meta name=\"twitter:data1\" content=\"Fejes Loretta\" \/>\n\t<meta name=\"twitter:label2\" content=\"Est. reading time\" \/>\n\t<meta name=\"twitter:data2\" content=\"1 perc\" \/>\n<script type=\"application\/ld+json\" class=\"yoast-schema-graph\">{\"@context\":\"https:\/\/schema.org\",\"@graph\":[{\"@type\":\"Article\",\"@id\":\"http:\/\/www.hfc1912.hu\/new\/2025\/05\/23\/jatekosaink-a-del-alfoldi-regionalis-korzetkozponti-valogatottban\/#article\",\"isPartOf\":{\"@id\":\"http:\/\/www.hfc1912.hu\/new\/2025\/05\/23\/jatekosaink-a-del-alfoldi-regionalis-korzetkozponti-valogatottban\/\"},\"author\":{\"name\":\"Fejes Loretta\",\"@id\":\"http:\/\/www.hfc1912.hu\/new\/#\/schema\/person\/05b742beb40ec0a8f805c71953628e65\"},\"headline\":\"J\u00e1t\u00e9kosaink a D\u00e9l-Alf\u00f6ldi Region\u00e1lis K\u00f6rzetk\u00f6zponti V\u00e1logatottban.\",\"datePublished\":\"2025-05-23T17:29:00+00:00\",\"dateModified\":\"2025-05-24T12:29:29+00:00\",\"mainEntityOfPage\":{\"@id\":\"http:\/\/www.hfc1912.hu\/new\/2025\/05\/23\/jatekosaink-a-del-alfoldi-regionalis-korzetkozponti-valogatottban\/\"},\"wordCount\":234,\"publisher\":{\"@id\":\"http:\/\/www.hfc1912.hu\/new\/#organization\"},\"keywords\":[\"U13\"],\"articleSection\":[\"H\u00edreink\"],\"inLanguage\":\"hu\"},{\"@type\":\"WebPage\",\"@id\":\"http:\/\/www.hfc1912.hu\/new\/2025\/05\/23\/jatekosaink-a-del-alfoldi-regionalis-korzetkozponti-valogatottban\/\",\"url\":\"http:\/\/www.hfc1912.hu\/new\/2025\/05\/23\/jatekosaink-a-del-alfoldi-regionalis-korzetkozponti-valogatottban\/\",\"name\":\"J\u00e1t\u00e9kosaink a D\u00e9l-Alf\u00f6ldi Region\u00e1lis K\u00f6rzetk\u00f6zponti V\u00e1logatottban. - H\u00f3dmez\u0151v\u00e1s\u00e1rhelyi Futball Club\",\"isPartOf\":{\"@id\":\"http:\/\/www.hfc1912.hu\/new\/#website\"},\"datePublished\":\"2025-05-23T17:29:00+00:00\",\"dateModified\":\"2025-05-24T12:29:29+00:00\",\"breadcrumb\":{\"@id\":\"http:\/\/www.hfc1912.hu\/new\/2025\/05\/23\/jatekosaink-a-del-alfoldi-regionalis-korzetkozponti-valogatottban\/#breadcrumb\"},\"inLanguage\":\"hu\",\"potentialAction\":[{\"@type\":\"ReadAction\",\"target\":[\"http:\/\/www.hfc1912.hu\/new\/2025\/05\/23\/jatekosaink-a-del-alfoldi-regionalis-korzetkozponti-valogatottban\/\"]}]},{\"@type\":\"BreadcrumbList\",\"@id\":\"http:\/\/www.hfc1912.hu\/new\/2025\/05\/23\/jatekosaink-a-del-alfoldi-regionalis-korzetkozponti-valogatottban\/#breadcrumb\",\"itemListElement\":[{\"@type\":\"ListItem\",\"position\":1,\"name\":\"Home\",\"item\":\"http:\/\/www.hfc1912.hu\/new\/\"},{\"@type\":\"ListItem\",\"position\":2,\"name\":\"J\u00e1t\u00e9kosaink a D\u00e9l-Alf\u00f6ldi Region\u00e1lis K\u00f6rzetk\u00f6zponti V\u00e1logatottban.\"}]},{\"@type\":\"WebSite\",\"@id\":\"http:\/\/www.hfc1912.hu\/new\/#website\",\"url\":\"http:\/\/www.hfc1912.hu\/new\/\",\"name\":\"H\u00f3dmez\u0151v\u00e1s\u00e1rhelyi Futball Club\",\"description\":\"H\u00f3dmez\u0151v\u00e1s\u00e1rhelyi Futball Club hivatalos honlapja\",\"publisher\":{\"@id\":\"http:\/\/www.hfc1912.hu\/new\/#organization\"},\"potentialAction\":[{\"@type\":\"SearchAction\",\"target\":{\"@type\":\"EntryPoint\",\"urlTemplate\":\"http:\/\/www.hfc1912.hu\/new\/?s={search_term_string}\"},\"query-input\":\"required name=search_term_string\"}],\"inLanguage\":\"hu\"},{\"@type\":\"Organization\",\"@id\":\"http:\/\/www.hfc1912.hu\/new\/#organization\",\"name\":\"H\u00f3dmez\u0151v\u00e1s\u00e1rhelyi Futball Club\",\"url\":\"http:\/\/www.hfc1912.hu\/new\/\",\"sameAs\":[],\"logo\":{\"@type\":\"ImageObject\",\"inLanguage\":\"hu\",\"@id\":\"http:\/\/www.hfc1912.hu\/new\/#\/schema\/logo\/image\/\",\"url\":\"http:\/\/www.hfc1912.hu\/new\/wp-content\/uploads\/2021\/12\/cropped-V\u00e9gleges_c\u00edmer_atlatszo150162.png\",\"contentUrl\":\"http:\/\/www.hfc1912.hu\/new\/wp-content\/uploads\/2021\/12\/cropped-V\u00e9gleges_c\u00edmer_atlatszo150162.png\",\"width\":150,\"height\":162,\"caption\":\"H\u00f3dmez\u0151v\u00e1s\u00e1rhelyi Futball Club\"},\"image\":{\"@id\":\"http:\/\/www.hfc1912.hu\/new\/#\/schema\/logo\/image\/\"}},{\"@type\":\"Person\",\"@id\":\"http:\/\/www.hfc1912.hu\/new\/#\/schema\/person\/05b742beb40ec0a8f805c71953628e65\",\"name\":\"Fejes Loretta\",\"image\":{\"@type\":\"ImageObject\",\"inLanguage\":\"hu\",\"@id\":\"http:\/\/www.hfc1912.hu\/new\/#\/schema\/person\/image\/\",\"url\":\"http:\/\/0.gravatar.com\/avatar\/392d3c91f023210838ae5eb949191c81?s=96&d=mm&r=g\",\"contentUrl\":\"http:\/\/0.gravatar.com\/avatar\/392d3c91f023210838ae5eb949191c81?s=96&d=mm&r=g\",\"caption\":\"Fejes Loretta\"},\"url\":\"http:\/\/www.hfc1912.hu\/new\/author\/lori\/\"}]}<\/script>\n<!-- \/ Yoast SEO plugin. -->","yoast_head_json":{"title":"J\u00e1t\u00e9kosaink a D\u00e9l-Alf\u00f6ldi Region\u00e1lis K\u00f6rzetk\u00f6zponti V\u00e1logatottban. - H\u00f3dmez\u0151v\u00e1s\u00e1rhelyi Futball Club","robots":{"index":"index","follow":"follow","max-snippet":"max-snippet:-1","max-image-preview":"max-image-preview:large","max-video-preview":"max-video-preview:-1"},"canonical":"http:\/\/www.hfc1912.hu\/new\/2025\/05\/23\/jatekosaink-a-del-alfoldi-regionalis-korzetkozponti-valogatottban\/","og_locale":"hu_HU","og_type":"article","og_title":"J\u00e1t\u00e9kosaink a D\u00e9l-Alf\u00f6ldi Region\u00e1lis K\u00f6rzetk\u00f6zponti V\u00e1logatottban. - H\u00f3dmez\u0151v\u00e1s\u00e1rhelyi Futball Club","og_description":"A kor\u00e1bbi \u00e9vekhez hasonl\u00f3an id\u00e9n is kialak\u00edt\u00e1sra ker\u00fclt a D\u00e9l-Alf\u00f6ldi Region\u00e1lis K\u00f6rzetk\u00f6zponti V\u00e1logatott, ahov\u00e1 egy eg\u00e9sz \u00e9ven \u00e1t tart\u00f3 rendezv\u00e9nysorozat z\u00e1r\u00e1sak\u00e9nt lehetett beker\u00fclni az alf\u00f6ld\u00f6n...","og_url":"http:\/\/www.hfc1912.hu\/new\/2025\/05\/23\/jatekosaink-a-del-alfoldi-regionalis-korzetkozponti-valogatottban\/","og_site_name":"H\u00f3dmez\u0151v\u00e1s\u00e1rhelyi Futball Club","article_published_time":"2025-05-23T17:29:00+00:00","article_modified_time":"2025-05-24T12:29:29+00:00","og_image":[{"width":2000,"height":1374,"url":"http:\/\/www.hfc1912.hu\/new\/wp-content\/uploads\/2025\/05\/img_3841-2-1.jpg","type":"image\/jpeg"}],"author":"Fejes Loretta","twitter_card":"summary_large_image","twitter_misc":{"Written by":"Fejes Loretta","Est. reading time":"1 perc"},"schema":{"@context":"https:\/\/schema.org","@graph":[{"@type":"Article","@id":"http:\/\/www.hfc1912.hu\/new\/2025\/05\/23\/jatekosaink-a-del-alfoldi-regionalis-korzetkozponti-valogatottban\/#article","isPartOf":{"@id":"http:\/\/www.hfc1912.hu\/new\/2025\/05\/23\/jatekosaink-a-del-alfoldi-regionalis-korzetkozponti-valogatottban\/"},"author":{"name":"Fejes Loretta","@id":"http:\/\/www.hfc1912.hu\/new\/#\/schema\/person\/05b742beb40ec0a8f805c71953628e65"},"headline":"J\u00e1t\u00e9kosaink a D\u00e9l-Alf\u00f6ldi Region\u00e1lis K\u00f6rzetk\u00f6zponti V\u00e1logatottban.","datePublished":"2025-05-23T17:29:00+00:00","dateModified":"2025-05-24T12:29:29+00:00","mainEntityOfPage":{"@id":"http:\/\/www.hfc1912.hu\/new\/2025\/05\/23\/jatekosaink-a-del-alfoldi-regionalis-korzetkozponti-valogatottban\/"},"wordCount":234,"publisher":{"@id":"http:\/\/www.hfc1912.hu\/new\/#organization"},"keywords":["U13"],"articleSection":["H\u00edreink"],"inLanguage":"hu"},{"@type":"WebPage","@id":"http:\/\/www.hfc1912.hu\/new\/2025\/05\/23\/jatekosaink-a-del-alfoldi-regionalis-korzetkozponti-valogatottban\/","url":"http:\/\/www.hfc1912.hu\/new\/2025\/05\/23\/jatekosaink-a-del-alfoldi-regionalis-korzetkozponti-valogatottban\/","name":"J\u00e1t\u00e9kosaink a D\u00e9l-Alf\u00f6ldi Region\u00e1lis K\u00f6rzetk\u00f6zponti V\u00e1logatottban. - H\u00f3dmez\u0151v\u00e1s\u00e1rhelyi Futball Club","isPartOf":{"@id":"http:\/\/www.hfc1912.hu\/new\/#website"},"datePublished":"2025-05-23T17:29:00+00:00","dateModified":"2025-05-24T12:29:29+00:00","breadcrumb":{"@id":"http:\/\/www.hfc1912.hu\/new\/2025\/05\/23\/jatekosaink-a-del-alfoldi-regionalis-korzetkozponti-valogatottban\/#breadcrumb"},"inLanguage":"hu","potentialAction":[{"@type":"ReadAction","target":["http:\/\/www.hfc1912.hu\/new\/2025\/05\/23\/jatekosaink-a-del-alfoldi-regionalis-korzetkozponti-valogatottban\/"]}]},{"@type":"BreadcrumbList","@id":"http:\/\/www.hfc1912.hu\/new\/2025\/05\/23\/jatekosaink-a-del-alfoldi-regionalis-korzetkozponti-valogatottban\/#breadcrumb","itemListElement":[{"@type":"ListItem","position":1,"name":"Home","item":"http:\/\/www.hfc1912.hu\/new\/"},{"@type":"ListItem","position":2,"name":"J\u00e1t\u00e9kosaink a D\u00e9l-Alf\u00f6ldi Region\u00e1lis K\u00f6rzetk\u00f6zponti V\u00e1logatottban."}]},{"@type":"WebSite","@id":"http:\/\/www.hfc1912.hu\/new\/#website","url":"http:\/\/www.hfc1912.hu\/new\/","name":"H\u00f3dmez\u0151v\u00e1s\u00e1rhelyi Futball Club","description":"H\u00f3dmez\u0151v\u00e1s\u00e1rhelyi Futball Club hivatalos honlapja","publisher":{"@id":"http:\/\/www.hfc1912.hu\/new\/#organization"},"potentialAction":[{"@type":"SearchAction","target":{"@type":"EntryPoint","urlTemplate":"http:\/\/www.hfc1912.hu\/new\/?s={search_term_string}"},"query-input":"required name=search_term_string"}],"inLanguage":"hu"},{"@type":"Organization","@id":"http:\/\/www.hfc1912.hu\/new\/#organization","name":"H\u00f3dmez\u0151v\u00e1s\u00e1rhelyi Futball Club","url":"http:\/\/www.hfc1912.hu\/new\/","sameAs":[],"logo":{"@type":"ImageObject","inLanguage":"hu","@id":"http:\/\/www.hfc1912.hu\/new\/#\/schema\/logo\/image\/","url":"http:\/\/www.hfc1912.hu\/new\/wp-content\/uploads\/2021\/12\/cropped-V\u00e9gleges_c\u00edmer_atlatszo150162.png","contentUrl":"http:\/\/www.hfc1912.hu\/new\/wp-content\/uploads\/2021\/12\/cropped-V\u00e9gleges_c\u00edmer_atlatszo150162.png","width":150,"height":162,"caption":"H\u00f3dmez\u0151v\u00e1s\u00e1rhelyi Futball Club"},"image":{"@id":"http:\/\/www.hfc1912.hu\/new\/#\/schema\/logo\/image\/"}},{"@type":"Person","@id":"http:\/\/www.hfc1912.hu\/new\/#\/schema\/person\/05b742beb40ec0a8f805c71953628e65","name":"Fejes Loretta","image":{"@type":"ImageObject","inLanguage":"hu","@id":"http:\/\/www.hfc1912.hu\/new\/#\/schema\/person\/image\/","url":"http:\/\/0.gravatar.com\/avatar\/392d3c91f023210838ae5eb949191c81?s=96&d=mm&r=g","contentUrl":"http:\/\/0.gravatar.com\/avatar\/392d3c91f023210838ae5eb949191c81?s=96&d=mm&r=g","caption":"Fejes Loretta"},"url":"http:\/\/www.hfc1912.hu\/new\/author\/lori\/"}]}},"_links":{"self":[{"href":"http:\/\/www.hfc1912.hu\/new\/wp-json\/wp\/v2\/posts\/8154"}],"collection":[{"href":"http:\/\/www.hfc1912.hu\/new\/wp-json\/wp\/v2\/posts"}],"about":[{"href":"http:\/\/www.hfc1912.hu\/new\/wp-json\/wp\/v2\/types\/post"}],"author":[{"embeddable":true,"href":"http:\/\/www.hfc1912.hu\/new\/wp-json\/wp\/v2\/users\/4"}],"replies":[{"embeddable":true,"href":"http:\/\/www.hfc1912.hu\/new\/wp-json\/wp\/v2\/comments?post=8154"}],"version-history":[{"count":1,"href":"http:\/\/www.hfc1912.hu\/new\/wp-json\/wp\/v2\/posts\/8154\/revisions"}],"predecessor-version":[{"id":8155,"href":"http:\/\/www.hfc1912.hu\/new\/wp-json\/wp\/v2\/posts\/8154\/revisions\/8155"}],"wp:featuredmedia":[{"embeddable":true,"href":"http:\/\/www.hfc1912.hu\/new\/wp-json\/wp\/v2\/media\/8153"}],"wp:attachment":[{"href":"http:\/\/www.hfc1912.hu\/new\/wp-json\/wp\/v2\/media?parent=8154"}],"wp:term":[{"taxonomy":"category","embeddable":true,"href":"http:\/\/www.hfc1912.hu\/new\/wp-json\/wp\/v2\/categories?post=8154"},{"taxonomy":"post_tag","embeddable":true,"href":"http:\/\/www.hfc1912.hu\/new\/wp-json\/wp\/v2\/tags?post=8154"}],"curies":[{"name":"wp","href":"https:\/\/api.w.org\/{rel}","templated":true}]}}