{"id":8170,"date":"2025-05-24T21:08:00","date_gmt":"2025-05-24T19:08:00","guid":{"rendered":"http:\/\/www.hfc1912.hu\/new\/?p=8170"},"modified":"2025-05-27T21:08:25","modified_gmt":"2025-05-27T19:08:25","slug":"masodik-csapatunk-penteken-a-bordany-ellen-tartotta-itthon-a-3-pontot","status":"publish","type":"post","link":"http:\/\/www.hfc1912.hu\/new\/2025\/05\/24\/masodik-csapatunk-penteken-a-bordany-ellen-tartotta-itthon-a-3-pontot\/","title":{"rendered":"M\u00e1sodik csapatunk p\u00e9nteken a Bord\u00e1ny ellen tartotta itthon a 3 pontot."},"content":{"rendered":"\n<p class=\"p1\">A Bord\u00e1ny egy\u00fcttese b\u0151 negyed\u00f3ra j\u00e1t\u00e9k ut\u00e1n m\u00e1r k\u00e9tg\u00f3los el\u0151nyre tett szert. A 30. percben Heipl Benj\u00e1min szab\u00e1lytalans\u00e1ga miatt, amellyel megakad\u00e1lyozott egy hazai ziccert, a j\u00e1t\u00e9kvezet\u0151 piros lappal ki\u00e1ll\u00edtotta \u0151t. Csapatunk azonban m\u00e9g a sz\u00fcnet el\u0151tt kiegyenl\u00edtett: Barna \u00c1d\u00e1m \u00e9s Orovecz Bal\u00e1zs tal\u00e1lataival 2\u20132-re m\u00f3dosult az \u00e1ll\u00e1s. A m\u00e1sodik f\u00e9lid\u0151 kezdet\u00e9t k\u00f6vet\u0151en n\u00e9h\u00e1ny perccel a m\u00e9rk\u0151z\u00e9st f\u00e9l \u00f3r\u00e1ra f\u00e9lbeszak\u00edtott\u00e1k a kedvez\u0151tlen id\u0151j\u00e1r\u00e1si k\u00f6r\u00fclm\u00e9nyek miatt. A k\u00e9nyszersz\u00fcnet ut\u00e1n Cz\u00e9kus \u00c1ron k\u00e9tszer is eredm\u00e9nyes volt, m\u00edg P\u00e9ter Martin egy g\u00f3llal j\u00e1rult hozz\u00e1 a v\u00e9g\u00fcl magabiztos gy\u0151zelemhez.<\/p>\n\n\n\n<p class=\"p1\"><strong>H\u00f3dmez\u0151v\u00e1s\u00e1rhelyi FC II.\u2013DB Futball Bord\u00e1ny 5\u20132 (2\u20132)<\/strong><\/p>\n\n\n\n<p class=\"p1\"><strong>G\u00f3lszerz\u0151k: Barna (28.), Orovecz (41.), Cz\u00e9kus (68., 93.), P\u00e9ter (88.), ill. Kov\u00e1cs K. (14.), Sahin-T\u00f3th (17.).<\/strong><\/p>\n\n\n\n<p class=\"p1\">Ki\u00e1ll\u00edtva: Heipl B. (30.).<\/p>\n\n\n\n<p class=\"p1\">Csongr\u00e1d-Csan\u00e1d V\u00e1rmegyei I. oszt\u00e1ly ALS\u00d3H\u00c1Z 9. fordul\u00f3.<\/p>\n\n\n\n<p class=\"p1\">H\u00f3dmez\u0151v\u00e1s\u00e1rhely, H\u00f3dmez\u0151v\u00e1s\u00e1rhelyi V\u00e1rosi Stadion.<\/p>\n\n\n\n<p class=\"p1\">2025.05.23. 18:00.<\/p>\n\n\n\n<p class=\"p1\">vezette: Kiss M\u00e1rk\u00f3 (Juh\u00e1sz, Pap Zs.).<\/p>\n\n\n\n<p class=\"p1\"><strong>HFC II.:&nbsp;<\/strong><\/p>\n\n\n\n<p class=\"p1\">Guljas \u2013 Vass, Cz\u00e9kus, Tat\u00e1r (Kocsis, 92.), Barna (Sallai, 90.), Orovecz (Knapecz G., 88.), P\u00e9ter, Arany, B\u00e1nfi, Mur\u00e1nyi (T\u00f3th M., 81.), Pacsk\u00f3.&nbsp;<\/p>\n\n\n\n<p class=\"p1\">Edz\u0151: Kis D\u00e1vid.<\/p>\n\n\n\n<p class=\"p1\"><strong>Bord\u00e1ny:&nbsp;<\/strong><\/p>\n\n\n\n<p class=\"p1\">Rabi \u2013 Heipl B., Kov\u00e1cs P., Kov\u00e1cs K., Sahin-T\u00f3th (Forg\u00e1cs, 75.), Kis L., Lippai (Krizs, 46.), M\u00e1rton (R\u00e1cz M., 46.), S\u00e1rk\u00e1ny (Heipl \u00c1., 73.), Kiss T., Kov\u00e1cs D.&nbsp;<\/p>\n\n\n\n<p class=\"p1\">J\u00e1t\u00e9kos-edz\u0151: Forg\u00e1cs D\u00e1vid.<\/p>\n\n\n\n<p class=\"p1\"><em><strong>Nyilatkozat:<\/strong> Gratul\u00e1lok a sr\u00e1coknak! Az ellenfelet \u00e9s az id\u0151j\u00e1r\u00e1st is le kellett gy\u0151zni, egy j\u00f3 ellenf\u00e9llel szemben nyert\u00fcnk. Tov\u00e1bbi sok sikert k\u00edv\u00e1nok a Bord\u00e1nynak!<\/em><\/p>\n\n\n\n<p class=\"p1\">Szombaton utols\u00f3 bajnoki m\u00e9rk\u0151z\u00e9s\u00e9n a Szentes otthon\u00e1ban l\u00e1togat m\u00e1sodik csapatunk.<\/p>\n","protected":false},"excerpt":{"rendered":"<p>A Bord\u00e1ny egy\u00fcttese b\u0151 negyed\u00f3ra j\u00e1t\u00e9k ut\u00e1n m\u00e1r k\u00e9tg\u00f3los el\u0151nyre tett szert. A 30. percben Heipl Benj\u00e1min szab\u00e1lytalans\u00e1ga miatt, amellyel megakad\u00e1lyozott egy hazai ziccert, a&#8230;<\/p>\n","protected":false},"author":4,"featured_media":8169,"comment_status":"closed","ping_status":"closed","sticky":false,"template":"","format":"standard","meta":[],"categories":[1],"tags":[58],"yoast_head":"<!-- This site is optimized with the Yoast SEO plugin v19.8 - https:\/\/yoast.com\/wordpress\/plugins\/seo\/ -->\n<title>M\u00e1sodik csapatunk p\u00e9nteken a Bord\u00e1ny ellen tartotta itthon a 3 pontot. - H\u00f3dmez\u0151v\u00e1s\u00e1rhelyi Futball Club<\/title>\n<meta name=\"robots\" content=\"index, follow, max-snippet:-1, max-image-preview:large, max-video-preview:-1\" \/>\n<link rel=\"canonical\" href=\"http:\/\/www.hfc1912.hu\/new\/2025\/05\/24\/masodik-csapatunk-penteken-a-bordany-ellen-tartotta-itthon-a-3-pontot\/\" \/>\n<meta property=\"og:locale\" content=\"hu_HU\" \/>\n<meta property=\"og:type\" content=\"article\" \/>\n<meta property=\"og:title\" content=\"M\u00e1sodik csapatunk p\u00e9nteken a Bord\u00e1ny ellen tartotta itthon a 3 pontot. - H\u00f3dmez\u0151v\u00e1s\u00e1rhelyi Futball Club\" \/>\n<meta property=\"og:description\" content=\"A Bord\u00e1ny egy\u00fcttese b\u0151 negyed\u00f3ra j\u00e1t\u00e9k ut\u00e1n m\u00e1r k\u00e9tg\u00f3los el\u0151nyre tett szert. A 30. percben Heipl Benj\u00e1min szab\u00e1lytalans\u00e1ga miatt, amellyel megakad\u00e1lyozott egy hazai ziccert, a...\" \/>\n<meta property=\"og:url\" content=\"http:\/\/www.hfc1912.hu\/new\/2025\/05\/24\/masodik-csapatunk-penteken-a-bordany-ellen-tartotta-itthon-a-3-pontot\/\" \/>\n<meta property=\"og:site_name\" content=\"H\u00f3dmez\u0151v\u00e1s\u00e1rhelyi Futball Club\" \/>\n<meta property=\"article:published_time\" content=\"2025-05-24T19:08:00+00:00\" \/>\n<meta property=\"article:modified_time\" content=\"2025-05-27T19:08:25+00:00\" \/>\n<meta property=\"og:image\" content=\"http:\/\/www.hfc1912.hu\/new\/wp-content\/uploads\/2025\/05\/att.smcnqzwlreoxorbgxruldbfn5fh8r9n54n6r7pozgvy-1.jpg\" \/>\n\t<meta property=\"og:image:width\" content=\"1344\" \/>\n\t<meta property=\"og:image:height\" content=\"1792\" \/>\n\t<meta property=\"og:image:type\" content=\"image\/jpeg\" \/>\n<meta name=\"author\" content=\"Fejes Loretta\" \/>\n<meta name=\"twitter:card\" content=\"summary_large_image\" \/>\n<meta name=\"twitter:label1\" content=\"Written by\" \/>\n\t<meta name=\"twitter:data1\" content=\"Fejes Loretta\" \/>\n\t<meta name=\"twitter:label2\" content=\"Est. reading time\" \/>\n\t<meta name=\"twitter:data2\" content=\"2 perc\" \/>\n<script type=\"application\/ld+json\" class=\"yoast-schema-graph\">{\"@context\":\"https:\/\/schema.org\",\"@graph\":[{\"@type\":\"Article\",\"@id\":\"http:\/\/www.hfc1912.hu\/new\/2025\/05\/24\/masodik-csapatunk-penteken-a-bordany-ellen-tartotta-itthon-a-3-pontot\/#article\",\"isPartOf\":{\"@id\":\"http:\/\/www.hfc1912.hu\/new\/2025\/05\/24\/masodik-csapatunk-penteken-a-bordany-ellen-tartotta-itthon-a-3-pontot\/\"},\"author\":{\"name\":\"Fejes Loretta\",\"@id\":\"http:\/\/www.hfc1912.hu\/new\/#\/schema\/person\/05b742beb40ec0a8f805c71953628e65\"},\"headline\":\"M\u00e1sodik csapatunk p\u00e9nteken a Bord\u00e1ny ellen tartotta itthon a 3 pontot.\",\"datePublished\":\"2025-05-24T19:08:00+00:00\",\"dateModified\":\"2025-05-27T19:08:25+00:00\",\"mainEntityOfPage\":{\"@id\":\"http:\/\/www.hfc1912.hu\/new\/2025\/05\/24\/masodik-csapatunk-penteken-a-bordany-ellen-tartotta-itthon-a-3-pontot\/\"},\"wordCount\":348,\"publisher\":{\"@id\":\"http:\/\/www.hfc1912.hu\/new\/#organization\"},\"keywords\":[\"HFC II.\"],\"articleSection\":[\"H\u00edreink\"],\"inLanguage\":\"hu\"},{\"@type\":\"WebPage\",\"@id\":\"http:\/\/www.hfc1912.hu\/new\/2025\/05\/24\/masodik-csapatunk-penteken-a-bordany-ellen-tartotta-itthon-a-3-pontot\/\",\"url\":\"http:\/\/www.hfc1912.hu\/new\/2025\/05\/24\/masodik-csapatunk-penteken-a-bordany-ellen-tartotta-itthon-a-3-pontot\/\",\"name\":\"M\u00e1sodik csapatunk p\u00e9nteken a Bord\u00e1ny ellen tartotta itthon a 3 pontot. - H\u00f3dmez\u0151v\u00e1s\u00e1rhelyi Futball Club\",\"isPartOf\":{\"@id\":\"http:\/\/www.hfc1912.hu\/new\/#website\"},\"datePublished\":\"2025-05-24T19:08:00+00:00\",\"dateModified\":\"2025-05-27T19:08:25+00:00\",\"breadcrumb\":{\"@id\":\"http:\/\/www.hfc1912.hu\/new\/2025\/05\/24\/masodik-csapatunk-penteken-a-bordany-ellen-tartotta-itthon-a-3-pontot\/#breadcrumb\"},\"inLanguage\":\"hu\",\"potentialAction\":[{\"@type\":\"ReadAction\",\"target\":[\"http:\/\/www.hfc1912.hu\/new\/2025\/05\/24\/masodik-csapatunk-penteken-a-bordany-ellen-tartotta-itthon-a-3-pontot\/\"]}]},{\"@type\":\"BreadcrumbList\",\"@id\":\"http:\/\/www.hfc1912.hu\/new\/2025\/05\/24\/masodik-csapatunk-penteken-a-bordany-ellen-tartotta-itthon-a-3-pontot\/#breadcrumb\",\"itemListElement\":[{\"@type\":\"ListItem\",\"position\":1,\"name\":\"Home\",\"item\":\"http:\/\/www.hfc1912.hu\/new\/\"},{\"@type\":\"ListItem\",\"position\":2,\"name\":\"M\u00e1sodik csapatunk p\u00e9nteken a Bord\u00e1ny ellen tartotta itthon a 3 pontot.\"}]},{\"@type\":\"WebSite\",\"@id\":\"http:\/\/www.hfc1912.hu\/new\/#website\",\"url\":\"http:\/\/www.hfc1912.hu\/new\/\",\"name\":\"H\u00f3dmez\u0151v\u00e1s\u00e1rhelyi Futball Club\",\"description\":\"H\u00f3dmez\u0151v\u00e1s\u00e1rhelyi Futball Club hivatalos honlapja\",\"publisher\":{\"@id\":\"http:\/\/www.hfc1912.hu\/new\/#organization\"},\"potentialAction\":[{\"@type\":\"SearchAction\",\"target\":{\"@type\":\"EntryPoint\",\"urlTemplate\":\"http:\/\/www.hfc1912.hu\/new\/?s={search_term_string}\"},\"query-input\":\"required name=search_term_string\"}],\"inLanguage\":\"hu\"},{\"@type\":\"Organization\",\"@id\":\"http:\/\/www.hfc1912.hu\/new\/#organization\",\"name\":\"H\u00f3dmez\u0151v\u00e1s\u00e1rhelyi Futball Club\",\"url\":\"http:\/\/www.hfc1912.hu\/new\/\",\"sameAs\":[],\"logo\":{\"@type\":\"ImageObject\",\"inLanguage\":\"hu\",\"@id\":\"http:\/\/www.hfc1912.hu\/new\/#\/schema\/logo\/image\/\",\"url\":\"http:\/\/www.hfc1912.hu\/new\/wp-content\/uploads\/2021\/12\/cropped-V\u00e9gleges_c\u00edmer_atlatszo150162.png\",\"contentUrl\":\"http:\/\/www.hfc1912.hu\/new\/wp-content\/uploads\/2021\/12\/cropped-V\u00e9gleges_c\u00edmer_atlatszo150162.png\",\"width\":150,\"height\":162,\"caption\":\"H\u00f3dmez\u0151v\u00e1s\u00e1rhelyi Futball Club\"},\"image\":{\"@id\":\"http:\/\/www.hfc1912.hu\/new\/#\/schema\/logo\/image\/\"}},{\"@type\":\"Person\",\"@id\":\"http:\/\/www.hfc1912.hu\/new\/#\/schema\/person\/05b742beb40ec0a8f805c71953628e65\",\"name\":\"Fejes Loretta\",\"image\":{\"@type\":\"ImageObject\",\"inLanguage\":\"hu\",\"@id\":\"http:\/\/www.hfc1912.hu\/new\/#\/schema\/person\/image\/\",\"url\":\"http:\/\/0.gravatar.com\/avatar\/392d3c91f023210838ae5eb949191c81?s=96&d=mm&r=g\",\"contentUrl\":\"http:\/\/0.gravatar.com\/avatar\/392d3c91f023210838ae5eb949191c81?s=96&d=mm&r=g\",\"caption\":\"Fejes Loretta\"},\"url\":\"http:\/\/www.hfc1912.hu\/new\/author\/lori\/\"}]}<\/script>\n<!-- \/ Yoast SEO plugin. -->","yoast_head_json":{"title":"M\u00e1sodik csapatunk p\u00e9nteken a Bord\u00e1ny ellen tartotta itthon a 3 pontot. - H\u00f3dmez\u0151v\u00e1s\u00e1rhelyi Futball Club","robots":{"index":"index","follow":"follow","max-snippet":"max-snippet:-1","max-image-preview":"max-image-preview:large","max-video-preview":"max-video-preview:-1"},"canonical":"http:\/\/www.hfc1912.hu\/new\/2025\/05\/24\/masodik-csapatunk-penteken-a-bordany-ellen-tartotta-itthon-a-3-pontot\/","og_locale":"hu_HU","og_type":"article","og_title":"M\u00e1sodik csapatunk p\u00e9nteken a Bord\u00e1ny ellen tartotta itthon a 3 pontot. - H\u00f3dmez\u0151v\u00e1s\u00e1rhelyi Futball Club","og_description":"A Bord\u00e1ny egy\u00fcttese b\u0151 negyed\u00f3ra j\u00e1t\u00e9k ut\u00e1n m\u00e1r k\u00e9tg\u00f3los el\u0151nyre tett szert. A 30. percben Heipl Benj\u00e1min szab\u00e1lytalans\u00e1ga miatt, amellyel megakad\u00e1lyozott egy hazai ziccert, a...","og_url":"http:\/\/www.hfc1912.hu\/new\/2025\/05\/24\/masodik-csapatunk-penteken-a-bordany-ellen-tartotta-itthon-a-3-pontot\/","og_site_name":"H\u00f3dmez\u0151v\u00e1s\u00e1rhelyi Futball Club","article_published_time":"2025-05-24T19:08:00+00:00","article_modified_time":"2025-05-27T19:08:25+00:00","og_image":[{"width":1344,"height":1792,"url":"http:\/\/www.hfc1912.hu\/new\/wp-content\/uploads\/2025\/05\/att.smcnqzwlreoxorbgxruldbfn5fh8r9n54n6r7pozgvy-1.jpg","type":"image\/jpeg"}],"author":"Fejes Loretta","twitter_card":"summary_large_image","twitter_misc":{"Written by":"Fejes Loretta","Est. reading time":"2 perc"},"schema":{"@context":"https:\/\/schema.org","@graph":[{"@type":"Article","@id":"http:\/\/www.hfc1912.hu\/new\/2025\/05\/24\/masodik-csapatunk-penteken-a-bordany-ellen-tartotta-itthon-a-3-pontot\/#article","isPartOf":{"@id":"http:\/\/www.hfc1912.hu\/new\/2025\/05\/24\/masodik-csapatunk-penteken-a-bordany-ellen-tartotta-itthon-a-3-pontot\/"},"author":{"name":"Fejes Loretta","@id":"http:\/\/www.hfc1912.hu\/new\/#\/schema\/person\/05b742beb40ec0a8f805c71953628e65"},"headline":"M\u00e1sodik csapatunk p\u00e9nteken a Bord\u00e1ny ellen tartotta itthon a 3 pontot.","datePublished":"2025-05-24T19:08:00+00:00","dateModified":"2025-05-27T19:08:25+00:00","mainEntityOfPage":{"@id":"http:\/\/www.hfc1912.hu\/new\/2025\/05\/24\/masodik-csapatunk-penteken-a-bordany-ellen-tartotta-itthon-a-3-pontot\/"},"wordCount":348,"publisher":{"@id":"http:\/\/www.hfc1912.hu\/new\/#organization"},"keywords":["HFC II."],"articleSection":["H\u00edreink"],"inLanguage":"hu"},{"@type":"WebPage","@id":"http:\/\/www.hfc1912.hu\/new\/2025\/05\/24\/masodik-csapatunk-penteken-a-bordany-ellen-tartotta-itthon-a-3-pontot\/","url":"http:\/\/www.hfc1912.hu\/new\/2025\/05\/24\/masodik-csapatunk-penteken-a-bordany-ellen-tartotta-itthon-a-3-pontot\/","name":"M\u00e1sodik csapatunk p\u00e9nteken a Bord\u00e1ny ellen tartotta itthon a 3 pontot. - H\u00f3dmez\u0151v\u00e1s\u00e1rhelyi Futball Club","isPartOf":{"@id":"http:\/\/www.hfc1912.hu\/new\/#website"},"datePublished":"2025-05-24T19:08:00+00:00","dateModified":"2025-05-27T19:08:25+00:00","breadcrumb":{"@id":"http:\/\/www.hfc1912.hu\/new\/2025\/05\/24\/masodik-csapatunk-penteken-a-bordany-ellen-tartotta-itthon-a-3-pontot\/#breadcrumb"},"inLanguage":"hu","potentialAction":[{"@type":"ReadAction","target":["http:\/\/www.hfc1912.hu\/new\/2025\/05\/24\/masodik-csapatunk-penteken-a-bordany-ellen-tartotta-itthon-a-3-pontot\/"]}]},{"@type":"BreadcrumbList","@id":"http:\/\/www.hfc1912.hu\/new\/2025\/05\/24\/masodik-csapatunk-penteken-a-bordany-ellen-tartotta-itthon-a-3-pontot\/#breadcrumb","itemListElement":[{"@type":"ListItem","position":1,"name":"Home","item":"http:\/\/www.hfc1912.hu\/new\/"},{"@type":"ListItem","position":2,"name":"M\u00e1sodik csapatunk p\u00e9nteken a Bord\u00e1ny ellen tartotta itthon a 3 pontot."}]},{"@type":"WebSite","@id":"http:\/\/www.hfc1912.hu\/new\/#website","url":"http:\/\/www.hfc1912.hu\/new\/","name":"H\u00f3dmez\u0151v\u00e1s\u00e1rhelyi Futball Club","description":"H\u00f3dmez\u0151v\u00e1s\u00e1rhelyi Futball Club hivatalos honlapja","publisher":{"@id":"http:\/\/www.hfc1912.hu\/new\/#organization"},"potentialAction":[{"@type":"SearchAction","target":{"@type":"EntryPoint","urlTemplate":"http:\/\/www.hfc1912.hu\/new\/?s={search_term_string}"},"query-input":"required name=search_term_string"}],"inLanguage":"hu"},{"@type":"Organization","@id":"http:\/\/www.hfc1912.hu\/new\/#organization","name":"H\u00f3dmez\u0151v\u00e1s\u00e1rhelyi Futball Club","url":"http:\/\/www.hfc1912.hu\/new\/","sameAs":[],"logo":{"@type":"ImageObject","inLanguage":"hu","@id":"http:\/\/www.hfc1912.hu\/new\/#\/schema\/logo\/image\/","url":"http:\/\/www.hfc1912.hu\/new\/wp-content\/uploads\/2021\/12\/cropped-V\u00e9gleges_c\u00edmer_atlatszo150162.png","contentUrl":"http:\/\/www.hfc1912.hu\/new\/wp-content\/uploads\/2021\/12\/cropped-V\u00e9gleges_c\u00edmer_atlatszo150162.png","width":150,"height":162,"caption":"H\u00f3dmez\u0151v\u00e1s\u00e1rhelyi Futball Club"},"image":{"@id":"http:\/\/www.hfc1912.hu\/new\/#\/schema\/logo\/image\/"}},{"@type":"Person","@id":"http:\/\/www.hfc1912.hu\/new\/#\/schema\/person\/05b742beb40ec0a8f805c71953628e65","name":"Fejes Loretta","image":{"@type":"ImageObject","inLanguage":"hu","@id":"http:\/\/www.hfc1912.hu\/new\/#\/schema\/person\/image\/","url":"http:\/\/0.gravatar.com\/avatar\/392d3c91f023210838ae5eb949191c81?s=96&d=mm&r=g","contentUrl":"http:\/\/0.gravatar.com\/avatar\/392d3c91f023210838ae5eb949191c81?s=96&d=mm&r=g","caption":"Fejes Loretta"},"url":"http:\/\/www.hfc1912.hu\/new\/author\/lori\/"}]}},"_links":{"self":[{"href":"http:\/\/www.hfc1912.hu\/new\/wp-json\/wp\/v2\/posts\/8170"}],"collection":[{"href":"http:\/\/www.hfc1912.hu\/new\/wp-json\/wp\/v2\/posts"}],"about":[{"href":"http:\/\/www.hfc1912.hu\/new\/wp-json\/wp\/v2\/types\/post"}],"author":[{"embeddable":true,"href":"http:\/\/www.hfc1912.hu\/new\/wp-json\/wp\/v2\/users\/4"}],"replies":[{"embeddable":true,"href":"http:\/\/www.hfc1912.hu\/new\/wp-json\/wp\/v2\/comments?post=8170"}],"version-history":[{"count":1,"href":"http:\/\/www.hfc1912.hu\/new\/wp-json\/wp\/v2\/posts\/8170\/revisions"}],"predecessor-version":[{"id":8171,"href":"http:\/\/www.hfc1912.hu\/new\/wp-json\/wp\/v2\/posts\/8170\/revisions\/8171"}],"wp:featuredmedia":[{"embeddable":true,"href":"http:\/\/www.hfc1912.hu\/new\/wp-json\/wp\/v2\/media\/8169"}],"wp:attachment":[{"href":"http:\/\/www.hfc1912.hu\/new\/wp-json\/wp\/v2\/media?parent=8170"}],"wp:term":[{"taxonomy":"category","embeddable":true,"href":"http:\/\/www.hfc1912.hu\/new\/wp-json\/wp\/v2\/categories?post=8170"},{"taxonomy":"post_tag","embeddable":true,"href":"http:\/\/www.hfc1912.hu\/new\/wp-json\/wp\/v2\/tags?post=8170"}],"curies":[{"name":"wp","href":"https:\/\/api.w.org\/{rel}","templated":true}]}}