{"id":8172,"date":"2025-05-22T21:46:00","date_gmt":"2025-05-22T19:46:00","guid":{"rendered":"http:\/\/www.hfc1912.hu\/new\/?p=8172"},"modified":"2025-05-27T21:46:38","modified_gmt":"2025-05-27T19:46:38","slug":"az-utc-otthonaban-aratott-gyozelmet-megyei-u19-es-csapatunk","status":"publish","type":"post","link":"http:\/\/www.hfc1912.hu\/new\/2025\/05\/22\/az-utc-otthonaban-aratott-gyozelmet-megyei-u19-es-csapatunk\/","title":{"rendered":"Az UTC otthon\u00e1ban aratott gy\u0151zelmet megyei U19-es csapatunk."},"content":{"rendered":"\n<p class=\"p1\">UTC U19 &#8211; HFC U19 1-2 (1-0).<\/p>\n\n\n\n<p class=\"p1\">G\u00f3lszerz\u0151: Tat\u00e1r (47.), Vizi (53.) ill. Csipai (21.).<\/p>\n\n\n\n<p class=\"p1\">Csongr\u00e1d-Csan\u00e1d V\u00e1rmegyei U19 &#8220;B&#8221; 24. fordul\u00f3.<\/p>\n\n\n\n<p class=\"p1\">Szeged, \u00dajszegedi Sportp\u00e1lya (UTC p\u00e1lya).<\/p>\n\n\n\n<p class=\"p1\">2025.05.18. 15:30.<\/p>\n\n\n\n<p class=\"p1\"><strong>UTC U19:<\/strong><\/p>\n\n\n\n<p class=\"p1\">P\u00e9czely &#8211; Nagy A. (T\u00e1tray, 84.), Plugor, Uzonyi, S\u00e1ndor (Piel, 55.), Ny\u00e1ri (Van, 77.), Csipai, Skribanek, Pusztai, Nagy \u00c1. (Jusztin, 88.), R\u00e1cz.<\/p>\n\n\n\n<p class=\"p1\"><strong>HFC U19:<\/strong><\/p>\n\n\n\n<p class=\"p1\">Solymossy &#8211; Orovecz, B\u00e1nfi, Martinovics, Vars\u00e1nyi (Nagy K, 62.), M\u00e9sz\u00e1ros, Kocsis, Tat\u00e1r, Nagy N. (Szombathelyi, 46.), Vizi (Varga R. 72.), N\u00e9meth.<\/p>\n\n\n\n<p class=\"p1\">Edz\u0151: Kov\u00e1cs S\u00e1ndor.<\/p>\n\n\n\n<p class=\"p1\"><strong><em>Nyilatkozat:<\/em><\/strong> <em>Neh\u00e9znek \u00edg\u00e9rkez\u0151 tal\u00e1lkoz\u00f3 v\u00e1rt r\u00e1nk, igazi 6 pontos rangad\u00f3. Nehezen vett\u00fck fel a meccs ritmus\u00e1t, \u00e9s az els\u0151 f\u00e9lid\u0151ben teljesen meg\u00e9rdemelten vezetett a hazai csapat. Viszont a m\u00e1sodik j\u00e1t\u00e9k r\u00e9szre siker\u00fclt rendezni a sorokat, \u00e9s a sr\u00e1cok egy teljesen m\u00e1s szinten j\u00e1tszottak. Ennek k\u00f6sz\u00f6nhet\u0151en siker\u00fclt is elhozni a 3 pontot. Nagyon b\u00fcszke vagyok a sr\u00e1cokra, mert mindenki oda tette mag\u00e1t, \u00e9s t\u00e9nyleg megk\u00fczd\u00f6ttek ez\u00e9rt a 3 pont\u00e9rt! A dobog\u00f3s es\u00e9lyeink, \u00edgy tov\u00e1bbra is megmaradtak!<\/em><\/p>\n\n\n\n<p class=\"p1\">Legk\u00f6zelebb a T\u00f6m\u00f6rk\u00e9ny ellen l\u00e9p p\u00e1ly\u00e1ra a csapat.<\/p>\n\n\n\n<p>Fot\u00f3: Arh\u00edv, Vars\u00e1nyi Bernadett.<\/p>\n","protected":false},"excerpt":{"rendered":"<p>UTC U19 &#8211; HFC U19 1-2 (1-0). G\u00f3lszerz\u0151: Tat\u00e1r (47.), Vizi (53.) ill. Csipai (21.). Csongr\u00e1d-Csan\u00e1d V\u00e1rmegyei U19 &#8220;B&#8221; 24. fordul\u00f3. Szeged, \u00dajszegedi Sportp\u00e1lya (UTC&#8230;<\/p>\n","protected":false},"author":4,"featured_media":7916,"comment_status":"closed","ping_status":"closed","sticky":false,"template":"","format":"standard","meta":[],"categories":[1],"tags":[65,62,63],"yoast_head":"<!-- This site is optimized with the Yoast SEO plugin v19.8 - https:\/\/yoast.com\/wordpress\/plugins\/seo\/ -->\n<title>Az UTC otthon\u00e1ban aratott gy\u0151zelmet megyei U19-es csapatunk. - H\u00f3dmez\u0151v\u00e1s\u00e1rhelyi Futball Club<\/title>\n<meta name=\"robots\" content=\"index, follow, max-snippet:-1, max-image-preview:large, max-video-preview:-1\" \/>\n<link rel=\"canonical\" href=\"http:\/\/www.hfc1912.hu\/new\/2025\/05\/22\/az-utc-otthonaban-aratott-gyozelmet-megyei-u19-es-csapatunk\/\" \/>\n<meta property=\"og:locale\" content=\"hu_HU\" \/>\n<meta property=\"og:type\" content=\"article\" \/>\n<meta property=\"og:title\" content=\"Az UTC otthon\u00e1ban aratott gy\u0151zelmet megyei U19-es csapatunk. - H\u00f3dmez\u0151v\u00e1s\u00e1rhelyi Futball Club\" \/>\n<meta property=\"og:description\" content=\"UTC U19 &#8211; HFC U19 1-2 (1-0). G\u00f3lszerz\u0151: Tat\u00e1r (47.), Vizi (53.) ill. Csipai (21.). Csongr\u00e1d-Csan\u00e1d V\u00e1rmegyei U19 &#8220;B&#8221; 24. fordul\u00f3. Szeged, \u00dajszegedi Sportp\u00e1lya (UTC...\" \/>\n<meta property=\"og:url\" content=\"http:\/\/www.hfc1912.hu\/new\/2025\/05\/22\/az-utc-otthonaban-aratott-gyozelmet-megyei-u19-es-csapatunk\/\" \/>\n<meta property=\"og:site_name\" content=\"H\u00f3dmez\u0151v\u00e1s\u00e1rhelyi Futball Club\" \/>\n<meta property=\"article:published_time\" content=\"2025-05-22T19:46:00+00:00\" \/>\n<meta property=\"article:modified_time\" content=\"2025-05-27T19:46:38+00:00\" \/>\n<meta property=\"og:image\" content=\"http:\/\/www.hfc1912.hu\/new\/wp-content\/uploads\/2025\/03\/SW4A4907-Enhanced-NR.jpg\" \/>\n\t<meta property=\"og:image:width\" content=\"1920\" \/>\n\t<meta property=\"og:image:height\" content=\"1322\" \/>\n\t<meta property=\"og:image:type\" content=\"image\/jpeg\" \/>\n<meta name=\"author\" content=\"Fejes Loretta\" \/>\n<meta name=\"twitter:card\" content=\"summary_large_image\" \/>\n<meta name=\"twitter:label1\" content=\"Written by\" \/>\n\t<meta name=\"twitter:data1\" content=\"Fejes Loretta\" \/>\n\t<meta name=\"twitter:label2\" content=\"Est. reading time\" \/>\n\t<meta name=\"twitter:data2\" content=\"1 perc\" \/>\n<script type=\"application\/ld+json\" class=\"yoast-schema-graph\">{\"@context\":\"https:\/\/schema.org\",\"@graph\":[{\"@type\":\"Article\",\"@id\":\"http:\/\/www.hfc1912.hu\/new\/2025\/05\/22\/az-utc-otthonaban-aratott-gyozelmet-megyei-u19-es-csapatunk\/#article\",\"isPartOf\":{\"@id\":\"http:\/\/www.hfc1912.hu\/new\/2025\/05\/22\/az-utc-otthonaban-aratott-gyozelmet-megyei-u19-es-csapatunk\/\"},\"author\":{\"name\":\"Fejes Loretta\",\"@id\":\"http:\/\/www.hfc1912.hu\/new\/#\/schema\/person\/05b742beb40ec0a8f805c71953628e65\"},\"headline\":\"Az UTC otthon\u00e1ban aratott gy\u0151zelmet megyei U19-es csapatunk.\",\"datePublished\":\"2025-05-22T19:46:00+00:00\",\"dateModified\":\"2025-05-27T19:46:38+00:00\",\"mainEntityOfPage\":{\"@id\":\"http:\/\/www.hfc1912.hu\/new\/2025\/05\/22\/az-utc-otthonaban-aratott-gyozelmet-megyei-u19-es-csapatunk\/\"},\"wordCount\":221,\"publisher\":{\"@id\":\"http:\/\/www.hfc1912.hu\/new\/#organization\"},\"keywords\":[\"HFC\",\"HFC U19\",\"U19\"],\"articleSection\":[\"H\u00edreink\"],\"inLanguage\":\"hu\"},{\"@type\":\"WebPage\",\"@id\":\"http:\/\/www.hfc1912.hu\/new\/2025\/05\/22\/az-utc-otthonaban-aratott-gyozelmet-megyei-u19-es-csapatunk\/\",\"url\":\"http:\/\/www.hfc1912.hu\/new\/2025\/05\/22\/az-utc-otthonaban-aratott-gyozelmet-megyei-u19-es-csapatunk\/\",\"name\":\"Az UTC otthon\u00e1ban aratott gy\u0151zelmet megyei U19-es csapatunk. - H\u00f3dmez\u0151v\u00e1s\u00e1rhelyi Futball Club\",\"isPartOf\":{\"@id\":\"http:\/\/www.hfc1912.hu\/new\/#website\"},\"datePublished\":\"2025-05-22T19:46:00+00:00\",\"dateModified\":\"2025-05-27T19:46:38+00:00\",\"breadcrumb\":{\"@id\":\"http:\/\/www.hfc1912.hu\/new\/2025\/05\/22\/az-utc-otthonaban-aratott-gyozelmet-megyei-u19-es-csapatunk\/#breadcrumb\"},\"inLanguage\":\"hu\",\"potentialAction\":[{\"@type\":\"ReadAction\",\"target\":[\"http:\/\/www.hfc1912.hu\/new\/2025\/05\/22\/az-utc-otthonaban-aratott-gyozelmet-megyei-u19-es-csapatunk\/\"]}]},{\"@type\":\"BreadcrumbList\",\"@id\":\"http:\/\/www.hfc1912.hu\/new\/2025\/05\/22\/az-utc-otthonaban-aratott-gyozelmet-megyei-u19-es-csapatunk\/#breadcrumb\",\"itemListElement\":[{\"@type\":\"ListItem\",\"position\":1,\"name\":\"Home\",\"item\":\"http:\/\/www.hfc1912.hu\/new\/\"},{\"@type\":\"ListItem\",\"position\":2,\"name\":\"Az UTC otthon\u00e1ban aratott gy\u0151zelmet megyei U19-es csapatunk.\"}]},{\"@type\":\"WebSite\",\"@id\":\"http:\/\/www.hfc1912.hu\/new\/#website\",\"url\":\"http:\/\/www.hfc1912.hu\/new\/\",\"name\":\"H\u00f3dmez\u0151v\u00e1s\u00e1rhelyi Futball Club\",\"description\":\"H\u00f3dmez\u0151v\u00e1s\u00e1rhelyi Futball Club hivatalos honlapja\",\"publisher\":{\"@id\":\"http:\/\/www.hfc1912.hu\/new\/#organization\"},\"potentialAction\":[{\"@type\":\"SearchAction\",\"target\":{\"@type\":\"EntryPoint\",\"urlTemplate\":\"http:\/\/www.hfc1912.hu\/new\/?s={search_term_string}\"},\"query-input\":\"required name=search_term_string\"}],\"inLanguage\":\"hu\"},{\"@type\":\"Organization\",\"@id\":\"http:\/\/www.hfc1912.hu\/new\/#organization\",\"name\":\"H\u00f3dmez\u0151v\u00e1s\u00e1rhelyi Futball Club\",\"url\":\"http:\/\/www.hfc1912.hu\/new\/\",\"sameAs\":[],\"logo\":{\"@type\":\"ImageObject\",\"inLanguage\":\"hu\",\"@id\":\"http:\/\/www.hfc1912.hu\/new\/#\/schema\/logo\/image\/\",\"url\":\"http:\/\/www.hfc1912.hu\/new\/wp-content\/uploads\/2021\/12\/cropped-V\u00e9gleges_c\u00edmer_atlatszo150162.png\",\"contentUrl\":\"http:\/\/www.hfc1912.hu\/new\/wp-content\/uploads\/2021\/12\/cropped-V\u00e9gleges_c\u00edmer_atlatszo150162.png\",\"width\":150,\"height\":162,\"caption\":\"H\u00f3dmez\u0151v\u00e1s\u00e1rhelyi Futball Club\"},\"image\":{\"@id\":\"http:\/\/www.hfc1912.hu\/new\/#\/schema\/logo\/image\/\"}},{\"@type\":\"Person\",\"@id\":\"http:\/\/www.hfc1912.hu\/new\/#\/schema\/person\/05b742beb40ec0a8f805c71953628e65\",\"name\":\"Fejes Loretta\",\"image\":{\"@type\":\"ImageObject\",\"inLanguage\":\"hu\",\"@id\":\"http:\/\/www.hfc1912.hu\/new\/#\/schema\/person\/image\/\",\"url\":\"http:\/\/0.gravatar.com\/avatar\/392d3c91f023210838ae5eb949191c81?s=96&d=mm&r=g\",\"contentUrl\":\"http:\/\/0.gravatar.com\/avatar\/392d3c91f023210838ae5eb949191c81?s=96&d=mm&r=g\",\"caption\":\"Fejes Loretta\"},\"url\":\"http:\/\/www.hfc1912.hu\/new\/author\/lori\/\"}]}<\/script>\n<!-- \/ Yoast SEO plugin. -->","yoast_head_json":{"title":"Az UTC otthon\u00e1ban aratott gy\u0151zelmet megyei U19-es csapatunk. - H\u00f3dmez\u0151v\u00e1s\u00e1rhelyi Futball Club","robots":{"index":"index","follow":"follow","max-snippet":"max-snippet:-1","max-image-preview":"max-image-preview:large","max-video-preview":"max-video-preview:-1"},"canonical":"http:\/\/www.hfc1912.hu\/new\/2025\/05\/22\/az-utc-otthonaban-aratott-gyozelmet-megyei-u19-es-csapatunk\/","og_locale":"hu_HU","og_type":"article","og_title":"Az UTC otthon\u00e1ban aratott gy\u0151zelmet megyei U19-es csapatunk. - H\u00f3dmez\u0151v\u00e1s\u00e1rhelyi Futball Club","og_description":"UTC U19 &#8211; HFC U19 1-2 (1-0). G\u00f3lszerz\u0151: Tat\u00e1r (47.), Vizi (53.) ill. Csipai (21.). Csongr\u00e1d-Csan\u00e1d V\u00e1rmegyei U19 &#8220;B&#8221; 24. fordul\u00f3. Szeged, \u00dajszegedi Sportp\u00e1lya (UTC...","og_url":"http:\/\/www.hfc1912.hu\/new\/2025\/05\/22\/az-utc-otthonaban-aratott-gyozelmet-megyei-u19-es-csapatunk\/","og_site_name":"H\u00f3dmez\u0151v\u00e1s\u00e1rhelyi Futball Club","article_published_time":"2025-05-22T19:46:00+00:00","article_modified_time":"2025-05-27T19:46:38+00:00","og_image":[{"width":1920,"height":1322,"url":"http:\/\/www.hfc1912.hu\/new\/wp-content\/uploads\/2025\/03\/SW4A4907-Enhanced-NR.jpg","type":"image\/jpeg"}],"author":"Fejes Loretta","twitter_card":"summary_large_image","twitter_misc":{"Written by":"Fejes Loretta","Est. reading time":"1 perc"},"schema":{"@context":"https:\/\/schema.org","@graph":[{"@type":"Article","@id":"http:\/\/www.hfc1912.hu\/new\/2025\/05\/22\/az-utc-otthonaban-aratott-gyozelmet-megyei-u19-es-csapatunk\/#article","isPartOf":{"@id":"http:\/\/www.hfc1912.hu\/new\/2025\/05\/22\/az-utc-otthonaban-aratott-gyozelmet-megyei-u19-es-csapatunk\/"},"author":{"name":"Fejes Loretta","@id":"http:\/\/www.hfc1912.hu\/new\/#\/schema\/person\/05b742beb40ec0a8f805c71953628e65"},"headline":"Az UTC otthon\u00e1ban aratott gy\u0151zelmet megyei U19-es csapatunk.","datePublished":"2025-05-22T19:46:00+00:00","dateModified":"2025-05-27T19:46:38+00:00","mainEntityOfPage":{"@id":"http:\/\/www.hfc1912.hu\/new\/2025\/05\/22\/az-utc-otthonaban-aratott-gyozelmet-megyei-u19-es-csapatunk\/"},"wordCount":221,"publisher":{"@id":"http:\/\/www.hfc1912.hu\/new\/#organization"},"keywords":["HFC","HFC U19","U19"],"articleSection":["H\u00edreink"],"inLanguage":"hu"},{"@type":"WebPage","@id":"http:\/\/www.hfc1912.hu\/new\/2025\/05\/22\/az-utc-otthonaban-aratott-gyozelmet-megyei-u19-es-csapatunk\/","url":"http:\/\/www.hfc1912.hu\/new\/2025\/05\/22\/az-utc-otthonaban-aratott-gyozelmet-megyei-u19-es-csapatunk\/","name":"Az UTC otthon\u00e1ban aratott gy\u0151zelmet megyei U19-es csapatunk. - H\u00f3dmez\u0151v\u00e1s\u00e1rhelyi Futball Club","isPartOf":{"@id":"http:\/\/www.hfc1912.hu\/new\/#website"},"datePublished":"2025-05-22T19:46:00+00:00","dateModified":"2025-05-27T19:46:38+00:00","breadcrumb":{"@id":"http:\/\/www.hfc1912.hu\/new\/2025\/05\/22\/az-utc-otthonaban-aratott-gyozelmet-megyei-u19-es-csapatunk\/#breadcrumb"},"inLanguage":"hu","potentialAction":[{"@type":"ReadAction","target":["http:\/\/www.hfc1912.hu\/new\/2025\/05\/22\/az-utc-otthonaban-aratott-gyozelmet-megyei-u19-es-csapatunk\/"]}]},{"@type":"BreadcrumbList","@id":"http:\/\/www.hfc1912.hu\/new\/2025\/05\/22\/az-utc-otthonaban-aratott-gyozelmet-megyei-u19-es-csapatunk\/#breadcrumb","itemListElement":[{"@type":"ListItem","position":1,"name":"Home","item":"http:\/\/www.hfc1912.hu\/new\/"},{"@type":"ListItem","position":2,"name":"Az UTC otthon\u00e1ban aratott gy\u0151zelmet megyei U19-es csapatunk."}]},{"@type":"WebSite","@id":"http:\/\/www.hfc1912.hu\/new\/#website","url":"http:\/\/www.hfc1912.hu\/new\/","name":"H\u00f3dmez\u0151v\u00e1s\u00e1rhelyi Futball Club","description":"H\u00f3dmez\u0151v\u00e1s\u00e1rhelyi Futball Club hivatalos honlapja","publisher":{"@id":"http:\/\/www.hfc1912.hu\/new\/#organization"},"potentialAction":[{"@type":"SearchAction","target":{"@type":"EntryPoint","urlTemplate":"http:\/\/www.hfc1912.hu\/new\/?s={search_term_string}"},"query-input":"required name=search_term_string"}],"inLanguage":"hu"},{"@type":"Organization","@id":"http:\/\/www.hfc1912.hu\/new\/#organization","name":"H\u00f3dmez\u0151v\u00e1s\u00e1rhelyi Futball Club","url":"http:\/\/www.hfc1912.hu\/new\/","sameAs":[],"logo":{"@type":"ImageObject","inLanguage":"hu","@id":"http:\/\/www.hfc1912.hu\/new\/#\/schema\/logo\/image\/","url":"http:\/\/www.hfc1912.hu\/new\/wp-content\/uploads\/2021\/12\/cropped-V\u00e9gleges_c\u00edmer_atlatszo150162.png","contentUrl":"http:\/\/www.hfc1912.hu\/new\/wp-content\/uploads\/2021\/12\/cropped-V\u00e9gleges_c\u00edmer_atlatszo150162.png","width":150,"height":162,"caption":"H\u00f3dmez\u0151v\u00e1s\u00e1rhelyi Futball Club"},"image":{"@id":"http:\/\/www.hfc1912.hu\/new\/#\/schema\/logo\/image\/"}},{"@type":"Person","@id":"http:\/\/www.hfc1912.hu\/new\/#\/schema\/person\/05b742beb40ec0a8f805c71953628e65","name":"Fejes Loretta","image":{"@type":"ImageObject","inLanguage":"hu","@id":"http:\/\/www.hfc1912.hu\/new\/#\/schema\/person\/image\/","url":"http:\/\/0.gravatar.com\/avatar\/392d3c91f023210838ae5eb949191c81?s=96&d=mm&r=g","contentUrl":"http:\/\/0.gravatar.com\/avatar\/392d3c91f023210838ae5eb949191c81?s=96&d=mm&r=g","caption":"Fejes Loretta"},"url":"http:\/\/www.hfc1912.hu\/new\/author\/lori\/"}]}},"_links":{"self":[{"href":"http:\/\/www.hfc1912.hu\/new\/wp-json\/wp\/v2\/posts\/8172"}],"collection":[{"href":"http:\/\/www.hfc1912.hu\/new\/wp-json\/wp\/v2\/posts"}],"about":[{"href":"http:\/\/www.hfc1912.hu\/new\/wp-json\/wp\/v2\/types\/post"}],"author":[{"embeddable":true,"href":"http:\/\/www.hfc1912.hu\/new\/wp-json\/wp\/v2\/users\/4"}],"replies":[{"embeddable":true,"href":"http:\/\/www.hfc1912.hu\/new\/wp-json\/wp\/v2\/comments?post=8172"}],"version-history":[{"count":1,"href":"http:\/\/www.hfc1912.hu\/new\/wp-json\/wp\/v2\/posts\/8172\/revisions"}],"predecessor-version":[{"id":8173,"href":"http:\/\/www.hfc1912.hu\/new\/wp-json\/wp\/v2\/posts\/8172\/revisions\/8173"}],"wp:featuredmedia":[{"embeddable":true,"href":"http:\/\/www.hfc1912.hu\/new\/wp-json\/wp\/v2\/media\/7916"}],"wp:attachment":[{"href":"http:\/\/www.hfc1912.hu\/new\/wp-json\/wp\/v2\/media?parent=8172"}],"wp:term":[{"taxonomy":"category","embeddable":true,"href":"http:\/\/www.hfc1912.hu\/new\/wp-json\/wp\/v2\/categories?post=8172"},{"taxonomy":"post_tag","embeddable":true,"href":"http:\/\/www.hfc1912.hu\/new\/wp-json\/wp\/v2\/tags?post=8172"}],"curies":[{"name":"wp","href":"https:\/\/api.w.org\/{rel}","templated":true}]}}