{"id":8174,"date":"2025-05-28T14:16:57","date_gmt":"2025-05-28T12:16:57","guid":{"rendered":"http:\/\/www.hfc1912.hu\/new\/?p=8174"},"modified":"2025-05-28T14:16:57","modified_gmt":"2025-05-28T12:16:57","slug":"folenyes-gyozelmet-aratott-megyei-u19-es-csapatunk-a-tomorkeny-u19-es-egyuttese-ellen","status":"publish","type":"post","link":"http:\/\/www.hfc1912.hu\/new\/2025\/05\/28\/folenyes-gyozelmet-aratott-megyei-u19-es-csapatunk-a-tomorkeny-u19-es-egyuttese-ellen\/","title":{"rendered":"F\u00f6l\u00e9nyes gy\u0151zelmet aratott megyei U19-es csapatunk a T\u00f6m\u00f6rk\u00e9ny U19-es egy\u00fcttese ellen."},"content":{"rendered":"\n<p class=\"p1\"><strong>HFC U19 &#8211; T\u00f6m\u00f6rk\u00e9ny KSE U19 13-0 (7-0)<\/strong><\/p>\n\n\n\n<p class=\"p1\"><strong>G\u00f3lszerz\u0151: Papp (33., 39., 48., 52.), Martinovics (36., 42., 66.), Vars\u00e1nyi (1., 5.), Vir\u00e1g (45.), M\u00e9sz\u00e1ros (76.), Nagy (71.), S\u00e1ndor (80.).<\/strong><\/p>\n\n\n\n<p class=\"p1\">Csongr\u00e1d-Csan\u00e1d V\u00e1rmegyei U19 &#8220;B&#8221; 25. fordul\u00f3<\/p>\n\n\n\n<p class=\"p1\">H\u00f3dmez\u0151v\u00e1s\u00e1rhely, H\u00f3dmez\u0151v\u00e1s\u00e1rhelyi V\u00e1rosi Stadion.<\/p>\n\n\n\n<p class=\"p1\">2025.05.23. 17:00.<\/p>\n\n\n\n<p class=\"p1\"><strong>HFC U19:<\/strong><\/p>\n\n\n\n<p class=\"p1\">Szob\u00e1csi &#8211; Nagy N. (Nagy L., 9.), N\u00e9meth, B\u00e1nfi, Ol\u00e1h M. (Nagy K., 60.), Papp (S\u00e1ndor, 57.), Vars\u00e1nyi, Vizi, Martinovics, Vir\u00e1g (Varga R., 54.), M\u00e9sz\u00e1ros.<\/p>\n\n\n\n<p class=\"p1\">Edz\u0151: Kov\u00e1cs S\u00e1ndor.<\/p>\n\n\n\n<p class=\"p1\"><strong>T\u00f6m\u00f6rk\u00e9ny KSE U19:<\/strong><\/p>\n\n\n\n<p class=\"p1\">Nagy &#8211; Szolnoki (Gy\u00f6ngyi, 78.), Szab\u00f3 (Domonics, 69.), Berzunteanu, Apr\u00f3 (Nagyp\u00e1l, 30.), R\u00f3zsa, Guly\u00e1s, Sz\u0171cs (Boz\u00f3, 54.), Fekecs, Feh\u00e9r.<\/p>\n\n\n\n<p class=\"p1\"><em><strong>Nyilatkozat: <\/strong>A m\u00e9rk\u0151z\u00e9s eredm\u00e9nye pontosan le\u00edrja, hogy a k\u00e9t csapat \u00e9pp hol \u00e1ll a tabell\u00e1n. Hi\u00e1ny\u00e9rzetem csak a helyzetkihaszn\u00e1l\u00e1sban akad. Nagyobb k\u00fcl\u00f6nbs\u00e9g\u0171 gy\u0151zelmet is arathattunk volna. Egy egy \u00faj dolgot is tudtunk gyakorolni. A dobog\u00f3\u00e9rt v\u00edvott versenyben, a h\u00e9tk\u00f6zi Csengele elleni p\u00f3tl\u00e1sra ker\u00fcl\u0151 meccs\u00fcnk igen fontos lesz. Szerencs\u00e9re hazai p\u00e1ly\u00e1n lesz, \u00e9s a sr\u00e1cokat nem is kell k\u00fcl\u00f6n motiv\u00e1lni. Van mit t\u00f6rleszteni ellen\u00fck.<\/em><\/p>\n\n\n\n<p class=\"p1\">A mai napon 18:00-t\u00f3l a Csengele U19-es csapat\u00e1t fogadja megyei U19-es egy\u00fcttes\u00fcnk V\u00e1rosi Stadionban.&nbsp;<\/p>\n\n\n\n<p>Fot\u00f3: Arch\u00edv, Vars\u00e1nyi Bernadett.<\/p>\n","protected":false},"excerpt":{"rendered":"<p>HFC U19 &#8211; T\u00f6m\u00f6rk\u00e9ny KSE U19 13-0 (7-0) G\u00f3lszerz\u0151: Papp (33., 39., 48., 52.), Martinovics (36., 42., 66.), Vars\u00e1nyi (1., 5.), Vir\u00e1g (45.), M\u00e9sz\u00e1ros (76.),&#8230;<\/p>\n","protected":false},"author":4,"featured_media":7916,"comment_status":"closed","ping_status":"closed","sticky":false,"template":"","format":"standard","meta":[],"categories":[1],"tags":[62,63],"yoast_head":"<!-- This site is optimized with the Yoast SEO plugin v19.8 - https:\/\/yoast.com\/wordpress\/plugins\/seo\/ -->\n<title>F\u00f6l\u00e9nyes gy\u0151zelmet aratott megyei U19-es csapatunk a T\u00f6m\u00f6rk\u00e9ny U19-es egy\u00fcttese ellen. - H\u00f3dmez\u0151v\u00e1s\u00e1rhelyi Futball Club<\/title>\n<meta name=\"robots\" content=\"index, follow, max-snippet:-1, max-image-preview:large, max-video-preview:-1\" \/>\n<link rel=\"canonical\" href=\"http:\/\/www.hfc1912.hu\/new\/2025\/05\/28\/folenyes-gyozelmet-aratott-megyei-u19-es-csapatunk-a-tomorkeny-u19-es-egyuttese-ellen\/\" \/>\n<meta property=\"og:locale\" content=\"hu_HU\" \/>\n<meta property=\"og:type\" content=\"article\" \/>\n<meta property=\"og:title\" content=\"F\u00f6l\u00e9nyes gy\u0151zelmet aratott megyei U19-es csapatunk a T\u00f6m\u00f6rk\u00e9ny U19-es egy\u00fcttese ellen. - H\u00f3dmez\u0151v\u00e1s\u00e1rhelyi Futball Club\" \/>\n<meta property=\"og:description\" content=\"HFC U19 &#8211; T\u00f6m\u00f6rk\u00e9ny KSE U19 13-0 (7-0) G\u00f3lszerz\u0151: Papp (33., 39., 48., 52.), Martinovics (36., 42., 66.), Vars\u00e1nyi (1., 5.), Vir\u00e1g (45.), M\u00e9sz\u00e1ros (76.),...\" \/>\n<meta property=\"og:url\" content=\"http:\/\/www.hfc1912.hu\/new\/2025\/05\/28\/folenyes-gyozelmet-aratott-megyei-u19-es-csapatunk-a-tomorkeny-u19-es-egyuttese-ellen\/\" \/>\n<meta property=\"og:site_name\" content=\"H\u00f3dmez\u0151v\u00e1s\u00e1rhelyi Futball Club\" \/>\n<meta property=\"article:published_time\" content=\"2025-05-28T12:16:57+00:00\" \/>\n<meta property=\"og:image\" content=\"http:\/\/www.hfc1912.hu\/new\/wp-content\/uploads\/2025\/03\/SW4A4907-Enhanced-NR.jpg\" \/>\n\t<meta property=\"og:image:width\" content=\"1920\" \/>\n\t<meta property=\"og:image:height\" content=\"1322\" \/>\n\t<meta property=\"og:image:type\" content=\"image\/jpeg\" \/>\n<meta name=\"author\" content=\"Fejes Loretta\" \/>\n<meta name=\"twitter:card\" content=\"summary_large_image\" \/>\n<meta name=\"twitter:label1\" content=\"Written by\" \/>\n\t<meta name=\"twitter:data1\" content=\"Fejes Loretta\" \/>\n\t<meta name=\"twitter:label2\" content=\"Est. reading time\" \/>\n\t<meta name=\"twitter:data2\" content=\"1 perc\" \/>\n<script type=\"application\/ld+json\" class=\"yoast-schema-graph\">{\"@context\":\"https:\/\/schema.org\",\"@graph\":[{\"@type\":\"Article\",\"@id\":\"http:\/\/www.hfc1912.hu\/new\/2025\/05\/28\/folenyes-gyozelmet-aratott-megyei-u19-es-csapatunk-a-tomorkeny-u19-es-egyuttese-ellen\/#article\",\"isPartOf\":{\"@id\":\"http:\/\/www.hfc1912.hu\/new\/2025\/05\/28\/folenyes-gyozelmet-aratott-megyei-u19-es-csapatunk-a-tomorkeny-u19-es-egyuttese-ellen\/\"},\"author\":{\"name\":\"Fejes Loretta\",\"@id\":\"http:\/\/www.hfc1912.hu\/new\/#\/schema\/person\/05b742beb40ec0a8f805c71953628e65\"},\"headline\":\"F\u00f6l\u00e9nyes gy\u0151zelmet aratott megyei U19-es csapatunk a T\u00f6m\u00f6rk\u00e9ny U19-es egy\u00fcttese ellen.\",\"datePublished\":\"2025-05-28T12:16:57+00:00\",\"dateModified\":\"2025-05-28T12:16:57+00:00\",\"mainEntityOfPage\":{\"@id\":\"http:\/\/www.hfc1912.hu\/new\/2025\/05\/28\/folenyes-gyozelmet-aratott-megyei-u19-es-csapatunk-a-tomorkeny-u19-es-egyuttese-ellen\/\"},\"wordCount\":253,\"publisher\":{\"@id\":\"http:\/\/www.hfc1912.hu\/new\/#organization\"},\"keywords\":[\"HFC U19\",\"U19\"],\"articleSection\":[\"H\u00edreink\"],\"inLanguage\":\"hu\"},{\"@type\":\"WebPage\",\"@id\":\"http:\/\/www.hfc1912.hu\/new\/2025\/05\/28\/folenyes-gyozelmet-aratott-megyei-u19-es-csapatunk-a-tomorkeny-u19-es-egyuttese-ellen\/\",\"url\":\"http:\/\/www.hfc1912.hu\/new\/2025\/05\/28\/folenyes-gyozelmet-aratott-megyei-u19-es-csapatunk-a-tomorkeny-u19-es-egyuttese-ellen\/\",\"name\":\"F\u00f6l\u00e9nyes gy\u0151zelmet aratott megyei U19-es csapatunk a T\u00f6m\u00f6rk\u00e9ny U19-es egy\u00fcttese ellen. - H\u00f3dmez\u0151v\u00e1s\u00e1rhelyi Futball Club\",\"isPartOf\":{\"@id\":\"http:\/\/www.hfc1912.hu\/new\/#website\"},\"datePublished\":\"2025-05-28T12:16:57+00:00\",\"dateModified\":\"2025-05-28T12:16:57+00:00\",\"breadcrumb\":{\"@id\":\"http:\/\/www.hfc1912.hu\/new\/2025\/05\/28\/folenyes-gyozelmet-aratott-megyei-u19-es-csapatunk-a-tomorkeny-u19-es-egyuttese-ellen\/#breadcrumb\"},\"inLanguage\":\"hu\",\"potentialAction\":[{\"@type\":\"ReadAction\",\"target\":[\"http:\/\/www.hfc1912.hu\/new\/2025\/05\/28\/folenyes-gyozelmet-aratott-megyei-u19-es-csapatunk-a-tomorkeny-u19-es-egyuttese-ellen\/\"]}]},{\"@type\":\"BreadcrumbList\",\"@id\":\"http:\/\/www.hfc1912.hu\/new\/2025\/05\/28\/folenyes-gyozelmet-aratott-megyei-u19-es-csapatunk-a-tomorkeny-u19-es-egyuttese-ellen\/#breadcrumb\",\"itemListElement\":[{\"@type\":\"ListItem\",\"position\":1,\"name\":\"Home\",\"item\":\"http:\/\/www.hfc1912.hu\/new\/\"},{\"@type\":\"ListItem\",\"position\":2,\"name\":\"F\u00f6l\u00e9nyes gy\u0151zelmet aratott megyei U19-es csapatunk a T\u00f6m\u00f6rk\u00e9ny U19-es egy\u00fcttese ellen.\"}]},{\"@type\":\"WebSite\",\"@id\":\"http:\/\/www.hfc1912.hu\/new\/#website\",\"url\":\"http:\/\/www.hfc1912.hu\/new\/\",\"name\":\"H\u00f3dmez\u0151v\u00e1s\u00e1rhelyi Futball Club\",\"description\":\"H\u00f3dmez\u0151v\u00e1s\u00e1rhelyi Futball Club hivatalos honlapja\",\"publisher\":{\"@id\":\"http:\/\/www.hfc1912.hu\/new\/#organization\"},\"potentialAction\":[{\"@type\":\"SearchAction\",\"target\":{\"@type\":\"EntryPoint\",\"urlTemplate\":\"http:\/\/www.hfc1912.hu\/new\/?s={search_term_string}\"},\"query-input\":\"required name=search_term_string\"}],\"inLanguage\":\"hu\"},{\"@type\":\"Organization\",\"@id\":\"http:\/\/www.hfc1912.hu\/new\/#organization\",\"name\":\"H\u00f3dmez\u0151v\u00e1s\u00e1rhelyi Futball Club\",\"url\":\"http:\/\/www.hfc1912.hu\/new\/\",\"sameAs\":[],\"logo\":{\"@type\":\"ImageObject\",\"inLanguage\":\"hu\",\"@id\":\"http:\/\/www.hfc1912.hu\/new\/#\/schema\/logo\/image\/\",\"url\":\"http:\/\/www.hfc1912.hu\/new\/wp-content\/uploads\/2021\/12\/cropped-V\u00e9gleges_c\u00edmer_atlatszo150162.png\",\"contentUrl\":\"http:\/\/www.hfc1912.hu\/new\/wp-content\/uploads\/2021\/12\/cropped-V\u00e9gleges_c\u00edmer_atlatszo150162.png\",\"width\":150,\"height\":162,\"caption\":\"H\u00f3dmez\u0151v\u00e1s\u00e1rhelyi Futball Club\"},\"image\":{\"@id\":\"http:\/\/www.hfc1912.hu\/new\/#\/schema\/logo\/image\/\"}},{\"@type\":\"Person\",\"@id\":\"http:\/\/www.hfc1912.hu\/new\/#\/schema\/person\/05b742beb40ec0a8f805c71953628e65\",\"name\":\"Fejes Loretta\",\"image\":{\"@type\":\"ImageObject\",\"inLanguage\":\"hu\",\"@id\":\"http:\/\/www.hfc1912.hu\/new\/#\/schema\/person\/image\/\",\"url\":\"http:\/\/0.gravatar.com\/avatar\/392d3c91f023210838ae5eb949191c81?s=96&d=mm&r=g\",\"contentUrl\":\"http:\/\/0.gravatar.com\/avatar\/392d3c91f023210838ae5eb949191c81?s=96&d=mm&r=g\",\"caption\":\"Fejes Loretta\"},\"url\":\"http:\/\/www.hfc1912.hu\/new\/author\/lori\/\"}]}<\/script>\n<!-- \/ Yoast SEO plugin. -->","yoast_head_json":{"title":"F\u00f6l\u00e9nyes gy\u0151zelmet aratott megyei U19-es csapatunk a T\u00f6m\u00f6rk\u00e9ny U19-es egy\u00fcttese ellen. - H\u00f3dmez\u0151v\u00e1s\u00e1rhelyi Futball Club","robots":{"index":"index","follow":"follow","max-snippet":"max-snippet:-1","max-image-preview":"max-image-preview:large","max-video-preview":"max-video-preview:-1"},"canonical":"http:\/\/www.hfc1912.hu\/new\/2025\/05\/28\/folenyes-gyozelmet-aratott-megyei-u19-es-csapatunk-a-tomorkeny-u19-es-egyuttese-ellen\/","og_locale":"hu_HU","og_type":"article","og_title":"F\u00f6l\u00e9nyes gy\u0151zelmet aratott megyei U19-es csapatunk a T\u00f6m\u00f6rk\u00e9ny U19-es egy\u00fcttese ellen. - H\u00f3dmez\u0151v\u00e1s\u00e1rhelyi Futball Club","og_description":"HFC U19 &#8211; T\u00f6m\u00f6rk\u00e9ny KSE U19 13-0 (7-0) G\u00f3lszerz\u0151: Papp (33., 39., 48., 52.), Martinovics (36., 42., 66.), Vars\u00e1nyi (1., 5.), Vir\u00e1g (45.), M\u00e9sz\u00e1ros (76.),...","og_url":"http:\/\/www.hfc1912.hu\/new\/2025\/05\/28\/folenyes-gyozelmet-aratott-megyei-u19-es-csapatunk-a-tomorkeny-u19-es-egyuttese-ellen\/","og_site_name":"H\u00f3dmez\u0151v\u00e1s\u00e1rhelyi Futball Club","article_published_time":"2025-05-28T12:16:57+00:00","og_image":[{"width":1920,"height":1322,"url":"http:\/\/www.hfc1912.hu\/new\/wp-content\/uploads\/2025\/03\/SW4A4907-Enhanced-NR.jpg","type":"image\/jpeg"}],"author":"Fejes Loretta","twitter_card":"summary_large_image","twitter_misc":{"Written by":"Fejes Loretta","Est. reading time":"1 perc"},"schema":{"@context":"https:\/\/schema.org","@graph":[{"@type":"Article","@id":"http:\/\/www.hfc1912.hu\/new\/2025\/05\/28\/folenyes-gyozelmet-aratott-megyei-u19-es-csapatunk-a-tomorkeny-u19-es-egyuttese-ellen\/#article","isPartOf":{"@id":"http:\/\/www.hfc1912.hu\/new\/2025\/05\/28\/folenyes-gyozelmet-aratott-megyei-u19-es-csapatunk-a-tomorkeny-u19-es-egyuttese-ellen\/"},"author":{"name":"Fejes Loretta","@id":"http:\/\/www.hfc1912.hu\/new\/#\/schema\/person\/05b742beb40ec0a8f805c71953628e65"},"headline":"F\u00f6l\u00e9nyes gy\u0151zelmet aratott megyei U19-es csapatunk a T\u00f6m\u00f6rk\u00e9ny U19-es egy\u00fcttese ellen.","datePublished":"2025-05-28T12:16:57+00:00","dateModified":"2025-05-28T12:16:57+00:00","mainEntityOfPage":{"@id":"http:\/\/www.hfc1912.hu\/new\/2025\/05\/28\/folenyes-gyozelmet-aratott-megyei-u19-es-csapatunk-a-tomorkeny-u19-es-egyuttese-ellen\/"},"wordCount":253,"publisher":{"@id":"http:\/\/www.hfc1912.hu\/new\/#organization"},"keywords":["HFC U19","U19"],"articleSection":["H\u00edreink"],"inLanguage":"hu"},{"@type":"WebPage","@id":"http:\/\/www.hfc1912.hu\/new\/2025\/05\/28\/folenyes-gyozelmet-aratott-megyei-u19-es-csapatunk-a-tomorkeny-u19-es-egyuttese-ellen\/","url":"http:\/\/www.hfc1912.hu\/new\/2025\/05\/28\/folenyes-gyozelmet-aratott-megyei-u19-es-csapatunk-a-tomorkeny-u19-es-egyuttese-ellen\/","name":"F\u00f6l\u00e9nyes gy\u0151zelmet aratott megyei U19-es csapatunk a T\u00f6m\u00f6rk\u00e9ny U19-es egy\u00fcttese ellen. - H\u00f3dmez\u0151v\u00e1s\u00e1rhelyi Futball Club","isPartOf":{"@id":"http:\/\/www.hfc1912.hu\/new\/#website"},"datePublished":"2025-05-28T12:16:57+00:00","dateModified":"2025-05-28T12:16:57+00:00","breadcrumb":{"@id":"http:\/\/www.hfc1912.hu\/new\/2025\/05\/28\/folenyes-gyozelmet-aratott-megyei-u19-es-csapatunk-a-tomorkeny-u19-es-egyuttese-ellen\/#breadcrumb"},"inLanguage":"hu","potentialAction":[{"@type":"ReadAction","target":["http:\/\/www.hfc1912.hu\/new\/2025\/05\/28\/folenyes-gyozelmet-aratott-megyei-u19-es-csapatunk-a-tomorkeny-u19-es-egyuttese-ellen\/"]}]},{"@type":"BreadcrumbList","@id":"http:\/\/www.hfc1912.hu\/new\/2025\/05\/28\/folenyes-gyozelmet-aratott-megyei-u19-es-csapatunk-a-tomorkeny-u19-es-egyuttese-ellen\/#breadcrumb","itemListElement":[{"@type":"ListItem","position":1,"name":"Home","item":"http:\/\/www.hfc1912.hu\/new\/"},{"@type":"ListItem","position":2,"name":"F\u00f6l\u00e9nyes gy\u0151zelmet aratott megyei U19-es csapatunk a T\u00f6m\u00f6rk\u00e9ny U19-es egy\u00fcttese ellen."}]},{"@type":"WebSite","@id":"http:\/\/www.hfc1912.hu\/new\/#website","url":"http:\/\/www.hfc1912.hu\/new\/","name":"H\u00f3dmez\u0151v\u00e1s\u00e1rhelyi Futball Club","description":"H\u00f3dmez\u0151v\u00e1s\u00e1rhelyi Futball Club hivatalos honlapja","publisher":{"@id":"http:\/\/www.hfc1912.hu\/new\/#organization"},"potentialAction":[{"@type":"SearchAction","target":{"@type":"EntryPoint","urlTemplate":"http:\/\/www.hfc1912.hu\/new\/?s={search_term_string}"},"query-input":"required name=search_term_string"}],"inLanguage":"hu"},{"@type":"Organization","@id":"http:\/\/www.hfc1912.hu\/new\/#organization","name":"H\u00f3dmez\u0151v\u00e1s\u00e1rhelyi Futball Club","url":"http:\/\/www.hfc1912.hu\/new\/","sameAs":[],"logo":{"@type":"ImageObject","inLanguage":"hu","@id":"http:\/\/www.hfc1912.hu\/new\/#\/schema\/logo\/image\/","url":"http:\/\/www.hfc1912.hu\/new\/wp-content\/uploads\/2021\/12\/cropped-V\u00e9gleges_c\u00edmer_atlatszo150162.png","contentUrl":"http:\/\/www.hfc1912.hu\/new\/wp-content\/uploads\/2021\/12\/cropped-V\u00e9gleges_c\u00edmer_atlatszo150162.png","width":150,"height":162,"caption":"H\u00f3dmez\u0151v\u00e1s\u00e1rhelyi Futball Club"},"image":{"@id":"http:\/\/www.hfc1912.hu\/new\/#\/schema\/logo\/image\/"}},{"@type":"Person","@id":"http:\/\/www.hfc1912.hu\/new\/#\/schema\/person\/05b742beb40ec0a8f805c71953628e65","name":"Fejes Loretta","image":{"@type":"ImageObject","inLanguage":"hu","@id":"http:\/\/www.hfc1912.hu\/new\/#\/schema\/person\/image\/","url":"http:\/\/0.gravatar.com\/avatar\/392d3c91f023210838ae5eb949191c81?s=96&d=mm&r=g","contentUrl":"http:\/\/0.gravatar.com\/avatar\/392d3c91f023210838ae5eb949191c81?s=96&d=mm&r=g","caption":"Fejes Loretta"},"url":"http:\/\/www.hfc1912.hu\/new\/author\/lori\/"}]}},"_links":{"self":[{"href":"http:\/\/www.hfc1912.hu\/new\/wp-json\/wp\/v2\/posts\/8174"}],"collection":[{"href":"http:\/\/www.hfc1912.hu\/new\/wp-json\/wp\/v2\/posts"}],"about":[{"href":"http:\/\/www.hfc1912.hu\/new\/wp-json\/wp\/v2\/types\/post"}],"author":[{"embeddable":true,"href":"http:\/\/www.hfc1912.hu\/new\/wp-json\/wp\/v2\/users\/4"}],"replies":[{"embeddable":true,"href":"http:\/\/www.hfc1912.hu\/new\/wp-json\/wp\/v2\/comments?post=8174"}],"version-history":[{"count":1,"href":"http:\/\/www.hfc1912.hu\/new\/wp-json\/wp\/v2\/posts\/8174\/revisions"}],"predecessor-version":[{"id":8175,"href":"http:\/\/www.hfc1912.hu\/new\/wp-json\/wp\/v2\/posts\/8174\/revisions\/8175"}],"wp:featuredmedia":[{"embeddable":true,"href":"http:\/\/www.hfc1912.hu\/new\/wp-json\/wp\/v2\/media\/7916"}],"wp:attachment":[{"href":"http:\/\/www.hfc1912.hu\/new\/wp-json\/wp\/v2\/media?parent=8174"}],"wp:term":[{"taxonomy":"category","embeddable":true,"href":"http:\/\/www.hfc1912.hu\/new\/wp-json\/wp\/v2\/categories?post=8174"},{"taxonomy":"post_tag","embeddable":true,"href":"http:\/\/www.hfc1912.hu\/new\/wp-json\/wp\/v2\/tags?post=8174"}],"curies":[{"name":"wp","href":"https:\/\/api.w.org\/{rel}","templated":true}]}}