{"id":8180,"date":"2025-05-29T15:35:29","date_gmt":"2025-05-29T13:35:29","guid":{"rendered":"http:\/\/www.hfc1912.hu\/new\/?p=8180"},"modified":"2025-05-29T15:35:29","modified_gmt":"2025-05-29T13:35:29","slug":"harom-hfc-s-tehetseg-a-kk-keleti-u13-as-valogatottban","status":"publish","type":"post","link":"http:\/\/www.hfc1912.hu\/new\/2025\/05\/29\/harom-hfc-s-tehetseg-a-kk-keleti-u13-as-valogatottban\/","title":{"rendered":"H\u00e1rom HFC-s tehets\u00e9g a KK Keleti U13-as v\u00e1logatottban!"},"content":{"rendered":"\n<p>A m\u00falt heti debreceni KK v\u00e1logatott torn\u00e1n h\u00e1rom v\u00e1s\u00e1rhelyi j\u00e1t\u00e9kosunk is remek teljes\u00edtm\u00e9nyt ny\u00fajtott, \u00edgy megh\u00edv\u00e1st kaptak a Kiemelt Keleti U13-as v\u00e1logatottba!<\/p>\n\n\n\n<p>2025. m\u00e1jus 27-\u00e9n Miskolcon, a DVTK Labdar\u00fag\u00f3 Sportakad\u00e9mi\u00e1n rendezt\u00e9k meg az Akad\u00e9mi\u00e1k, Tehets\u00e9gk\u00f6zponti \u00e9s K\u00f6rzetk\u00f6zponti V\u00e1logatottak Torn\u00e1j\u00e1t, ahol a KK Keleti V\u00e1logatott sz\u00edneiben p\u00e1ly\u00e1ra l\u00e9pett h\u00e1rom HFC-s fiatal: Tan\u00e1cs P\u00e9ter, Lovas M\u00e1t\u00e9 \u00e9s Lengyel Zal\u00e1n.<\/p>\n\n\n\n<p>A fi\u00fak fantasztikus j\u00e1t\u00e9kkal bizony\u00edtott\u00e1k, milyen sz\u00ednvonalas \u00e9s kimagasl\u00f3 szakmai munka folyik a H\u00f3dmez\u0151v\u00e1s\u00e1rhelyi Futball Club ut\u00e1np\u00f3tl\u00e1s\u00e1ban!<\/p>\n\n\n\n<p>Sz\u00edvb\u0151l gratul\u00e1lunk a sr\u00e1coknak, sz\u00fcleiknek, valamint az edz\u0151koll\u00e9g\u00e1knak, Bacsa Zsoltnak \u00e9s Marton Benc\u00e9nek!<\/p>\n\n\n\n<p>Az eg\u00e9sz HFC csal\u00e1d b\u00fcszke r\u00e1tok, csak \u00edgy tov\u00e1bb! <\/p>\n\n\n\n<ol start=\"2025\" class=\"wp-block-list\"><\/ol>\n\n\n\n<figure class=\"wp-container-2 wp-block-gallery-1 wp-block-gallery has-nested-images columns-default is-cropped\">\n<figure class=\"wp-block-image\"><img loading=\"lazy\" width=\"768\" height=\"1024\" data-id=\"8177\"  src=\"http:\/\/www.hfc1912.hu\/new\/wp-content\/uploads\/2025\/05\/img_3920-1-768x1024.jpg\" alt=\"\" class=\"wp-image-8177\" srcset=\"http:\/\/www.hfc1912.hu\/new\/wp-content\/uploads\/2025\/05\/img_3920-1-768x1024.jpg 768w, http:\/\/www.hfc1912.hu\/new\/wp-content\/uploads\/2025\/05\/img_3920-1-225x300.jpg 225w, http:\/\/www.hfc1912.hu\/new\/wp-content\/uploads\/2025\/05\/img_3920-1-1152x1536.jpg 1152w, http:\/\/www.hfc1912.hu\/new\/wp-content\/uploads\/2025\/05\/img_3920-1-96x128.jpg 96w, http:\/\/www.hfc1912.hu\/new\/wp-content\/uploads\/2025\/05\/img_3920-1-24x32.jpg 24w, http:\/\/www.hfc1912.hu\/new\/wp-content\/uploads\/2025\/05\/img_3920-1.jpg 1200w\" sizes=\"(max-width: 768px) 100vw, 768px\" \/><\/figure>\n\n\n\n<figure class=\"wp-block-image\"><img loading=\"lazy\" width=\"768\" height=\"1024\" data-id=\"8178\"  src=\"http:\/\/www.hfc1912.hu\/new\/wp-content\/uploads\/2025\/05\/img_3919-1-768x1024.jpg\" alt=\"\" class=\"wp-image-8178\" srcset=\"http:\/\/www.hfc1912.hu\/new\/wp-content\/uploads\/2025\/05\/img_3919-1-768x1024.jpg 768w, http:\/\/www.hfc1912.hu\/new\/wp-content\/uploads\/2025\/05\/img_3919-1-225x300.jpg 225w, http:\/\/www.hfc1912.hu\/new\/wp-content\/uploads\/2025\/05\/img_3919-1-1152x1536.jpg 1152w, http:\/\/www.hfc1912.hu\/new\/wp-content\/uploads\/2025\/05\/img_3919-1-96x128.jpg 96w, http:\/\/www.hfc1912.hu\/new\/wp-content\/uploads\/2025\/05\/img_3919-1-24x32.jpg 24w, http:\/\/www.hfc1912.hu\/new\/wp-content\/uploads\/2025\/05\/img_3919-1.jpg 1200w\" sizes=\"(max-width: 768px) 100vw, 768px\" \/><\/figure>\n\n\n\n<figure class=\"wp-block-image\"><img loading=\"lazy\" width=\"768\" height=\"1024\" data-id=\"8179\"  src=\"http:\/\/www.hfc1912.hu\/new\/wp-content\/uploads\/2025\/05\/img_3917-1-768x1024.jpg\" alt=\"\" class=\"wp-image-8179\" srcset=\"http:\/\/www.hfc1912.hu\/new\/wp-content\/uploads\/2025\/05\/img_3917-1-768x1024.jpg 768w, http:\/\/www.hfc1912.hu\/new\/wp-content\/uploads\/2025\/05\/img_3917-1-225x300.jpg 225w, http:\/\/www.hfc1912.hu\/new\/wp-content\/uploads\/2025\/05\/img_3917-1-1152x1536.jpg 1152w, http:\/\/www.hfc1912.hu\/new\/wp-content\/uploads\/2025\/05\/img_3917-1-96x128.jpg 96w, http:\/\/www.hfc1912.hu\/new\/wp-content\/uploads\/2025\/05\/img_3917-1-24x32.jpg 24w, http:\/\/www.hfc1912.hu\/new\/wp-content\/uploads\/2025\/05\/img_3917-1.jpg 1200w\" sizes=\"(max-width: 768px) 100vw, 768px\" \/><\/figure>\n<\/figure>\n\n\n\n<p><\/p>\n","protected":false},"excerpt":{"rendered":"<p>A m\u00falt heti debreceni KK v\u00e1logatott torn\u00e1n h\u00e1rom v\u00e1s\u00e1rhelyi j\u00e1t\u00e9kosunk is remek teljes\u00edtm\u00e9nyt ny\u00fajtott, \u00edgy megh\u00edv\u00e1st kaptak a Kiemelt Keleti U13-as v\u00e1logatottba! 2025. m\u00e1jus 27-\u00e9n&#8230;<\/p>\n","protected":false},"author":4,"featured_media":8176,"comment_status":"closed","ping_status":"closed","sticky":false,"template":"","format":"standard","meta":[],"categories":[1],"tags":[61,70],"yoast_head":"<!-- This site is optimized with the Yoast SEO plugin v19.8 - https:\/\/yoast.com\/wordpress\/plugins\/seo\/ -->\n<title>H\u00e1rom HFC-s tehets\u00e9g a KK Keleti U13-as v\u00e1logatottban! - H\u00f3dmez\u0151v\u00e1s\u00e1rhelyi Futball Club<\/title>\n<meta name=\"robots\" content=\"index, follow, max-snippet:-1, max-image-preview:large, max-video-preview:-1\" \/>\n<link rel=\"canonical\" href=\"http:\/\/www.hfc1912.hu\/new\/2025\/05\/29\/harom-hfc-s-tehetseg-a-kk-keleti-u13-as-valogatottban\/\" \/>\n<meta property=\"og:locale\" content=\"hu_HU\" \/>\n<meta property=\"og:type\" content=\"article\" \/>\n<meta property=\"og:title\" content=\"H\u00e1rom HFC-s tehets\u00e9g a KK Keleti U13-as v\u00e1logatottban! - H\u00f3dmez\u0151v\u00e1s\u00e1rhelyi Futball Club\" \/>\n<meta property=\"og:description\" content=\"A m\u00falt heti debreceni KK v\u00e1logatott torn\u00e1n h\u00e1rom v\u00e1s\u00e1rhelyi j\u00e1t\u00e9kosunk is remek teljes\u00edtm\u00e9nyt ny\u00fajtott, \u00edgy megh\u00edv\u00e1st kaptak a Kiemelt Keleti U13-as v\u00e1logatottba! 2025. m\u00e1jus 27-\u00e9n...\" \/>\n<meta property=\"og:url\" content=\"http:\/\/www.hfc1912.hu\/new\/2025\/05\/29\/harom-hfc-s-tehetseg-a-kk-keleti-u13-as-valogatottban\/\" \/>\n<meta property=\"og:site_name\" content=\"H\u00f3dmez\u0151v\u00e1s\u00e1rhelyi Futball Club\" \/>\n<meta property=\"article:published_time\" content=\"2025-05-29T13:35:29+00:00\" \/>\n<meta property=\"og:image\" content=\"http:\/\/www.hfc1912.hu\/new\/wp-content\/uploads\/2025\/05\/img_3918-1.jpg\" \/>\n\t<meta property=\"og:image:width\" content=\"1600\" \/>\n\t<meta property=\"og:image:height\" content=\"1200\" \/>\n\t<meta property=\"og:image:type\" content=\"image\/jpeg\" \/>\n<meta name=\"author\" content=\"Fejes Loretta\" \/>\n<meta name=\"twitter:card\" content=\"summary_large_image\" \/>\n<meta name=\"twitter:label1\" content=\"Written by\" \/>\n\t<meta name=\"twitter:data1\" content=\"Fejes Loretta\" \/>\n\t<meta name=\"twitter:label2\" content=\"Est. reading time\" \/>\n\t<meta name=\"twitter:data2\" content=\"1 perc\" \/>\n<script type=\"application\/ld+json\" class=\"yoast-schema-graph\">{\"@context\":\"https:\/\/schema.org\",\"@graph\":[{\"@type\":\"Article\",\"@id\":\"http:\/\/www.hfc1912.hu\/new\/2025\/05\/29\/harom-hfc-s-tehetseg-a-kk-keleti-u13-as-valogatottban\/#article\",\"isPartOf\":{\"@id\":\"http:\/\/www.hfc1912.hu\/new\/2025\/05\/29\/harom-hfc-s-tehetseg-a-kk-keleti-u13-as-valogatottban\/\"},\"author\":{\"name\":\"Fejes Loretta\",\"@id\":\"http:\/\/www.hfc1912.hu\/new\/#\/schema\/person\/05b742beb40ec0a8f805c71953628e65\"},\"headline\":\"H\u00e1rom HFC-s tehets\u00e9g a KK Keleti U13-as v\u00e1logatottban!\",\"datePublished\":\"2025-05-29T13:35:29+00:00\",\"dateModified\":\"2025-05-29T13:35:29+00:00\",\"mainEntityOfPage\":{\"@id\":\"http:\/\/www.hfc1912.hu\/new\/2025\/05\/29\/harom-hfc-s-tehetseg-a-kk-keleti-u13-as-valogatottban\/\"},\"wordCount\":175,\"publisher\":{\"@id\":\"http:\/\/www.hfc1912.hu\/new\/#organization\"},\"keywords\":[\"HFC U13\",\"KK v\u00e1logatott\"],\"articleSection\":[\"H\u00edreink\"],\"inLanguage\":\"hu\"},{\"@type\":\"WebPage\",\"@id\":\"http:\/\/www.hfc1912.hu\/new\/2025\/05\/29\/harom-hfc-s-tehetseg-a-kk-keleti-u13-as-valogatottban\/\",\"url\":\"http:\/\/www.hfc1912.hu\/new\/2025\/05\/29\/harom-hfc-s-tehetseg-a-kk-keleti-u13-as-valogatottban\/\",\"name\":\"H\u00e1rom HFC-s tehets\u00e9g a KK Keleti U13-as v\u00e1logatottban! - H\u00f3dmez\u0151v\u00e1s\u00e1rhelyi Futball Club\",\"isPartOf\":{\"@id\":\"http:\/\/www.hfc1912.hu\/new\/#website\"},\"datePublished\":\"2025-05-29T13:35:29+00:00\",\"dateModified\":\"2025-05-29T13:35:29+00:00\",\"breadcrumb\":{\"@id\":\"http:\/\/www.hfc1912.hu\/new\/2025\/05\/29\/harom-hfc-s-tehetseg-a-kk-keleti-u13-as-valogatottban\/#breadcrumb\"},\"inLanguage\":\"hu\",\"potentialAction\":[{\"@type\":\"ReadAction\",\"target\":[\"http:\/\/www.hfc1912.hu\/new\/2025\/05\/29\/harom-hfc-s-tehetseg-a-kk-keleti-u13-as-valogatottban\/\"]}]},{\"@type\":\"BreadcrumbList\",\"@id\":\"http:\/\/www.hfc1912.hu\/new\/2025\/05\/29\/harom-hfc-s-tehetseg-a-kk-keleti-u13-as-valogatottban\/#breadcrumb\",\"itemListElement\":[{\"@type\":\"ListItem\",\"position\":1,\"name\":\"Home\",\"item\":\"http:\/\/www.hfc1912.hu\/new\/\"},{\"@type\":\"ListItem\",\"position\":2,\"name\":\"H\u00e1rom HFC-s tehets\u00e9g a KK Keleti U13-as v\u00e1logatottban!\"}]},{\"@type\":\"WebSite\",\"@id\":\"http:\/\/www.hfc1912.hu\/new\/#website\",\"url\":\"http:\/\/www.hfc1912.hu\/new\/\",\"name\":\"H\u00f3dmez\u0151v\u00e1s\u00e1rhelyi Futball Club\",\"description\":\"H\u00f3dmez\u0151v\u00e1s\u00e1rhelyi Futball Club hivatalos honlapja\",\"publisher\":{\"@id\":\"http:\/\/www.hfc1912.hu\/new\/#organization\"},\"potentialAction\":[{\"@type\":\"SearchAction\",\"target\":{\"@type\":\"EntryPoint\",\"urlTemplate\":\"http:\/\/www.hfc1912.hu\/new\/?s={search_term_string}\"},\"query-input\":\"required name=search_term_string\"}],\"inLanguage\":\"hu\"},{\"@type\":\"Organization\",\"@id\":\"http:\/\/www.hfc1912.hu\/new\/#organization\",\"name\":\"H\u00f3dmez\u0151v\u00e1s\u00e1rhelyi Futball Club\",\"url\":\"http:\/\/www.hfc1912.hu\/new\/\",\"sameAs\":[],\"logo\":{\"@type\":\"ImageObject\",\"inLanguage\":\"hu\",\"@id\":\"http:\/\/www.hfc1912.hu\/new\/#\/schema\/logo\/image\/\",\"url\":\"http:\/\/www.hfc1912.hu\/new\/wp-content\/uploads\/2021\/12\/cropped-V\u00e9gleges_c\u00edmer_atlatszo150162.png\",\"contentUrl\":\"http:\/\/www.hfc1912.hu\/new\/wp-content\/uploads\/2021\/12\/cropped-V\u00e9gleges_c\u00edmer_atlatszo150162.png\",\"width\":150,\"height\":162,\"caption\":\"H\u00f3dmez\u0151v\u00e1s\u00e1rhelyi Futball Club\"},\"image\":{\"@id\":\"http:\/\/www.hfc1912.hu\/new\/#\/schema\/logo\/image\/\"}},{\"@type\":\"Person\",\"@id\":\"http:\/\/www.hfc1912.hu\/new\/#\/schema\/person\/05b742beb40ec0a8f805c71953628e65\",\"name\":\"Fejes Loretta\",\"image\":{\"@type\":\"ImageObject\",\"inLanguage\":\"hu\",\"@id\":\"http:\/\/www.hfc1912.hu\/new\/#\/schema\/person\/image\/\",\"url\":\"http:\/\/0.gravatar.com\/avatar\/392d3c91f023210838ae5eb949191c81?s=96&d=mm&r=g\",\"contentUrl\":\"http:\/\/0.gravatar.com\/avatar\/392d3c91f023210838ae5eb949191c81?s=96&d=mm&r=g\",\"caption\":\"Fejes Loretta\"},\"url\":\"http:\/\/www.hfc1912.hu\/new\/author\/lori\/\"}]}<\/script>\n<!-- \/ Yoast SEO plugin. -->","yoast_head_json":{"title":"H\u00e1rom HFC-s tehets\u00e9g a KK Keleti U13-as v\u00e1logatottban! - H\u00f3dmez\u0151v\u00e1s\u00e1rhelyi Futball Club","robots":{"index":"index","follow":"follow","max-snippet":"max-snippet:-1","max-image-preview":"max-image-preview:large","max-video-preview":"max-video-preview:-1"},"canonical":"http:\/\/www.hfc1912.hu\/new\/2025\/05\/29\/harom-hfc-s-tehetseg-a-kk-keleti-u13-as-valogatottban\/","og_locale":"hu_HU","og_type":"article","og_title":"H\u00e1rom HFC-s tehets\u00e9g a KK Keleti U13-as v\u00e1logatottban! - H\u00f3dmez\u0151v\u00e1s\u00e1rhelyi Futball Club","og_description":"A m\u00falt heti debreceni KK v\u00e1logatott torn\u00e1n h\u00e1rom v\u00e1s\u00e1rhelyi j\u00e1t\u00e9kosunk is remek teljes\u00edtm\u00e9nyt ny\u00fajtott, \u00edgy megh\u00edv\u00e1st kaptak a Kiemelt Keleti U13-as v\u00e1logatottba! 2025. m\u00e1jus 27-\u00e9n...","og_url":"http:\/\/www.hfc1912.hu\/new\/2025\/05\/29\/harom-hfc-s-tehetseg-a-kk-keleti-u13-as-valogatottban\/","og_site_name":"H\u00f3dmez\u0151v\u00e1s\u00e1rhelyi Futball Club","article_published_time":"2025-05-29T13:35:29+00:00","og_image":[{"width":1600,"height":1200,"url":"http:\/\/www.hfc1912.hu\/new\/wp-content\/uploads\/2025\/05\/img_3918-1.jpg","type":"image\/jpeg"}],"author":"Fejes Loretta","twitter_card":"summary_large_image","twitter_misc":{"Written by":"Fejes Loretta","Est. reading time":"1 perc"},"schema":{"@context":"https:\/\/schema.org","@graph":[{"@type":"Article","@id":"http:\/\/www.hfc1912.hu\/new\/2025\/05\/29\/harom-hfc-s-tehetseg-a-kk-keleti-u13-as-valogatottban\/#article","isPartOf":{"@id":"http:\/\/www.hfc1912.hu\/new\/2025\/05\/29\/harom-hfc-s-tehetseg-a-kk-keleti-u13-as-valogatottban\/"},"author":{"name":"Fejes Loretta","@id":"http:\/\/www.hfc1912.hu\/new\/#\/schema\/person\/05b742beb40ec0a8f805c71953628e65"},"headline":"H\u00e1rom HFC-s tehets\u00e9g a KK Keleti U13-as v\u00e1logatottban!","datePublished":"2025-05-29T13:35:29+00:00","dateModified":"2025-05-29T13:35:29+00:00","mainEntityOfPage":{"@id":"http:\/\/www.hfc1912.hu\/new\/2025\/05\/29\/harom-hfc-s-tehetseg-a-kk-keleti-u13-as-valogatottban\/"},"wordCount":175,"publisher":{"@id":"http:\/\/www.hfc1912.hu\/new\/#organization"},"keywords":["HFC U13","KK v\u00e1logatott"],"articleSection":["H\u00edreink"],"inLanguage":"hu"},{"@type":"WebPage","@id":"http:\/\/www.hfc1912.hu\/new\/2025\/05\/29\/harom-hfc-s-tehetseg-a-kk-keleti-u13-as-valogatottban\/","url":"http:\/\/www.hfc1912.hu\/new\/2025\/05\/29\/harom-hfc-s-tehetseg-a-kk-keleti-u13-as-valogatottban\/","name":"H\u00e1rom HFC-s tehets\u00e9g a KK Keleti U13-as v\u00e1logatottban! - H\u00f3dmez\u0151v\u00e1s\u00e1rhelyi Futball Club","isPartOf":{"@id":"http:\/\/www.hfc1912.hu\/new\/#website"},"datePublished":"2025-05-29T13:35:29+00:00","dateModified":"2025-05-29T13:35:29+00:00","breadcrumb":{"@id":"http:\/\/www.hfc1912.hu\/new\/2025\/05\/29\/harom-hfc-s-tehetseg-a-kk-keleti-u13-as-valogatottban\/#breadcrumb"},"inLanguage":"hu","potentialAction":[{"@type":"ReadAction","target":["http:\/\/www.hfc1912.hu\/new\/2025\/05\/29\/harom-hfc-s-tehetseg-a-kk-keleti-u13-as-valogatottban\/"]}]},{"@type":"BreadcrumbList","@id":"http:\/\/www.hfc1912.hu\/new\/2025\/05\/29\/harom-hfc-s-tehetseg-a-kk-keleti-u13-as-valogatottban\/#breadcrumb","itemListElement":[{"@type":"ListItem","position":1,"name":"Home","item":"http:\/\/www.hfc1912.hu\/new\/"},{"@type":"ListItem","position":2,"name":"H\u00e1rom HFC-s tehets\u00e9g a KK Keleti U13-as v\u00e1logatottban!"}]},{"@type":"WebSite","@id":"http:\/\/www.hfc1912.hu\/new\/#website","url":"http:\/\/www.hfc1912.hu\/new\/","name":"H\u00f3dmez\u0151v\u00e1s\u00e1rhelyi Futball Club","description":"H\u00f3dmez\u0151v\u00e1s\u00e1rhelyi Futball Club hivatalos honlapja","publisher":{"@id":"http:\/\/www.hfc1912.hu\/new\/#organization"},"potentialAction":[{"@type":"SearchAction","target":{"@type":"EntryPoint","urlTemplate":"http:\/\/www.hfc1912.hu\/new\/?s={search_term_string}"},"query-input":"required name=search_term_string"}],"inLanguage":"hu"},{"@type":"Organization","@id":"http:\/\/www.hfc1912.hu\/new\/#organization","name":"H\u00f3dmez\u0151v\u00e1s\u00e1rhelyi Futball Club","url":"http:\/\/www.hfc1912.hu\/new\/","sameAs":[],"logo":{"@type":"ImageObject","inLanguage":"hu","@id":"http:\/\/www.hfc1912.hu\/new\/#\/schema\/logo\/image\/","url":"http:\/\/www.hfc1912.hu\/new\/wp-content\/uploads\/2021\/12\/cropped-V\u00e9gleges_c\u00edmer_atlatszo150162.png","contentUrl":"http:\/\/www.hfc1912.hu\/new\/wp-content\/uploads\/2021\/12\/cropped-V\u00e9gleges_c\u00edmer_atlatszo150162.png","width":150,"height":162,"caption":"H\u00f3dmez\u0151v\u00e1s\u00e1rhelyi Futball Club"},"image":{"@id":"http:\/\/www.hfc1912.hu\/new\/#\/schema\/logo\/image\/"}},{"@type":"Person","@id":"http:\/\/www.hfc1912.hu\/new\/#\/schema\/person\/05b742beb40ec0a8f805c71953628e65","name":"Fejes Loretta","image":{"@type":"ImageObject","inLanguage":"hu","@id":"http:\/\/www.hfc1912.hu\/new\/#\/schema\/person\/image\/","url":"http:\/\/0.gravatar.com\/avatar\/392d3c91f023210838ae5eb949191c81?s=96&d=mm&r=g","contentUrl":"http:\/\/0.gravatar.com\/avatar\/392d3c91f023210838ae5eb949191c81?s=96&d=mm&r=g","caption":"Fejes Loretta"},"url":"http:\/\/www.hfc1912.hu\/new\/author\/lori\/"}]}},"_links":{"self":[{"href":"http:\/\/www.hfc1912.hu\/new\/wp-json\/wp\/v2\/posts\/8180"}],"collection":[{"href":"http:\/\/www.hfc1912.hu\/new\/wp-json\/wp\/v2\/posts"}],"about":[{"href":"http:\/\/www.hfc1912.hu\/new\/wp-json\/wp\/v2\/types\/post"}],"author":[{"embeddable":true,"href":"http:\/\/www.hfc1912.hu\/new\/wp-json\/wp\/v2\/users\/4"}],"replies":[{"embeddable":true,"href":"http:\/\/www.hfc1912.hu\/new\/wp-json\/wp\/v2\/comments?post=8180"}],"version-history":[{"count":1,"href":"http:\/\/www.hfc1912.hu\/new\/wp-json\/wp\/v2\/posts\/8180\/revisions"}],"predecessor-version":[{"id":8181,"href":"http:\/\/www.hfc1912.hu\/new\/wp-json\/wp\/v2\/posts\/8180\/revisions\/8181"}],"wp:featuredmedia":[{"embeddable":true,"href":"http:\/\/www.hfc1912.hu\/new\/wp-json\/wp\/v2\/media\/8176"}],"wp:attachment":[{"href":"http:\/\/www.hfc1912.hu\/new\/wp-json\/wp\/v2\/media?parent=8180"}],"wp:term":[{"taxonomy":"category","embeddable":true,"href":"http:\/\/www.hfc1912.hu\/new\/wp-json\/wp\/v2\/categories?post=8180"},{"taxonomy":"post_tag","embeddable":true,"href":"http:\/\/www.hfc1912.hu\/new\/wp-json\/wp\/v2\/tags?post=8180"}],"curies":[{"name":"wp","href":"https:\/\/api.w.org\/{rel}","templated":true}]}}