{"id":8183,"date":"2025-05-29T16:02:15","date_gmt":"2025-05-29T14:02:15","guid":{"rendered":"http:\/\/www.hfc1912.hu\/new\/?p=8183"},"modified":"2025-05-29T16:02:15","modified_gmt":"2025-05-29T14:02:15","slug":"gyozelem-az-utolso-bajnoki-merkozesen","status":"publish","type":"post","link":"http:\/\/www.hfc1912.hu\/new\/2025\/05\/29\/gyozelem-az-utolso-bajnoki-merkozesen\/","title":{"rendered":"Gy\u0151zelem az utols\u00f3 bajnoki m\u00e9rk\u0151z\u00e9sen."},"content":{"rendered":"\n<p>Vezet\u0151edz\u0151nk t\u00f6bb j\u00e1t\u00e9kosnak is igyekezett lehet\u0151s\u00e9get adni, akik eddig kevesebb szerephez jutottak. Az els\u0151 f\u00e9lid\u0151ben t\u00f6bb lehet\u0151s\u00e9g is ad\u00f3dott arra, hogy megszerezze csapatunk a vezet\u00e9st. El\u0151sz\u00f6r Rajsli vesz\u00e9lyeztetett, majd Gr\u00e9czi l\u0151tt a kapu mell\u00e9, Z\u00e1mbori l\u00f6v\u00e9se ment f\u00f6l\u00e9, v\u00e9g\u00fcl Feh\u00e9r l\u00f6v\u00e9s\u00e9n\u00e9l avatkozott k\u00f6zbe Horv\u00e1th. Az 56. percben Gr\u00e9czi szaladt el a labd\u00e1val a sz\u00e9len, majd bead\u00e1s\u00e1ra remek\u00fcl centerezett Z\u00e1mbori. A kapott g\u00f3l ut\u00e1n ink\u00e1bb az \u00e9let\u00e9\u00e9rt k\u00fczd\u0151 BKV pr\u00f3b\u00e1lt vesz\u00e9lyeztetni, de g\u00e1rd\u00e1nk remek\u00fcl \u00e1llta a sarat.<\/p>\n\n\n\n<p><strong>BKV El\u0151re\u2013H\u00f3dmez\u0151v\u00e1s\u00e1rhelyi FC 0\u20131 (0\u20130)<\/strong>.<\/p>\n\n\n\n<p><strong>G\u00f3lszerz\u0151:&nbsp;<\/strong>Z\u00e1mbori D. (56.).<\/p>\n\n\n\n<p>NB III., D\u00e9l-keleti csoport,&nbsp;<a href=\"https:\/\/adatbank.mlsz.hu\/match\/63\/0\/29652\/30\/1959426.html\" target=\"_blank\" rel=\"noreferrer noopener\">30. fordul\u00f3<\/a>.<\/p>\n\n\n\n<p>Budapest, BKV El\u0151re Stadion.&nbsp;<\/p>\n\n\n\n<p>2025. 05. 25. 17:00.<\/p>\n\n\n\n<p><strong>Vezette:&nbsp;<\/strong>Feh\u00e9rv\u00e1ri Patrik (M\u00f3zsa, B\u00e1n).<\/p>\n\n\n\n<p><strong>BKV El\u0151re:&nbsp;<\/strong><\/p>\n\n\n\n<p>Horv\u00e1th G. \u2013 Reizer, Forg\u00e1cs, Szab\u00f3 N., Bartha, Kub\u00f3, W\u00e1gner (Ihos, 67.), Madar\u00e1sz (Lis\u00f3czki, 67.), Kesselbauer (Szab\u00f3 \u00c1., 87.), Ker\u00e9k (Dinawi , 83.), K\u00f6r\u00f6si (Balogh M., 83.).&nbsp;<\/p>\n\n\n\n<p><strong>Edz\u0151:&nbsp;<\/strong>Balogh B\u00e9la.<\/p>\n\n\n\n<p><strong>HFC:&nbsp;<\/strong><\/p>\n\n\n\n<p>Vukman \u2013 Gr\u00e9czi, Herczeg, T\u00f6r\u00f6k, Sipos G. (Pov\u00e1zsai, 46.), D\u00f3ra D., Feh\u00e9r (Rabecz B., 91.), Z\u00e1mbori D., Mari (T\u00f3th P., 46.), Heged\u0171s M., Rajsli (Nagy R., 46.).&nbsp;<\/p>\n\n\n\n<p><strong>Edz\u0151:<\/strong>&nbsp;Sz\u0171cs R\u00f3bert.<\/p>\n\n\n\n<p><em><strong>Nyilatkozat: <\/strong>Az el\u0151zetesen kit\u0171z\u00f6tt c\u00e9lunkat, a nyolcadik helyet siker\u00fclt megtartani, \u00edgy el\u00e9gedett vagyok a csapattal. A gy\u0151zelm\u00fcnket Hajduk Levente j\u00e1t\u00e9kosunknak aj\u00e1nljuk, az eg\u00e9sz csapatunk szor\u00edt a gyors gy\u00f3gyul\u00e1s\u00e1\u00e9rt.<\/em><\/p>\n\n\n\n<p>Feln\u0151tt egy\u00fcttes\u00fcnk ezzel a gy\u0151zelemmel, \u00f6sszesen 38 pontot szerzett \u00e9s a 8. helyen  z\u00e1rt az NB III. D\u00e9l-Keleti csoportj\u00e1ban. 9 gy\u0151zelem, 11 d\u00f6ntetlen \u00e9s 10 veres\u00e9g szerepel a HFC neve mellett. 43 r\u00fagott g\u00f3l mellett 40 g\u00f3lt kapott az egy\u00fcttes. Legjobb g\u00f3ll\u00f6v\u0151nk, Gr\u00e9czi M\u00e1rton 13 g\u00f3llal a g\u00f3ll\u00f6v\u0151lista 4. hely\u00e9n z\u00e1rt.<\/p>\n\n\n\n<p><\/p>\n","protected":false},"excerpt":{"rendered":"<p>Vezet\u0151edz\u0151nk t\u00f6bb j\u00e1t\u00e9kosnak is igyekezett lehet\u0151s\u00e9get adni, akik eddig kevesebb szerephez jutottak. Az els\u0151 f\u00e9lid\u0151ben t\u00f6bb lehet\u0151s\u00e9g is ad\u00f3dott arra, hogy megszerezze csapatunk a vezet\u00e9st&#8230;.<\/p>\n","protected":false},"author":4,"featured_media":8182,"comment_status":"closed","ping_status":"closed","sticky":false,"template":"","format":"standard","meta":[],"categories":[1],"tags":[65,64],"yoast_head":"<!-- This site is optimized with the Yoast SEO plugin v19.8 - https:\/\/yoast.com\/wordpress\/plugins\/seo\/ -->\n<title>Gy\u0151zelem az utols\u00f3 bajnoki m\u00e9rk\u0151z\u00e9sen. - H\u00f3dmez\u0151v\u00e1s\u00e1rhelyi Futball Club<\/title>\n<meta name=\"robots\" content=\"index, follow, max-snippet:-1, max-image-preview:large, max-video-preview:-1\" \/>\n<link rel=\"canonical\" href=\"http:\/\/www.hfc1912.hu\/new\/2025\/05\/29\/gyozelem-az-utolso-bajnoki-merkozesen\/\" \/>\n<meta property=\"og:locale\" content=\"hu_HU\" \/>\n<meta property=\"og:type\" content=\"article\" \/>\n<meta property=\"og:title\" content=\"Gy\u0151zelem az utols\u00f3 bajnoki m\u00e9rk\u0151z\u00e9sen. - H\u00f3dmez\u0151v\u00e1s\u00e1rhelyi Futball Club\" \/>\n<meta property=\"og:description\" content=\"Vezet\u0151edz\u0151nk t\u00f6bb j\u00e1t\u00e9kosnak is igyekezett lehet\u0151s\u00e9get adni, akik eddig kevesebb szerephez jutottak. Az els\u0151 f\u00e9lid\u0151ben t\u00f6bb lehet\u0151s\u00e9g is ad\u00f3dott arra, hogy megszerezze csapatunk a vezet\u00e9st....\" \/>\n<meta property=\"og:url\" content=\"http:\/\/www.hfc1912.hu\/new\/2025\/05\/29\/gyozelem-az-utolso-bajnoki-merkozesen\/\" \/>\n<meta property=\"og:site_name\" content=\"H\u00f3dmez\u0151v\u00e1s\u00e1rhelyi Futball Club\" \/>\n<meta property=\"article:published_time\" content=\"2025-05-29T14:02:15+00:00\" \/>\n<meta property=\"og:image\" content=\"http:\/\/www.hfc1912.hu\/new\/wp-content\/uploads\/2025\/05\/img_3865-1.jpg\" \/>\n\t<meta property=\"og:image:width\" content=\"2000\" \/>\n\t<meta property=\"og:image:height\" content=\"1348\" \/>\n\t<meta property=\"og:image:type\" content=\"image\/jpeg\" \/>\n<meta name=\"author\" content=\"Fejes Loretta\" \/>\n<meta name=\"twitter:card\" content=\"summary_large_image\" \/>\n<meta name=\"twitter:label1\" content=\"Written by\" \/>\n\t<meta name=\"twitter:data1\" content=\"Fejes Loretta\" \/>\n\t<meta name=\"twitter:label2\" content=\"Est. reading time\" \/>\n\t<meta name=\"twitter:data2\" content=\"2 perc\" \/>\n<script type=\"application\/ld+json\" class=\"yoast-schema-graph\">{\"@context\":\"https:\/\/schema.org\",\"@graph\":[{\"@type\":\"Article\",\"@id\":\"http:\/\/www.hfc1912.hu\/new\/2025\/05\/29\/gyozelem-az-utolso-bajnoki-merkozesen\/#article\",\"isPartOf\":{\"@id\":\"http:\/\/www.hfc1912.hu\/new\/2025\/05\/29\/gyozelem-az-utolso-bajnoki-merkozesen\/\"},\"author\":{\"name\":\"Fejes Loretta\",\"@id\":\"http:\/\/www.hfc1912.hu\/new\/#\/schema\/person\/05b742beb40ec0a8f805c71953628e65\"},\"headline\":\"Gy\u0151zelem az utols\u00f3 bajnoki m\u00e9rk\u0151z\u00e9sen.\",\"datePublished\":\"2025-05-29T14:02:15+00:00\",\"dateModified\":\"2025-05-29T14:02:15+00:00\",\"mainEntityOfPage\":{\"@id\":\"http:\/\/www.hfc1912.hu\/new\/2025\/05\/29\/gyozelem-az-utolso-bajnoki-merkozesen\/\"},\"wordCount\":360,\"publisher\":{\"@id\":\"http:\/\/www.hfc1912.hu\/new\/#organization\"},\"keywords\":[\"HFC\",\"NB III.\"],\"articleSection\":[\"H\u00edreink\"],\"inLanguage\":\"hu\"},{\"@type\":\"WebPage\",\"@id\":\"http:\/\/www.hfc1912.hu\/new\/2025\/05\/29\/gyozelem-az-utolso-bajnoki-merkozesen\/\",\"url\":\"http:\/\/www.hfc1912.hu\/new\/2025\/05\/29\/gyozelem-az-utolso-bajnoki-merkozesen\/\",\"name\":\"Gy\u0151zelem az utols\u00f3 bajnoki m\u00e9rk\u0151z\u00e9sen. - H\u00f3dmez\u0151v\u00e1s\u00e1rhelyi Futball Club\",\"isPartOf\":{\"@id\":\"http:\/\/www.hfc1912.hu\/new\/#website\"},\"datePublished\":\"2025-05-29T14:02:15+00:00\",\"dateModified\":\"2025-05-29T14:02:15+00:00\",\"breadcrumb\":{\"@id\":\"http:\/\/www.hfc1912.hu\/new\/2025\/05\/29\/gyozelem-az-utolso-bajnoki-merkozesen\/#breadcrumb\"},\"inLanguage\":\"hu\",\"potentialAction\":[{\"@type\":\"ReadAction\",\"target\":[\"http:\/\/www.hfc1912.hu\/new\/2025\/05\/29\/gyozelem-az-utolso-bajnoki-merkozesen\/\"]}]},{\"@type\":\"BreadcrumbList\",\"@id\":\"http:\/\/www.hfc1912.hu\/new\/2025\/05\/29\/gyozelem-az-utolso-bajnoki-merkozesen\/#breadcrumb\",\"itemListElement\":[{\"@type\":\"ListItem\",\"position\":1,\"name\":\"Home\",\"item\":\"http:\/\/www.hfc1912.hu\/new\/\"},{\"@type\":\"ListItem\",\"position\":2,\"name\":\"Gy\u0151zelem az utols\u00f3 bajnoki m\u00e9rk\u0151z\u00e9sen.\"}]},{\"@type\":\"WebSite\",\"@id\":\"http:\/\/www.hfc1912.hu\/new\/#website\",\"url\":\"http:\/\/www.hfc1912.hu\/new\/\",\"name\":\"H\u00f3dmez\u0151v\u00e1s\u00e1rhelyi Futball Club\",\"description\":\"H\u00f3dmez\u0151v\u00e1s\u00e1rhelyi Futball Club hivatalos honlapja\",\"publisher\":{\"@id\":\"http:\/\/www.hfc1912.hu\/new\/#organization\"},\"potentialAction\":[{\"@type\":\"SearchAction\",\"target\":{\"@type\":\"EntryPoint\",\"urlTemplate\":\"http:\/\/www.hfc1912.hu\/new\/?s={search_term_string}\"},\"query-input\":\"required name=search_term_string\"}],\"inLanguage\":\"hu\"},{\"@type\":\"Organization\",\"@id\":\"http:\/\/www.hfc1912.hu\/new\/#organization\",\"name\":\"H\u00f3dmez\u0151v\u00e1s\u00e1rhelyi Futball Club\",\"url\":\"http:\/\/www.hfc1912.hu\/new\/\",\"sameAs\":[],\"logo\":{\"@type\":\"ImageObject\",\"inLanguage\":\"hu\",\"@id\":\"http:\/\/www.hfc1912.hu\/new\/#\/schema\/logo\/image\/\",\"url\":\"http:\/\/www.hfc1912.hu\/new\/wp-content\/uploads\/2021\/12\/cropped-V\u00e9gleges_c\u00edmer_atlatszo150162.png\",\"contentUrl\":\"http:\/\/www.hfc1912.hu\/new\/wp-content\/uploads\/2021\/12\/cropped-V\u00e9gleges_c\u00edmer_atlatszo150162.png\",\"width\":150,\"height\":162,\"caption\":\"H\u00f3dmez\u0151v\u00e1s\u00e1rhelyi Futball Club\"},\"image\":{\"@id\":\"http:\/\/www.hfc1912.hu\/new\/#\/schema\/logo\/image\/\"}},{\"@type\":\"Person\",\"@id\":\"http:\/\/www.hfc1912.hu\/new\/#\/schema\/person\/05b742beb40ec0a8f805c71953628e65\",\"name\":\"Fejes Loretta\",\"image\":{\"@type\":\"ImageObject\",\"inLanguage\":\"hu\",\"@id\":\"http:\/\/www.hfc1912.hu\/new\/#\/schema\/person\/image\/\",\"url\":\"http:\/\/0.gravatar.com\/avatar\/392d3c91f023210838ae5eb949191c81?s=96&d=mm&r=g\",\"contentUrl\":\"http:\/\/0.gravatar.com\/avatar\/392d3c91f023210838ae5eb949191c81?s=96&d=mm&r=g\",\"caption\":\"Fejes Loretta\"},\"url\":\"http:\/\/www.hfc1912.hu\/new\/author\/lori\/\"}]}<\/script>\n<!-- \/ Yoast SEO plugin. -->","yoast_head_json":{"title":"Gy\u0151zelem az utols\u00f3 bajnoki m\u00e9rk\u0151z\u00e9sen. - H\u00f3dmez\u0151v\u00e1s\u00e1rhelyi Futball Club","robots":{"index":"index","follow":"follow","max-snippet":"max-snippet:-1","max-image-preview":"max-image-preview:large","max-video-preview":"max-video-preview:-1"},"canonical":"http:\/\/www.hfc1912.hu\/new\/2025\/05\/29\/gyozelem-az-utolso-bajnoki-merkozesen\/","og_locale":"hu_HU","og_type":"article","og_title":"Gy\u0151zelem az utols\u00f3 bajnoki m\u00e9rk\u0151z\u00e9sen. - H\u00f3dmez\u0151v\u00e1s\u00e1rhelyi Futball Club","og_description":"Vezet\u0151edz\u0151nk t\u00f6bb j\u00e1t\u00e9kosnak is igyekezett lehet\u0151s\u00e9get adni, akik eddig kevesebb szerephez jutottak. Az els\u0151 f\u00e9lid\u0151ben t\u00f6bb lehet\u0151s\u00e9g is ad\u00f3dott arra, hogy megszerezze csapatunk a vezet\u00e9st....","og_url":"http:\/\/www.hfc1912.hu\/new\/2025\/05\/29\/gyozelem-az-utolso-bajnoki-merkozesen\/","og_site_name":"H\u00f3dmez\u0151v\u00e1s\u00e1rhelyi Futball Club","article_published_time":"2025-05-29T14:02:15+00:00","og_image":[{"width":2000,"height":1348,"url":"http:\/\/www.hfc1912.hu\/new\/wp-content\/uploads\/2025\/05\/img_3865-1.jpg","type":"image\/jpeg"}],"author":"Fejes Loretta","twitter_card":"summary_large_image","twitter_misc":{"Written by":"Fejes Loretta","Est. reading time":"2 perc"},"schema":{"@context":"https:\/\/schema.org","@graph":[{"@type":"Article","@id":"http:\/\/www.hfc1912.hu\/new\/2025\/05\/29\/gyozelem-az-utolso-bajnoki-merkozesen\/#article","isPartOf":{"@id":"http:\/\/www.hfc1912.hu\/new\/2025\/05\/29\/gyozelem-az-utolso-bajnoki-merkozesen\/"},"author":{"name":"Fejes Loretta","@id":"http:\/\/www.hfc1912.hu\/new\/#\/schema\/person\/05b742beb40ec0a8f805c71953628e65"},"headline":"Gy\u0151zelem az utols\u00f3 bajnoki m\u00e9rk\u0151z\u00e9sen.","datePublished":"2025-05-29T14:02:15+00:00","dateModified":"2025-05-29T14:02:15+00:00","mainEntityOfPage":{"@id":"http:\/\/www.hfc1912.hu\/new\/2025\/05\/29\/gyozelem-az-utolso-bajnoki-merkozesen\/"},"wordCount":360,"publisher":{"@id":"http:\/\/www.hfc1912.hu\/new\/#organization"},"keywords":["HFC","NB III."],"articleSection":["H\u00edreink"],"inLanguage":"hu"},{"@type":"WebPage","@id":"http:\/\/www.hfc1912.hu\/new\/2025\/05\/29\/gyozelem-az-utolso-bajnoki-merkozesen\/","url":"http:\/\/www.hfc1912.hu\/new\/2025\/05\/29\/gyozelem-az-utolso-bajnoki-merkozesen\/","name":"Gy\u0151zelem az utols\u00f3 bajnoki m\u00e9rk\u0151z\u00e9sen. - H\u00f3dmez\u0151v\u00e1s\u00e1rhelyi Futball Club","isPartOf":{"@id":"http:\/\/www.hfc1912.hu\/new\/#website"},"datePublished":"2025-05-29T14:02:15+00:00","dateModified":"2025-05-29T14:02:15+00:00","breadcrumb":{"@id":"http:\/\/www.hfc1912.hu\/new\/2025\/05\/29\/gyozelem-az-utolso-bajnoki-merkozesen\/#breadcrumb"},"inLanguage":"hu","potentialAction":[{"@type":"ReadAction","target":["http:\/\/www.hfc1912.hu\/new\/2025\/05\/29\/gyozelem-az-utolso-bajnoki-merkozesen\/"]}]},{"@type":"BreadcrumbList","@id":"http:\/\/www.hfc1912.hu\/new\/2025\/05\/29\/gyozelem-az-utolso-bajnoki-merkozesen\/#breadcrumb","itemListElement":[{"@type":"ListItem","position":1,"name":"Home","item":"http:\/\/www.hfc1912.hu\/new\/"},{"@type":"ListItem","position":2,"name":"Gy\u0151zelem az utols\u00f3 bajnoki m\u00e9rk\u0151z\u00e9sen."}]},{"@type":"WebSite","@id":"http:\/\/www.hfc1912.hu\/new\/#website","url":"http:\/\/www.hfc1912.hu\/new\/","name":"H\u00f3dmez\u0151v\u00e1s\u00e1rhelyi Futball Club","description":"H\u00f3dmez\u0151v\u00e1s\u00e1rhelyi Futball Club hivatalos honlapja","publisher":{"@id":"http:\/\/www.hfc1912.hu\/new\/#organization"},"potentialAction":[{"@type":"SearchAction","target":{"@type":"EntryPoint","urlTemplate":"http:\/\/www.hfc1912.hu\/new\/?s={search_term_string}"},"query-input":"required name=search_term_string"}],"inLanguage":"hu"},{"@type":"Organization","@id":"http:\/\/www.hfc1912.hu\/new\/#organization","name":"H\u00f3dmez\u0151v\u00e1s\u00e1rhelyi Futball Club","url":"http:\/\/www.hfc1912.hu\/new\/","sameAs":[],"logo":{"@type":"ImageObject","inLanguage":"hu","@id":"http:\/\/www.hfc1912.hu\/new\/#\/schema\/logo\/image\/","url":"http:\/\/www.hfc1912.hu\/new\/wp-content\/uploads\/2021\/12\/cropped-V\u00e9gleges_c\u00edmer_atlatszo150162.png","contentUrl":"http:\/\/www.hfc1912.hu\/new\/wp-content\/uploads\/2021\/12\/cropped-V\u00e9gleges_c\u00edmer_atlatszo150162.png","width":150,"height":162,"caption":"H\u00f3dmez\u0151v\u00e1s\u00e1rhelyi Futball Club"},"image":{"@id":"http:\/\/www.hfc1912.hu\/new\/#\/schema\/logo\/image\/"}},{"@type":"Person","@id":"http:\/\/www.hfc1912.hu\/new\/#\/schema\/person\/05b742beb40ec0a8f805c71953628e65","name":"Fejes Loretta","image":{"@type":"ImageObject","inLanguage":"hu","@id":"http:\/\/www.hfc1912.hu\/new\/#\/schema\/person\/image\/","url":"http:\/\/0.gravatar.com\/avatar\/392d3c91f023210838ae5eb949191c81?s=96&d=mm&r=g","contentUrl":"http:\/\/0.gravatar.com\/avatar\/392d3c91f023210838ae5eb949191c81?s=96&d=mm&r=g","caption":"Fejes Loretta"},"url":"http:\/\/www.hfc1912.hu\/new\/author\/lori\/"}]}},"_links":{"self":[{"href":"http:\/\/www.hfc1912.hu\/new\/wp-json\/wp\/v2\/posts\/8183"}],"collection":[{"href":"http:\/\/www.hfc1912.hu\/new\/wp-json\/wp\/v2\/posts"}],"about":[{"href":"http:\/\/www.hfc1912.hu\/new\/wp-json\/wp\/v2\/types\/post"}],"author":[{"embeddable":true,"href":"http:\/\/www.hfc1912.hu\/new\/wp-json\/wp\/v2\/users\/4"}],"replies":[{"embeddable":true,"href":"http:\/\/www.hfc1912.hu\/new\/wp-json\/wp\/v2\/comments?post=8183"}],"version-history":[{"count":1,"href":"http:\/\/www.hfc1912.hu\/new\/wp-json\/wp\/v2\/posts\/8183\/revisions"}],"predecessor-version":[{"id":8184,"href":"http:\/\/www.hfc1912.hu\/new\/wp-json\/wp\/v2\/posts\/8183\/revisions\/8184"}],"wp:featuredmedia":[{"embeddable":true,"href":"http:\/\/www.hfc1912.hu\/new\/wp-json\/wp\/v2\/media\/8182"}],"wp:attachment":[{"href":"http:\/\/www.hfc1912.hu\/new\/wp-json\/wp\/v2\/media?parent=8183"}],"wp:term":[{"taxonomy":"category","embeddable":true,"href":"http:\/\/www.hfc1912.hu\/new\/wp-json\/wp\/v2\/categories?post=8183"},{"taxonomy":"post_tag","embeddable":true,"href":"http:\/\/www.hfc1912.hu\/new\/wp-json\/wp\/v2\/tags?post=8183"}],"curies":[{"name":"wp","href":"https:\/\/api.w.org\/{rel}","templated":true}]}}