{"id":8250,"date":"2025-07-13T17:31:00","date_gmt":"2025-07-13T15:31:00","guid":{"rendered":"http:\/\/www.hfc1912.hu\/new\/?p=8250"},"modified":"2025-07-29T17:31:09","modified_gmt":"2025-07-29T15:31:09","slug":"nagy-aranyu-gyozelem-a-csoportrivalis-ellen","status":"publish","type":"post","link":"http:\/\/www.hfc1912.hu\/new\/2025\/07\/13\/nagy-aranyu-gyozelem-a-csoportrivalis-ellen\/","title":{"rendered":"Nagy ar\u00e1ny\u00fa gy\u0151zelem a csoportriv\u00e1lis ellen."},"content":{"rendered":"\n<p>HFC &#8211; Martf\u0171i LSE 8-0 (5-0).<br>G\u00f3lszerz\u0151k: Gr\u00e9czi (5.), Moln\u00e1r (26.), Ily\u00e9s (30., 35.), Nagy R. (38.), Rajsli (49.), Heged\u0171s (62., 85.).<\/p>\n\n\n\n<p>Felk\u00e9sz\u00fcl\u00e9si m\u00e9rk\u0151z\u00e9s.<br \/>H\u00f3dmez\u0151v\u00e1s\u00e1rhely, H\u00f3dmez\u0151v\u00e1s\u00e1rhelyi V\u00e1rosi Stadion.<br \/>2025.07.12. 10:00.<\/p>\n\n\n\n<p>HFC:<br \/>Czinan\u00f3 &#8211; S\u00e1gi, Herczeg, T\u00f6r\u00f6k, Z\u00e1mbori, Nagy R., Sipos, Pov\u00e1zsai, Ill\u00e9s R., Gr\u00e9czi, Ily\u00e9s T.<br \/>Csere: Wolland, Heged\u0171s, Zana, Rajsli, L\u0151rincz, Moln\u00e1r, Hajnal, Kocsis, T\u00f3th M., T\u00f3th P.<br \/>Edz\u0151: Sz\u0171cs R\u00f3bert.<\/p>\n\n\n\n<p>Nyilatkozat: Nyilv\u00e1n nem tudjuk, hogy NB III-as ellenfel\u00fcnk hol tart a felk\u00e9sz\u00fcl\u00e9sben, \u00edgy messzemen\u0151 k\u00f6vetkeztet\u00e9st nem szabad levonni az eredm\u00e9nyb\u0151l, viszont a t\u00e1mad\u00f3j\u00e1t\u00e9kunk biztat\u00f3nak mondhat\u00f3.<\/p>\n\n\n\n<p>Szerd\u00e1n a Mak\u00f3 FC vend\u00e9ge lesz NB III-as egy\u00fcttes\u00fcnk.<\/p>\n","protected":false},"excerpt":{"rendered":"<p>HFC &#8211; Martf\u0171i LSE 8-0 (5-0).G\u00f3lszerz\u0151k: Gr\u00e9czi (5.), Moln\u00e1r (26.), Ily\u00e9s (30., 35.), Nagy R. (38.), Rajsli (49.), Heged\u0171s (62., 85.). Felk\u00e9sz\u00fcl\u00e9si m\u00e9rk\u0151z\u00e9s.H\u00f3dmez\u0151v\u00e1s\u00e1rhely, H\u00f3dmez\u0151v\u00e1s\u00e1rhelyi V\u00e1rosi&#8230;<\/p>\n","protected":false},"author":4,"featured_media":8249,"comment_status":"closed","ping_status":"closed","sticky":false,"template":"","format":"standard","meta":[],"categories":[1],"tags":[65,64],"yoast_head":"<!-- This site is optimized with the Yoast SEO plugin v19.8 - https:\/\/yoast.com\/wordpress\/plugins\/seo\/ -->\n<title>Nagy ar\u00e1ny\u00fa gy\u0151zelem a csoportriv\u00e1lis ellen. - H\u00f3dmez\u0151v\u00e1s\u00e1rhelyi Futball Club<\/title>\n<meta name=\"robots\" content=\"index, follow, max-snippet:-1, max-image-preview:large, max-video-preview:-1\" \/>\n<link rel=\"canonical\" href=\"http:\/\/www.hfc1912.hu\/new\/2025\/07\/13\/nagy-aranyu-gyozelem-a-csoportrivalis-ellen\/\" \/>\n<meta property=\"og:locale\" content=\"hu_HU\" \/>\n<meta property=\"og:type\" content=\"article\" \/>\n<meta property=\"og:title\" content=\"Nagy ar\u00e1ny\u00fa gy\u0151zelem a csoportriv\u00e1lis ellen. - H\u00f3dmez\u0151v\u00e1s\u00e1rhelyi Futball Club\" \/>\n<meta property=\"og:description\" content=\"HFC &#8211; Martf\u0171i LSE 8-0 (5-0).G\u00f3lszerz\u0151k: Gr\u00e9czi (5.), Moln\u00e1r (26.), Ily\u00e9s (30., 35.), Nagy R. (38.), Rajsli (49.), Heged\u0171s (62., 85.). Felk\u00e9sz\u00fcl\u00e9si m\u00e9rk\u0151z\u00e9s.H\u00f3dmez\u0151v\u00e1s\u00e1rhely, H\u00f3dmez\u0151v\u00e1s\u00e1rhelyi V\u00e1rosi...\" \/>\n<meta property=\"og:url\" content=\"http:\/\/www.hfc1912.hu\/new\/2025\/07\/13\/nagy-aranyu-gyozelem-a-csoportrivalis-ellen\/\" \/>\n<meta property=\"og:site_name\" content=\"H\u00f3dmez\u0151v\u00e1s\u00e1rhelyi Futball Club\" \/>\n<meta property=\"article:published_time\" content=\"2025-07-13T15:31:00+00:00\" \/>\n<meta property=\"article:modified_time\" content=\"2025-07-29T15:31:09+00:00\" \/>\n<meta property=\"og:image\" content=\"http:\/\/www.hfc1912.hu\/new\/wp-content\/uploads\/2025\/07\/img_4691-1-1.jpg\" \/>\n\t<meta property=\"og:image:width\" content=\"2000\" \/>\n\t<meta property=\"og:image:height\" content=\"1500\" \/>\n\t<meta property=\"og:image:type\" content=\"image\/jpeg\" \/>\n<meta name=\"author\" content=\"Fejes Loretta\" \/>\n<meta name=\"twitter:card\" content=\"summary_large_image\" \/>\n<meta name=\"twitter:label1\" content=\"Written by\" \/>\n\t<meta name=\"twitter:data1\" content=\"Fejes Loretta\" \/>\n\t<meta name=\"twitter:label2\" content=\"Est. reading time\" \/>\n\t<meta name=\"twitter:data2\" content=\"1 perc\" \/>\n<script type=\"application\/ld+json\" class=\"yoast-schema-graph\">{\"@context\":\"https:\/\/schema.org\",\"@graph\":[{\"@type\":\"Article\",\"@id\":\"http:\/\/www.hfc1912.hu\/new\/2025\/07\/13\/nagy-aranyu-gyozelem-a-csoportrivalis-ellen\/#article\",\"isPartOf\":{\"@id\":\"http:\/\/www.hfc1912.hu\/new\/2025\/07\/13\/nagy-aranyu-gyozelem-a-csoportrivalis-ellen\/\"},\"author\":{\"name\":\"Fejes Loretta\",\"@id\":\"http:\/\/www.hfc1912.hu\/new\/#\/schema\/person\/05b742beb40ec0a8f805c71953628e65\"},\"headline\":\"Nagy ar\u00e1ny\u00fa gy\u0151zelem a csoportriv\u00e1lis ellen.\",\"datePublished\":\"2025-07-13T15:31:00+00:00\",\"dateModified\":\"2025-07-29T15:31:09+00:00\",\"mainEntityOfPage\":{\"@id\":\"http:\/\/www.hfc1912.hu\/new\/2025\/07\/13\/nagy-aranyu-gyozelem-a-csoportrivalis-ellen\/\"},\"wordCount\":150,\"publisher\":{\"@id\":\"http:\/\/www.hfc1912.hu\/new\/#organization\"},\"keywords\":[\"HFC\",\"NB III.\"],\"articleSection\":[\"H\u00edreink\"],\"inLanguage\":\"hu\"},{\"@type\":\"WebPage\",\"@id\":\"http:\/\/www.hfc1912.hu\/new\/2025\/07\/13\/nagy-aranyu-gyozelem-a-csoportrivalis-ellen\/\",\"url\":\"http:\/\/www.hfc1912.hu\/new\/2025\/07\/13\/nagy-aranyu-gyozelem-a-csoportrivalis-ellen\/\",\"name\":\"Nagy ar\u00e1ny\u00fa gy\u0151zelem a csoportriv\u00e1lis ellen. - H\u00f3dmez\u0151v\u00e1s\u00e1rhelyi Futball Club\",\"isPartOf\":{\"@id\":\"http:\/\/www.hfc1912.hu\/new\/#website\"},\"datePublished\":\"2025-07-13T15:31:00+00:00\",\"dateModified\":\"2025-07-29T15:31:09+00:00\",\"breadcrumb\":{\"@id\":\"http:\/\/www.hfc1912.hu\/new\/2025\/07\/13\/nagy-aranyu-gyozelem-a-csoportrivalis-ellen\/#breadcrumb\"},\"inLanguage\":\"hu\",\"potentialAction\":[{\"@type\":\"ReadAction\",\"target\":[\"http:\/\/www.hfc1912.hu\/new\/2025\/07\/13\/nagy-aranyu-gyozelem-a-csoportrivalis-ellen\/\"]}]},{\"@type\":\"BreadcrumbList\",\"@id\":\"http:\/\/www.hfc1912.hu\/new\/2025\/07\/13\/nagy-aranyu-gyozelem-a-csoportrivalis-ellen\/#breadcrumb\",\"itemListElement\":[{\"@type\":\"ListItem\",\"position\":1,\"name\":\"Home\",\"item\":\"http:\/\/www.hfc1912.hu\/new\/\"},{\"@type\":\"ListItem\",\"position\":2,\"name\":\"Nagy ar\u00e1ny\u00fa gy\u0151zelem a csoportriv\u00e1lis ellen.\"}]},{\"@type\":\"WebSite\",\"@id\":\"http:\/\/www.hfc1912.hu\/new\/#website\",\"url\":\"http:\/\/www.hfc1912.hu\/new\/\",\"name\":\"H\u00f3dmez\u0151v\u00e1s\u00e1rhelyi Futball Club\",\"description\":\"H\u00f3dmez\u0151v\u00e1s\u00e1rhelyi Futball Club hivatalos honlapja\",\"publisher\":{\"@id\":\"http:\/\/www.hfc1912.hu\/new\/#organization\"},\"potentialAction\":[{\"@type\":\"SearchAction\",\"target\":{\"@type\":\"EntryPoint\",\"urlTemplate\":\"http:\/\/www.hfc1912.hu\/new\/?s={search_term_string}\"},\"query-input\":\"required name=search_term_string\"}],\"inLanguage\":\"hu\"},{\"@type\":\"Organization\",\"@id\":\"http:\/\/www.hfc1912.hu\/new\/#organization\",\"name\":\"H\u00f3dmez\u0151v\u00e1s\u00e1rhelyi Futball Club\",\"url\":\"http:\/\/www.hfc1912.hu\/new\/\",\"sameAs\":[],\"logo\":{\"@type\":\"ImageObject\",\"inLanguage\":\"hu\",\"@id\":\"http:\/\/www.hfc1912.hu\/new\/#\/schema\/logo\/image\/\",\"url\":\"http:\/\/www.hfc1912.hu\/new\/wp-content\/uploads\/2021\/12\/cropped-V\u00e9gleges_c\u00edmer_atlatszo150162.png\",\"contentUrl\":\"http:\/\/www.hfc1912.hu\/new\/wp-content\/uploads\/2021\/12\/cropped-V\u00e9gleges_c\u00edmer_atlatszo150162.png\",\"width\":150,\"height\":162,\"caption\":\"H\u00f3dmez\u0151v\u00e1s\u00e1rhelyi Futball Club\"},\"image\":{\"@id\":\"http:\/\/www.hfc1912.hu\/new\/#\/schema\/logo\/image\/\"}},{\"@type\":\"Person\",\"@id\":\"http:\/\/www.hfc1912.hu\/new\/#\/schema\/person\/05b742beb40ec0a8f805c71953628e65\",\"name\":\"Fejes Loretta\",\"image\":{\"@type\":\"ImageObject\",\"inLanguage\":\"hu\",\"@id\":\"http:\/\/www.hfc1912.hu\/new\/#\/schema\/person\/image\/\",\"url\":\"http:\/\/0.gravatar.com\/avatar\/392d3c91f023210838ae5eb949191c81?s=96&d=mm&r=g\",\"contentUrl\":\"http:\/\/0.gravatar.com\/avatar\/392d3c91f023210838ae5eb949191c81?s=96&d=mm&r=g\",\"caption\":\"Fejes Loretta\"},\"url\":\"http:\/\/www.hfc1912.hu\/new\/author\/lori\/\"}]}<\/script>\n<!-- \/ Yoast SEO plugin. -->","yoast_head_json":{"title":"Nagy ar\u00e1ny\u00fa gy\u0151zelem a csoportriv\u00e1lis ellen. - H\u00f3dmez\u0151v\u00e1s\u00e1rhelyi Futball Club","robots":{"index":"index","follow":"follow","max-snippet":"max-snippet:-1","max-image-preview":"max-image-preview:large","max-video-preview":"max-video-preview:-1"},"canonical":"http:\/\/www.hfc1912.hu\/new\/2025\/07\/13\/nagy-aranyu-gyozelem-a-csoportrivalis-ellen\/","og_locale":"hu_HU","og_type":"article","og_title":"Nagy ar\u00e1ny\u00fa gy\u0151zelem a csoportriv\u00e1lis ellen. - H\u00f3dmez\u0151v\u00e1s\u00e1rhelyi Futball Club","og_description":"HFC &#8211; Martf\u0171i LSE 8-0 (5-0).G\u00f3lszerz\u0151k: Gr\u00e9czi (5.), Moln\u00e1r (26.), Ily\u00e9s (30., 35.), Nagy R. (38.), Rajsli (49.), Heged\u0171s (62., 85.). Felk\u00e9sz\u00fcl\u00e9si m\u00e9rk\u0151z\u00e9s.H\u00f3dmez\u0151v\u00e1s\u00e1rhely, H\u00f3dmez\u0151v\u00e1s\u00e1rhelyi V\u00e1rosi...","og_url":"http:\/\/www.hfc1912.hu\/new\/2025\/07\/13\/nagy-aranyu-gyozelem-a-csoportrivalis-ellen\/","og_site_name":"H\u00f3dmez\u0151v\u00e1s\u00e1rhelyi Futball Club","article_published_time":"2025-07-13T15:31:00+00:00","article_modified_time":"2025-07-29T15:31:09+00:00","og_image":[{"width":2000,"height":1500,"url":"http:\/\/www.hfc1912.hu\/new\/wp-content\/uploads\/2025\/07\/img_4691-1-1.jpg","type":"image\/jpeg"}],"author":"Fejes Loretta","twitter_card":"summary_large_image","twitter_misc":{"Written by":"Fejes Loretta","Est. reading time":"1 perc"},"schema":{"@context":"https:\/\/schema.org","@graph":[{"@type":"Article","@id":"http:\/\/www.hfc1912.hu\/new\/2025\/07\/13\/nagy-aranyu-gyozelem-a-csoportrivalis-ellen\/#article","isPartOf":{"@id":"http:\/\/www.hfc1912.hu\/new\/2025\/07\/13\/nagy-aranyu-gyozelem-a-csoportrivalis-ellen\/"},"author":{"name":"Fejes Loretta","@id":"http:\/\/www.hfc1912.hu\/new\/#\/schema\/person\/05b742beb40ec0a8f805c71953628e65"},"headline":"Nagy ar\u00e1ny\u00fa gy\u0151zelem a csoportriv\u00e1lis ellen.","datePublished":"2025-07-13T15:31:00+00:00","dateModified":"2025-07-29T15:31:09+00:00","mainEntityOfPage":{"@id":"http:\/\/www.hfc1912.hu\/new\/2025\/07\/13\/nagy-aranyu-gyozelem-a-csoportrivalis-ellen\/"},"wordCount":150,"publisher":{"@id":"http:\/\/www.hfc1912.hu\/new\/#organization"},"keywords":["HFC","NB III."],"articleSection":["H\u00edreink"],"inLanguage":"hu"},{"@type":"WebPage","@id":"http:\/\/www.hfc1912.hu\/new\/2025\/07\/13\/nagy-aranyu-gyozelem-a-csoportrivalis-ellen\/","url":"http:\/\/www.hfc1912.hu\/new\/2025\/07\/13\/nagy-aranyu-gyozelem-a-csoportrivalis-ellen\/","name":"Nagy ar\u00e1ny\u00fa gy\u0151zelem a csoportriv\u00e1lis ellen. - H\u00f3dmez\u0151v\u00e1s\u00e1rhelyi Futball Club","isPartOf":{"@id":"http:\/\/www.hfc1912.hu\/new\/#website"},"datePublished":"2025-07-13T15:31:00+00:00","dateModified":"2025-07-29T15:31:09+00:00","breadcrumb":{"@id":"http:\/\/www.hfc1912.hu\/new\/2025\/07\/13\/nagy-aranyu-gyozelem-a-csoportrivalis-ellen\/#breadcrumb"},"inLanguage":"hu","potentialAction":[{"@type":"ReadAction","target":["http:\/\/www.hfc1912.hu\/new\/2025\/07\/13\/nagy-aranyu-gyozelem-a-csoportrivalis-ellen\/"]}]},{"@type":"BreadcrumbList","@id":"http:\/\/www.hfc1912.hu\/new\/2025\/07\/13\/nagy-aranyu-gyozelem-a-csoportrivalis-ellen\/#breadcrumb","itemListElement":[{"@type":"ListItem","position":1,"name":"Home","item":"http:\/\/www.hfc1912.hu\/new\/"},{"@type":"ListItem","position":2,"name":"Nagy ar\u00e1ny\u00fa gy\u0151zelem a csoportriv\u00e1lis ellen."}]},{"@type":"WebSite","@id":"http:\/\/www.hfc1912.hu\/new\/#website","url":"http:\/\/www.hfc1912.hu\/new\/","name":"H\u00f3dmez\u0151v\u00e1s\u00e1rhelyi Futball Club","description":"H\u00f3dmez\u0151v\u00e1s\u00e1rhelyi Futball Club hivatalos honlapja","publisher":{"@id":"http:\/\/www.hfc1912.hu\/new\/#organization"},"potentialAction":[{"@type":"SearchAction","target":{"@type":"EntryPoint","urlTemplate":"http:\/\/www.hfc1912.hu\/new\/?s={search_term_string}"},"query-input":"required name=search_term_string"}],"inLanguage":"hu"},{"@type":"Organization","@id":"http:\/\/www.hfc1912.hu\/new\/#organization","name":"H\u00f3dmez\u0151v\u00e1s\u00e1rhelyi Futball Club","url":"http:\/\/www.hfc1912.hu\/new\/","sameAs":[],"logo":{"@type":"ImageObject","inLanguage":"hu","@id":"http:\/\/www.hfc1912.hu\/new\/#\/schema\/logo\/image\/","url":"http:\/\/www.hfc1912.hu\/new\/wp-content\/uploads\/2021\/12\/cropped-V\u00e9gleges_c\u00edmer_atlatszo150162.png","contentUrl":"http:\/\/www.hfc1912.hu\/new\/wp-content\/uploads\/2021\/12\/cropped-V\u00e9gleges_c\u00edmer_atlatszo150162.png","width":150,"height":162,"caption":"H\u00f3dmez\u0151v\u00e1s\u00e1rhelyi Futball Club"},"image":{"@id":"http:\/\/www.hfc1912.hu\/new\/#\/schema\/logo\/image\/"}},{"@type":"Person","@id":"http:\/\/www.hfc1912.hu\/new\/#\/schema\/person\/05b742beb40ec0a8f805c71953628e65","name":"Fejes Loretta","image":{"@type":"ImageObject","inLanguage":"hu","@id":"http:\/\/www.hfc1912.hu\/new\/#\/schema\/person\/image\/","url":"http:\/\/0.gravatar.com\/avatar\/392d3c91f023210838ae5eb949191c81?s=96&d=mm&r=g","contentUrl":"http:\/\/0.gravatar.com\/avatar\/392d3c91f023210838ae5eb949191c81?s=96&d=mm&r=g","caption":"Fejes Loretta"},"url":"http:\/\/www.hfc1912.hu\/new\/author\/lori\/"}]}},"_links":{"self":[{"href":"http:\/\/www.hfc1912.hu\/new\/wp-json\/wp\/v2\/posts\/8250"}],"collection":[{"href":"http:\/\/www.hfc1912.hu\/new\/wp-json\/wp\/v2\/posts"}],"about":[{"href":"http:\/\/www.hfc1912.hu\/new\/wp-json\/wp\/v2\/types\/post"}],"author":[{"embeddable":true,"href":"http:\/\/www.hfc1912.hu\/new\/wp-json\/wp\/v2\/users\/4"}],"replies":[{"embeddable":true,"href":"http:\/\/www.hfc1912.hu\/new\/wp-json\/wp\/v2\/comments?post=8250"}],"version-history":[{"count":1,"href":"http:\/\/www.hfc1912.hu\/new\/wp-json\/wp\/v2\/posts\/8250\/revisions"}],"predecessor-version":[{"id":8251,"href":"http:\/\/www.hfc1912.hu\/new\/wp-json\/wp\/v2\/posts\/8250\/revisions\/8251"}],"wp:featuredmedia":[{"embeddable":true,"href":"http:\/\/www.hfc1912.hu\/new\/wp-json\/wp\/v2\/media\/8249"}],"wp:attachment":[{"href":"http:\/\/www.hfc1912.hu\/new\/wp-json\/wp\/v2\/media?parent=8250"}],"wp:term":[{"taxonomy":"category","embeddable":true,"href":"http:\/\/www.hfc1912.hu\/new\/wp-json\/wp\/v2\/categories?post=8250"},{"taxonomy":"post_tag","embeddable":true,"href":"http:\/\/www.hfc1912.hu\/new\/wp-json\/wp\/v2\/tags?post=8250"}],"curies":[{"name":"wp","href":"https:\/\/api.w.org\/{rel}","templated":true}]}}