{"id":8259,"date":"2025-07-21T17:42:00","date_gmt":"2025-07-21T15:42:00","guid":{"rendered":"http:\/\/www.hfc1912.hu\/new\/?p=8259"},"modified":"2025-07-29T17:42:11","modified_gmt":"2025-07-29T15:42:11","slug":"atigazolasi-hirek-tavozok","status":"publish","type":"post","link":"http:\/\/www.hfc1912.hu\/new\/2025\/07\/21\/atigazolasi-hirek-tavozok\/","title":{"rendered":"\u00c1tigazol\u00e1si h\u00edrek &#8211; T\u00e1voz\u00f3k"},"content":{"rendered":"\n<p>A k\u00f6vetkez\u0151 j\u00e1t\u00e9kosaink t\u00e1voznak NB III-as csapatunkt\u00f3l:<\/p>\n\n\n\n<p>D\u00f3ra Don\u00e1t<br \/>Az NB II-es Koz\u00e1rmisleny egy\u00fcttes\u00e9n\u00e9l folytatja p\u00e1lyafut\u00e1s\u00e1t.<\/p>\n\n\n\n<p>Vukman Don\u00e1t<br \/>F\u00e9l \u00e9v ut\u00e1n t\u00e1vozik, az NB III D\u00e9l-nyugati csoportban szerepl\u0151 Majosi SE csapat\u00e1hoz igazolt.<\/p>\n\n\n\n<p>Mahler Gerg\u0151<br \/>A 2023\/24-es szezon tel\u00e9n csatlakozott, az elm\u00falt id\u00e9nyben 1 g\u00f3lt szerzett. A riv\u00e1lis Tiszaf\u00f6ldv\u00e1rn\u00e1l folytatja karrierj\u00e9t.<\/p>\n\n\n\n<p>Rabecz Botond<br \/>K\u00e9t szezon alatt szerepelt az U19-es, megye I-es \u00e9s NB III-as csapatainkban is.<\/p>\n\n\n\n<p>Cz\u00e9kus \u00c1ron<br \/>Szint\u00e9n k\u00e9t szezon ut\u00e1n b\u00facs\u00fazik. Az U19-ben, megye I-ben \u00e9s NB III-ban is p\u00e1ly\u00e1ra l\u00e9pett.<\/p>\n\n\n\n<p>Pov\u00e1zsai Zsolt<br \/>Egy \u00e9v ut\u00e1n t\u00e1vozik, 15 bajnokin \u00e9s 3 kupam\u00e9rk\u0151z\u00e9sen volt a kezd\u0151csapatunk tagja, \u00faj klubja a Tiszaf\u00f6ldv\u00e1r lesz.<\/p>\n\n\n\n<p>Feh\u00e9r Barnab\u00e1s<br \/>F\u00e9l \u00e9v alatt 13 bajnokin l\u00e9pett p\u00e1ly\u00e1ra, ebb\u0151l 7 alkalommal kezd\u0151k\u00e9nt er\u0151s\u00edtette csapatunkat.<\/p>\n\n\n\n<p>Mari Zolt\u00e1n<br \/>A t\u00e9li \u00e1tigazol\u00e1si id\u0151szakban \u00e9rkezett, 13 m\u00e9rk\u0151z\u00e9sen volt kerettag.<\/p>\n\n\n\n<p>Vaits Marcell<br \/>A tov\u00e1bbiakban a tanulm\u00e1nyaira szeretne koncentr\u00e1lni.<\/p>\n\n\n\n<p>Hegyes Gerg\u0151<br \/>H\u00e1rom szezont t\u00f6lt\u00f6tt csapatunkn\u00e1l, ez id\u0151 alatt az U17-es, az U19-es, a megye I-es \u00e9s az NB III-as egy\u00fcttesben is p\u00e1ly\u00e1ra l\u00e9pett.<\/p>\n\n\n\n<p>Arany Gerg\u0151<br \/>K\u00e9t \u00e9v alatt 9 alkalommal kezdett NB III-as csapatunkban.<\/p>\n\n\n\n<p>Mur\u00e1nyi J\u00f3zsef<br \/>F\u00e9l szezon ut\u00e1n b\u00facs\u00fazik t\u0151l\u00fcnk.<\/p>\n\n\n\n<p>Minden t\u00e1voz\u00f3 j\u00e1t\u00e9kosunknak k\u00f6sz\u00f6nj\u00fck a klub\u00e9rt v\u00e9gzett munk\u00e1t, \u00e9s sok sikert k\u00edv\u00e1nunk a tov\u00e1bbiakban! <\/p>\n","protected":false},"excerpt":{"rendered":"<p>A k\u00f6vetkez\u0151 j\u00e1t\u00e9kosaink t\u00e1voznak NB III-as csapatunkt\u00f3l: D\u00f3ra Don\u00e1tAz NB II-es Koz\u00e1rmisleny egy\u00fcttes\u00e9n\u00e9l folytatja p\u00e1lyafut\u00e1s\u00e1t. Vukman Don\u00e1tF\u00e9l \u00e9v ut\u00e1n t\u00e1vozik, az NB III D\u00e9l-nyugati csoportban&#8230;<\/p>\n","protected":false},"author":4,"featured_media":7785,"comment_status":"closed","ping_status":"closed","sticky":false,"template":"","format":"standard","meta":[],"categories":[1],"tags":[65,64],"yoast_head":"<!-- This site is optimized with the Yoast SEO plugin v19.8 - https:\/\/yoast.com\/wordpress\/plugins\/seo\/ -->\n<title>\u00c1tigazol\u00e1si h\u00edrek - T\u00e1voz\u00f3k - H\u00f3dmez\u0151v\u00e1s\u00e1rhelyi Futball Club<\/title>\n<meta name=\"robots\" content=\"index, follow, max-snippet:-1, max-image-preview:large, max-video-preview:-1\" \/>\n<link rel=\"canonical\" href=\"http:\/\/www.hfc1912.hu\/new\/2025\/07\/21\/atigazolasi-hirek-tavozok\/\" \/>\n<meta property=\"og:locale\" content=\"hu_HU\" \/>\n<meta property=\"og:type\" content=\"article\" \/>\n<meta property=\"og:title\" content=\"\u00c1tigazol\u00e1si h\u00edrek - T\u00e1voz\u00f3k - H\u00f3dmez\u0151v\u00e1s\u00e1rhelyi Futball Club\" \/>\n<meta property=\"og:description\" content=\"A k\u00f6vetkez\u0151 j\u00e1t\u00e9kosaink t\u00e1voznak NB III-as csapatunkt\u00f3l: D\u00f3ra Don\u00e1tAz NB II-es Koz\u00e1rmisleny egy\u00fcttes\u00e9n\u00e9l folytatja p\u00e1lyafut\u00e1s\u00e1t. Vukman Don\u00e1tF\u00e9l \u00e9v ut\u00e1n t\u00e1vozik, az NB III D\u00e9l-nyugati csoportban...\" \/>\n<meta property=\"og:url\" content=\"http:\/\/www.hfc1912.hu\/new\/2025\/07\/21\/atigazolasi-hirek-tavozok\/\" \/>\n<meta property=\"og:site_name\" content=\"H\u00f3dmez\u0151v\u00e1s\u00e1rhelyi Futball Club\" \/>\n<meta property=\"article:published_time\" content=\"2025-07-21T15:42:00+00:00\" \/>\n<meta property=\"article:modified_time\" content=\"2025-07-29T15:42:11+00:00\" \/>\n<meta property=\"og:image\" content=\"http:\/\/www.hfc1912.hu\/new\/wp-content\/uploads\/2024\/12\/DSC_1753-scaled.jpg\" \/>\n\t<meta property=\"og:image:width\" content=\"2560\" \/>\n\t<meta property=\"og:image:height\" content=\"1702\" \/>\n\t<meta property=\"og:image:type\" content=\"image\/jpeg\" \/>\n<meta name=\"author\" content=\"Fejes Loretta\" \/>\n<meta name=\"twitter:card\" content=\"summary_large_image\" \/>\n<meta name=\"twitter:label1\" content=\"Written by\" \/>\n\t<meta name=\"twitter:data1\" content=\"Fejes Loretta\" \/>\n\t<meta name=\"twitter:label2\" content=\"Est. reading time\" \/>\n\t<meta name=\"twitter:data2\" content=\"1 perc\" \/>\n<script type=\"application\/ld+json\" class=\"yoast-schema-graph\">{\"@context\":\"https:\/\/schema.org\",\"@graph\":[{\"@type\":\"Article\",\"@id\":\"http:\/\/www.hfc1912.hu\/new\/2025\/07\/21\/atigazolasi-hirek-tavozok\/#article\",\"isPartOf\":{\"@id\":\"http:\/\/www.hfc1912.hu\/new\/2025\/07\/21\/atigazolasi-hirek-tavozok\/\"},\"author\":{\"name\":\"Fejes Loretta\",\"@id\":\"http:\/\/www.hfc1912.hu\/new\/#\/schema\/person\/05b742beb40ec0a8f805c71953628e65\"},\"headline\":\"\u00c1tigazol\u00e1si h\u00edrek &#8211; T\u00e1voz\u00f3k\",\"datePublished\":\"2025-07-21T15:42:00+00:00\",\"dateModified\":\"2025-07-29T15:42:11+00:00\",\"mainEntityOfPage\":{\"@id\":\"http:\/\/www.hfc1912.hu\/new\/2025\/07\/21\/atigazolasi-hirek-tavozok\/\"},\"wordCount\":286,\"publisher\":{\"@id\":\"http:\/\/www.hfc1912.hu\/new\/#organization\"},\"keywords\":[\"HFC\",\"NB III.\"],\"articleSection\":[\"H\u00edreink\"],\"inLanguage\":\"hu\"},{\"@type\":\"WebPage\",\"@id\":\"http:\/\/www.hfc1912.hu\/new\/2025\/07\/21\/atigazolasi-hirek-tavozok\/\",\"url\":\"http:\/\/www.hfc1912.hu\/new\/2025\/07\/21\/atigazolasi-hirek-tavozok\/\",\"name\":\"\u00c1tigazol\u00e1si h\u00edrek - T\u00e1voz\u00f3k - H\u00f3dmez\u0151v\u00e1s\u00e1rhelyi Futball Club\",\"isPartOf\":{\"@id\":\"http:\/\/www.hfc1912.hu\/new\/#website\"},\"datePublished\":\"2025-07-21T15:42:00+00:00\",\"dateModified\":\"2025-07-29T15:42:11+00:00\",\"breadcrumb\":{\"@id\":\"http:\/\/www.hfc1912.hu\/new\/2025\/07\/21\/atigazolasi-hirek-tavozok\/#breadcrumb\"},\"inLanguage\":\"hu\",\"potentialAction\":[{\"@type\":\"ReadAction\",\"target\":[\"http:\/\/www.hfc1912.hu\/new\/2025\/07\/21\/atigazolasi-hirek-tavozok\/\"]}]},{\"@type\":\"BreadcrumbList\",\"@id\":\"http:\/\/www.hfc1912.hu\/new\/2025\/07\/21\/atigazolasi-hirek-tavozok\/#breadcrumb\",\"itemListElement\":[{\"@type\":\"ListItem\",\"position\":1,\"name\":\"Home\",\"item\":\"http:\/\/www.hfc1912.hu\/new\/\"},{\"@type\":\"ListItem\",\"position\":2,\"name\":\"\u00c1tigazol\u00e1si h\u00edrek &#8211; T\u00e1voz\u00f3k\"}]},{\"@type\":\"WebSite\",\"@id\":\"http:\/\/www.hfc1912.hu\/new\/#website\",\"url\":\"http:\/\/www.hfc1912.hu\/new\/\",\"name\":\"H\u00f3dmez\u0151v\u00e1s\u00e1rhelyi Futball Club\",\"description\":\"H\u00f3dmez\u0151v\u00e1s\u00e1rhelyi Futball Club hivatalos honlapja\",\"publisher\":{\"@id\":\"http:\/\/www.hfc1912.hu\/new\/#organization\"},\"potentialAction\":[{\"@type\":\"SearchAction\",\"target\":{\"@type\":\"EntryPoint\",\"urlTemplate\":\"http:\/\/www.hfc1912.hu\/new\/?s={search_term_string}\"},\"query-input\":\"required name=search_term_string\"}],\"inLanguage\":\"hu\"},{\"@type\":\"Organization\",\"@id\":\"http:\/\/www.hfc1912.hu\/new\/#organization\",\"name\":\"H\u00f3dmez\u0151v\u00e1s\u00e1rhelyi Futball Club\",\"url\":\"http:\/\/www.hfc1912.hu\/new\/\",\"sameAs\":[],\"logo\":{\"@type\":\"ImageObject\",\"inLanguage\":\"hu\",\"@id\":\"http:\/\/www.hfc1912.hu\/new\/#\/schema\/logo\/image\/\",\"url\":\"http:\/\/www.hfc1912.hu\/new\/wp-content\/uploads\/2021\/12\/cropped-V\u00e9gleges_c\u00edmer_atlatszo150162.png\",\"contentUrl\":\"http:\/\/www.hfc1912.hu\/new\/wp-content\/uploads\/2021\/12\/cropped-V\u00e9gleges_c\u00edmer_atlatszo150162.png\",\"width\":150,\"height\":162,\"caption\":\"H\u00f3dmez\u0151v\u00e1s\u00e1rhelyi Futball Club\"},\"image\":{\"@id\":\"http:\/\/www.hfc1912.hu\/new\/#\/schema\/logo\/image\/\"}},{\"@type\":\"Person\",\"@id\":\"http:\/\/www.hfc1912.hu\/new\/#\/schema\/person\/05b742beb40ec0a8f805c71953628e65\",\"name\":\"Fejes Loretta\",\"image\":{\"@type\":\"ImageObject\",\"inLanguage\":\"hu\",\"@id\":\"http:\/\/www.hfc1912.hu\/new\/#\/schema\/person\/image\/\",\"url\":\"http:\/\/0.gravatar.com\/avatar\/392d3c91f023210838ae5eb949191c81?s=96&d=mm&r=g\",\"contentUrl\":\"http:\/\/0.gravatar.com\/avatar\/392d3c91f023210838ae5eb949191c81?s=96&d=mm&r=g\",\"caption\":\"Fejes Loretta\"},\"url\":\"http:\/\/www.hfc1912.hu\/new\/author\/lori\/\"}]}<\/script>\n<!-- \/ Yoast SEO plugin. -->","yoast_head_json":{"title":"\u00c1tigazol\u00e1si h\u00edrek - T\u00e1voz\u00f3k - H\u00f3dmez\u0151v\u00e1s\u00e1rhelyi Futball Club","robots":{"index":"index","follow":"follow","max-snippet":"max-snippet:-1","max-image-preview":"max-image-preview:large","max-video-preview":"max-video-preview:-1"},"canonical":"http:\/\/www.hfc1912.hu\/new\/2025\/07\/21\/atigazolasi-hirek-tavozok\/","og_locale":"hu_HU","og_type":"article","og_title":"\u00c1tigazol\u00e1si h\u00edrek - T\u00e1voz\u00f3k - H\u00f3dmez\u0151v\u00e1s\u00e1rhelyi Futball Club","og_description":"A k\u00f6vetkez\u0151 j\u00e1t\u00e9kosaink t\u00e1voznak NB III-as csapatunkt\u00f3l: D\u00f3ra Don\u00e1tAz NB II-es Koz\u00e1rmisleny egy\u00fcttes\u00e9n\u00e9l folytatja p\u00e1lyafut\u00e1s\u00e1t. Vukman Don\u00e1tF\u00e9l \u00e9v ut\u00e1n t\u00e1vozik, az NB III D\u00e9l-nyugati csoportban...","og_url":"http:\/\/www.hfc1912.hu\/new\/2025\/07\/21\/atigazolasi-hirek-tavozok\/","og_site_name":"H\u00f3dmez\u0151v\u00e1s\u00e1rhelyi Futball Club","article_published_time":"2025-07-21T15:42:00+00:00","article_modified_time":"2025-07-29T15:42:11+00:00","og_image":[{"width":2560,"height":1702,"url":"http:\/\/www.hfc1912.hu\/new\/wp-content\/uploads\/2024\/12\/DSC_1753-scaled.jpg","type":"image\/jpeg"}],"author":"Fejes Loretta","twitter_card":"summary_large_image","twitter_misc":{"Written by":"Fejes Loretta","Est. reading time":"1 perc"},"schema":{"@context":"https:\/\/schema.org","@graph":[{"@type":"Article","@id":"http:\/\/www.hfc1912.hu\/new\/2025\/07\/21\/atigazolasi-hirek-tavozok\/#article","isPartOf":{"@id":"http:\/\/www.hfc1912.hu\/new\/2025\/07\/21\/atigazolasi-hirek-tavozok\/"},"author":{"name":"Fejes Loretta","@id":"http:\/\/www.hfc1912.hu\/new\/#\/schema\/person\/05b742beb40ec0a8f805c71953628e65"},"headline":"\u00c1tigazol\u00e1si h\u00edrek &#8211; T\u00e1voz\u00f3k","datePublished":"2025-07-21T15:42:00+00:00","dateModified":"2025-07-29T15:42:11+00:00","mainEntityOfPage":{"@id":"http:\/\/www.hfc1912.hu\/new\/2025\/07\/21\/atigazolasi-hirek-tavozok\/"},"wordCount":286,"publisher":{"@id":"http:\/\/www.hfc1912.hu\/new\/#organization"},"keywords":["HFC","NB III."],"articleSection":["H\u00edreink"],"inLanguage":"hu"},{"@type":"WebPage","@id":"http:\/\/www.hfc1912.hu\/new\/2025\/07\/21\/atigazolasi-hirek-tavozok\/","url":"http:\/\/www.hfc1912.hu\/new\/2025\/07\/21\/atigazolasi-hirek-tavozok\/","name":"\u00c1tigazol\u00e1si h\u00edrek - T\u00e1voz\u00f3k - H\u00f3dmez\u0151v\u00e1s\u00e1rhelyi Futball Club","isPartOf":{"@id":"http:\/\/www.hfc1912.hu\/new\/#website"},"datePublished":"2025-07-21T15:42:00+00:00","dateModified":"2025-07-29T15:42:11+00:00","breadcrumb":{"@id":"http:\/\/www.hfc1912.hu\/new\/2025\/07\/21\/atigazolasi-hirek-tavozok\/#breadcrumb"},"inLanguage":"hu","potentialAction":[{"@type":"ReadAction","target":["http:\/\/www.hfc1912.hu\/new\/2025\/07\/21\/atigazolasi-hirek-tavozok\/"]}]},{"@type":"BreadcrumbList","@id":"http:\/\/www.hfc1912.hu\/new\/2025\/07\/21\/atigazolasi-hirek-tavozok\/#breadcrumb","itemListElement":[{"@type":"ListItem","position":1,"name":"Home","item":"http:\/\/www.hfc1912.hu\/new\/"},{"@type":"ListItem","position":2,"name":"\u00c1tigazol\u00e1si h\u00edrek &#8211; T\u00e1voz\u00f3k"}]},{"@type":"WebSite","@id":"http:\/\/www.hfc1912.hu\/new\/#website","url":"http:\/\/www.hfc1912.hu\/new\/","name":"H\u00f3dmez\u0151v\u00e1s\u00e1rhelyi Futball Club","description":"H\u00f3dmez\u0151v\u00e1s\u00e1rhelyi Futball Club hivatalos honlapja","publisher":{"@id":"http:\/\/www.hfc1912.hu\/new\/#organization"},"potentialAction":[{"@type":"SearchAction","target":{"@type":"EntryPoint","urlTemplate":"http:\/\/www.hfc1912.hu\/new\/?s={search_term_string}"},"query-input":"required name=search_term_string"}],"inLanguage":"hu"},{"@type":"Organization","@id":"http:\/\/www.hfc1912.hu\/new\/#organization","name":"H\u00f3dmez\u0151v\u00e1s\u00e1rhelyi Futball Club","url":"http:\/\/www.hfc1912.hu\/new\/","sameAs":[],"logo":{"@type":"ImageObject","inLanguage":"hu","@id":"http:\/\/www.hfc1912.hu\/new\/#\/schema\/logo\/image\/","url":"http:\/\/www.hfc1912.hu\/new\/wp-content\/uploads\/2021\/12\/cropped-V\u00e9gleges_c\u00edmer_atlatszo150162.png","contentUrl":"http:\/\/www.hfc1912.hu\/new\/wp-content\/uploads\/2021\/12\/cropped-V\u00e9gleges_c\u00edmer_atlatszo150162.png","width":150,"height":162,"caption":"H\u00f3dmez\u0151v\u00e1s\u00e1rhelyi Futball Club"},"image":{"@id":"http:\/\/www.hfc1912.hu\/new\/#\/schema\/logo\/image\/"}},{"@type":"Person","@id":"http:\/\/www.hfc1912.hu\/new\/#\/schema\/person\/05b742beb40ec0a8f805c71953628e65","name":"Fejes Loretta","image":{"@type":"ImageObject","inLanguage":"hu","@id":"http:\/\/www.hfc1912.hu\/new\/#\/schema\/person\/image\/","url":"http:\/\/0.gravatar.com\/avatar\/392d3c91f023210838ae5eb949191c81?s=96&d=mm&r=g","contentUrl":"http:\/\/0.gravatar.com\/avatar\/392d3c91f023210838ae5eb949191c81?s=96&d=mm&r=g","caption":"Fejes Loretta"},"url":"http:\/\/www.hfc1912.hu\/new\/author\/lori\/"}]}},"_links":{"self":[{"href":"http:\/\/www.hfc1912.hu\/new\/wp-json\/wp\/v2\/posts\/8259"}],"collection":[{"href":"http:\/\/www.hfc1912.hu\/new\/wp-json\/wp\/v2\/posts"}],"about":[{"href":"http:\/\/www.hfc1912.hu\/new\/wp-json\/wp\/v2\/types\/post"}],"author":[{"embeddable":true,"href":"http:\/\/www.hfc1912.hu\/new\/wp-json\/wp\/v2\/users\/4"}],"replies":[{"embeddable":true,"href":"http:\/\/www.hfc1912.hu\/new\/wp-json\/wp\/v2\/comments?post=8259"}],"version-history":[{"count":2,"href":"http:\/\/www.hfc1912.hu\/new\/wp-json\/wp\/v2\/posts\/8259\/revisions"}],"predecessor-version":[{"id":8261,"href":"http:\/\/www.hfc1912.hu\/new\/wp-json\/wp\/v2\/posts\/8259\/revisions\/8261"}],"wp:featuredmedia":[{"embeddable":true,"href":"http:\/\/www.hfc1912.hu\/new\/wp-json\/wp\/v2\/media\/7785"}],"wp:attachment":[{"href":"http:\/\/www.hfc1912.hu\/new\/wp-json\/wp\/v2\/media?parent=8259"}],"wp:term":[{"taxonomy":"category","embeddable":true,"href":"http:\/\/www.hfc1912.hu\/new\/wp-json\/wp\/v2\/categories?post=8259"},{"taxonomy":"post_tag","embeddable":true,"href":"http:\/\/www.hfc1912.hu\/new\/wp-json\/wp\/v2\/tags?post=8259"}],"curies":[{"name":"wp","href":"https:\/\/api.w.org\/{rel}","templated":true}]}}