{"id":8504,"date":"2025-10-29T15:32:39","date_gmt":"2025-10-29T14:32:39","guid":{"rendered":"http:\/\/www.hfc1912.hu\/new\/?p=8504"},"modified":"2025-10-29T15:32:41","modified_gmt":"2025-10-29T14:32:41","slug":"fontos-merkozest-nyert-u14-es-csapatunk-a-rivalis-szeol-sc-ellen","status":"publish","type":"post","link":"http:\/\/www.hfc1912.hu\/new\/2025\/10\/29\/fontos-merkozest-nyert-u14-es-csapatunk-a-rivalis-szeol-sc-ellen\/","title":{"rendered":"Fontos m\u00e9rk\u0151z\u00e9st nyert U14-es csapatunk a riv\u00e1lis SZEOL SC ellen."},"content":{"rendered":"\n<p><strong>HFC U14 &#8211; SZEOL U14 2-1 (2-0)<\/strong><\/p>\n\n\n\n<p><strong>G\u00f3lszerz\u0151k: Szab\u00f3 \u00c1kos (11.), Szemenyei (24.) ill. Alexandre Gerard (63.)<\/strong><\/p>\n\n\n\n<p>MLSZ Region\u00e1lis U14 Alap, D\u00e9lkelet csoport 7. fordul\u00f3.<\/p>\n\n\n\n<p>H\u00f3dmez\u0151v\u00e1s\u00e1rhely, H\u00f3dmez\u0151v\u00e1s\u00e1rhelyi V\u00e1rosi Stadion.<\/p>\n\n\n\n<p>2025.10.18. 15:00.<\/p>\n\n\n\n<p>vezette: Pi\u00f3ker G\u00e1bor (Hegyi, Jo\u00f3b)<\/p>\n\n\n\n<p><strong>HFC U14: <\/strong><\/p>\n\n\n\n<p>Csanki &#8211; Kov\u00e1cs K., Berei, Lakatos-T\u00f3th, Szab\u00f3 D., &#8211; Szab\u00f3 \u00c1kos, Jochim, Perei, &#8211; Ritzl, Szemenyei, G\u00e9mes<br>Csere: Orgov\u00e1ny, Forrai, Zsad\u00e1nyi, Jo\u00f3, Fekete, Bakacsi, Szab\u00f3 \u00c1d\u00e1m<\/p>\n\n\n\n<p>Edz\u0151: Bacsa Zsolt.<\/p>\n\n\n\n<p>SZEOL SC U14:<\/p>\n\n\n\n<p>Babilai &#8211; Gergely (Sz\u0171cs, 70.), Voz\u00e1r, Kiss (S\u00e1ndor, 51.), Ambrus (Fekete-Szab\u00f3, 62.), Bubrj\u00e1k-Goda, N\u00e9meth (Magos-D\u00f3ra, 46.), Brandt (Bakaity, 46.), Baranyi (Mohl, 46.), T\u00f3th-Abonyi, Alexandre Gerard.<\/p>\n\n\n\n<p>Edz\u0151: B\u00f3ka Ferenc.<br><br><strong><em>Nyilatkozat: <\/em><\/strong><em>Gratul\u00e1lok a csapatomnak, hogy ezt a fontos m\u00e9rk\u0151z\u00e9st a legf\u0151bb riv\u00e1lis ellen megnyerte. V\u00e9gig koncentr\u00e1ltan j\u00e1tszottunk. A m\u00e9rk\u0151z\u00e9st kor\u00e1bban le tudtuk volna z\u00e1rni, ha koncentr\u00e1ltabbak vagyunk a befejez\u00e9sekn\u00e9l. Szomor\u00faak csak a jogtalan ki\u00e1ll\u00edt\u00e1som, \u00e9s az emiatti eltilt\u00e1som miatt vagyunk.<\/em><\/p>\n\n\n\n<p><\/p>\n","protected":false},"excerpt":{"rendered":"<p>HFC U14 &#8211; SZEOL U14 2-1 (2-0) G\u00f3lszerz\u0151k: Szab\u00f3 \u00c1kos (11.), Szemenyei (24.) ill. Alexandre Gerard (63.) MLSZ Region\u00e1lis U14 Alap, D\u00e9lkelet csoport 7. fordul\u00f3&#8230;.<\/p>\n","protected":false},"author":4,"featured_media":8506,"comment_status":"closed","ping_status":"closed","sticky":false,"template":"","format":"standard","meta":[],"categories":[1],"tags":[73,75,76,77,72],"yoast_head":"<!-- This site is optimized with the Yoast SEO plugin v19.8 - https:\/\/yoast.com\/wordpress\/plugins\/seo\/ -->\n<title>Fontos m\u00e9rk\u0151z\u00e9st nyert U14-es csapatunk a riv\u00e1lis SZEOL SC ellen. - H\u00f3dmez\u0151v\u00e1s\u00e1rhelyi Futball Club<\/title>\n<meta name=\"robots\" content=\"index, follow, max-snippet:-1, max-image-preview:large, max-video-preview:-1\" \/>\n<link rel=\"canonical\" href=\"http:\/\/www.hfc1912.hu\/new\/2025\/10\/29\/fontos-merkozest-nyert-u14-es-csapatunk-a-rivalis-szeol-sc-ellen\/\" \/>\n<meta property=\"og:locale\" content=\"hu_HU\" \/>\n<meta property=\"og:type\" content=\"article\" \/>\n<meta property=\"og:title\" content=\"Fontos m\u00e9rk\u0151z\u00e9st nyert U14-es csapatunk a riv\u00e1lis SZEOL SC ellen. - H\u00f3dmez\u0151v\u00e1s\u00e1rhelyi Futball Club\" \/>\n<meta property=\"og:description\" content=\"HFC U14 &#8211; SZEOL U14 2-1 (2-0) G\u00f3lszerz\u0151k: Szab\u00f3 \u00c1kos (11.), Szemenyei (24.) ill. Alexandre Gerard (63.) MLSZ Region\u00e1lis U14 Alap, D\u00e9lkelet csoport 7. fordul\u00f3....\" \/>\n<meta property=\"og:url\" content=\"http:\/\/www.hfc1912.hu\/new\/2025\/10\/29\/fontos-merkozest-nyert-u14-es-csapatunk-a-rivalis-szeol-sc-ellen\/\" \/>\n<meta property=\"og:site_name\" content=\"H\u00f3dmez\u0151v\u00e1s\u00e1rhelyi Futball Club\" \/>\n<meta property=\"article:published_time\" content=\"2025-10-29T14:32:39+00:00\" \/>\n<meta property=\"article:modified_time\" content=\"2025-10-29T14:32:41+00:00\" \/>\n<meta property=\"og:image\" content=\"http:\/\/www.hfc1912.hu\/new\/wp-content\/uploads\/2025\/10\/att.3dkb6rwcme9ruqkz2sqe0i-ubwfauhkpxlrppjjfjhq-1.jpg\" \/>\n\t<meta property=\"og:image:width\" content=\"1895\" \/>\n\t<meta property=\"og:image:height\" content=\"1421\" \/>\n\t<meta property=\"og:image:type\" content=\"image\/jpeg\" \/>\n<meta name=\"author\" content=\"Fejes Loretta\" \/>\n<meta name=\"twitter:card\" content=\"summary_large_image\" \/>\n<meta name=\"twitter:label1\" content=\"Written by\" \/>\n\t<meta name=\"twitter:data1\" content=\"Fejes Loretta\" \/>\n\t<meta name=\"twitter:label2\" content=\"Est. reading time\" \/>\n\t<meta name=\"twitter:data2\" content=\"1 perc\" \/>\n<script type=\"application\/ld+json\" class=\"yoast-schema-graph\">{\"@context\":\"https:\/\/schema.org\",\"@graph\":[{\"@type\":\"Article\",\"@id\":\"http:\/\/www.hfc1912.hu\/new\/2025\/10\/29\/fontos-merkozest-nyert-u14-es-csapatunk-a-rivalis-szeol-sc-ellen\/#article\",\"isPartOf\":{\"@id\":\"http:\/\/www.hfc1912.hu\/new\/2025\/10\/29\/fontos-merkozest-nyert-u14-es-csapatunk-a-rivalis-szeol-sc-ellen\/\"},\"author\":{\"name\":\"Fejes Loretta\",\"@id\":\"http:\/\/www.hfc1912.hu\/new\/#\/schema\/person\/05b742beb40ec0a8f805c71953628e65\"},\"headline\":\"Fontos m\u00e9rk\u0151z\u00e9st nyert U14-es csapatunk a riv\u00e1lis SZEOL SC ellen.\",\"datePublished\":\"2025-10-29T14:32:39+00:00\",\"dateModified\":\"2025-10-29T14:32:41+00:00\",\"mainEntityOfPage\":{\"@id\":\"http:\/\/www.hfc1912.hu\/new\/2025\/10\/29\/fontos-merkozest-nyert-u14-es-csapatunk-a-rivalis-szeol-sc-ellen\/\"},\"wordCount\":192,\"publisher\":{\"@id\":\"http:\/\/www.hfc1912.hu\/new\/#organization\"},\"keywords\":[\"HFC U14\",\"H\u00f3dmez\u0151v\u00e1s\u00e1rhely\",\"H\u00f3dmez\u0151v\u00e1s\u00e1rhelyi FC\",\"labdar\u00fag\u00e1s\",\"U14\"],\"articleSection\":[\"H\u00edreink\"],\"inLanguage\":\"hu\"},{\"@type\":\"WebPage\",\"@id\":\"http:\/\/www.hfc1912.hu\/new\/2025\/10\/29\/fontos-merkozest-nyert-u14-es-csapatunk-a-rivalis-szeol-sc-ellen\/\",\"url\":\"http:\/\/www.hfc1912.hu\/new\/2025\/10\/29\/fontos-merkozest-nyert-u14-es-csapatunk-a-rivalis-szeol-sc-ellen\/\",\"name\":\"Fontos m\u00e9rk\u0151z\u00e9st nyert U14-es csapatunk a riv\u00e1lis SZEOL SC ellen. - H\u00f3dmez\u0151v\u00e1s\u00e1rhelyi Futball Club\",\"isPartOf\":{\"@id\":\"http:\/\/www.hfc1912.hu\/new\/#website\"},\"datePublished\":\"2025-10-29T14:32:39+00:00\",\"dateModified\":\"2025-10-29T14:32:41+00:00\",\"breadcrumb\":{\"@id\":\"http:\/\/www.hfc1912.hu\/new\/2025\/10\/29\/fontos-merkozest-nyert-u14-es-csapatunk-a-rivalis-szeol-sc-ellen\/#breadcrumb\"},\"inLanguage\":\"hu\",\"potentialAction\":[{\"@type\":\"ReadAction\",\"target\":[\"http:\/\/www.hfc1912.hu\/new\/2025\/10\/29\/fontos-merkozest-nyert-u14-es-csapatunk-a-rivalis-szeol-sc-ellen\/\"]}]},{\"@type\":\"BreadcrumbList\",\"@id\":\"http:\/\/www.hfc1912.hu\/new\/2025\/10\/29\/fontos-merkozest-nyert-u14-es-csapatunk-a-rivalis-szeol-sc-ellen\/#breadcrumb\",\"itemListElement\":[{\"@type\":\"ListItem\",\"position\":1,\"name\":\"Home\",\"item\":\"http:\/\/www.hfc1912.hu\/new\/\"},{\"@type\":\"ListItem\",\"position\":2,\"name\":\"Fontos m\u00e9rk\u0151z\u00e9st nyert U14-es csapatunk a riv\u00e1lis SZEOL SC ellen.\"}]},{\"@type\":\"WebSite\",\"@id\":\"http:\/\/www.hfc1912.hu\/new\/#website\",\"url\":\"http:\/\/www.hfc1912.hu\/new\/\",\"name\":\"H\u00f3dmez\u0151v\u00e1s\u00e1rhelyi Futball Club\",\"description\":\"H\u00f3dmez\u0151v\u00e1s\u00e1rhelyi Futball Club hivatalos honlapja\",\"publisher\":{\"@id\":\"http:\/\/www.hfc1912.hu\/new\/#organization\"},\"potentialAction\":[{\"@type\":\"SearchAction\",\"target\":{\"@type\":\"EntryPoint\",\"urlTemplate\":\"http:\/\/www.hfc1912.hu\/new\/?s={search_term_string}\"},\"query-input\":\"required name=search_term_string\"}],\"inLanguage\":\"hu\"},{\"@type\":\"Organization\",\"@id\":\"http:\/\/www.hfc1912.hu\/new\/#organization\",\"name\":\"H\u00f3dmez\u0151v\u00e1s\u00e1rhelyi Futball Club\",\"url\":\"http:\/\/www.hfc1912.hu\/new\/\",\"sameAs\":[],\"logo\":{\"@type\":\"ImageObject\",\"inLanguage\":\"hu\",\"@id\":\"http:\/\/www.hfc1912.hu\/new\/#\/schema\/logo\/image\/\",\"url\":\"http:\/\/www.hfc1912.hu\/new\/wp-content\/uploads\/2021\/12\/cropped-V\u00e9gleges_c\u00edmer_atlatszo150162.png\",\"contentUrl\":\"http:\/\/www.hfc1912.hu\/new\/wp-content\/uploads\/2021\/12\/cropped-V\u00e9gleges_c\u00edmer_atlatszo150162.png\",\"width\":150,\"height\":162,\"caption\":\"H\u00f3dmez\u0151v\u00e1s\u00e1rhelyi Futball Club\"},\"image\":{\"@id\":\"http:\/\/www.hfc1912.hu\/new\/#\/schema\/logo\/image\/\"}},{\"@type\":\"Person\",\"@id\":\"http:\/\/www.hfc1912.hu\/new\/#\/schema\/person\/05b742beb40ec0a8f805c71953628e65\",\"name\":\"Fejes Loretta\",\"image\":{\"@type\":\"ImageObject\",\"inLanguage\":\"hu\",\"@id\":\"http:\/\/www.hfc1912.hu\/new\/#\/schema\/person\/image\/\",\"url\":\"http:\/\/0.gravatar.com\/avatar\/392d3c91f023210838ae5eb949191c81?s=96&d=mm&r=g\",\"contentUrl\":\"http:\/\/0.gravatar.com\/avatar\/392d3c91f023210838ae5eb949191c81?s=96&d=mm&r=g\",\"caption\":\"Fejes Loretta\"},\"url\":\"http:\/\/www.hfc1912.hu\/new\/author\/lori\/\"}]}<\/script>\n<!-- \/ Yoast SEO plugin. -->","yoast_head_json":{"title":"Fontos m\u00e9rk\u0151z\u00e9st nyert U14-es csapatunk a riv\u00e1lis SZEOL SC ellen. - H\u00f3dmez\u0151v\u00e1s\u00e1rhelyi Futball Club","robots":{"index":"index","follow":"follow","max-snippet":"max-snippet:-1","max-image-preview":"max-image-preview:large","max-video-preview":"max-video-preview:-1"},"canonical":"http:\/\/www.hfc1912.hu\/new\/2025\/10\/29\/fontos-merkozest-nyert-u14-es-csapatunk-a-rivalis-szeol-sc-ellen\/","og_locale":"hu_HU","og_type":"article","og_title":"Fontos m\u00e9rk\u0151z\u00e9st nyert U14-es csapatunk a riv\u00e1lis SZEOL SC ellen. - H\u00f3dmez\u0151v\u00e1s\u00e1rhelyi Futball Club","og_description":"HFC U14 &#8211; SZEOL U14 2-1 (2-0) G\u00f3lszerz\u0151k: Szab\u00f3 \u00c1kos (11.), Szemenyei (24.) ill. Alexandre Gerard (63.) MLSZ Region\u00e1lis U14 Alap, D\u00e9lkelet csoport 7. fordul\u00f3....","og_url":"http:\/\/www.hfc1912.hu\/new\/2025\/10\/29\/fontos-merkozest-nyert-u14-es-csapatunk-a-rivalis-szeol-sc-ellen\/","og_site_name":"H\u00f3dmez\u0151v\u00e1s\u00e1rhelyi Futball Club","article_published_time":"2025-10-29T14:32:39+00:00","article_modified_time":"2025-10-29T14:32:41+00:00","og_image":[{"width":1895,"height":1421,"url":"http:\/\/www.hfc1912.hu\/new\/wp-content\/uploads\/2025\/10\/att.3dkb6rwcme9ruqkz2sqe0i-ubwfauhkpxlrppjjfjhq-1.jpg","type":"image\/jpeg"}],"author":"Fejes Loretta","twitter_card":"summary_large_image","twitter_misc":{"Written by":"Fejes Loretta","Est. reading time":"1 perc"},"schema":{"@context":"https:\/\/schema.org","@graph":[{"@type":"Article","@id":"http:\/\/www.hfc1912.hu\/new\/2025\/10\/29\/fontos-merkozest-nyert-u14-es-csapatunk-a-rivalis-szeol-sc-ellen\/#article","isPartOf":{"@id":"http:\/\/www.hfc1912.hu\/new\/2025\/10\/29\/fontos-merkozest-nyert-u14-es-csapatunk-a-rivalis-szeol-sc-ellen\/"},"author":{"name":"Fejes Loretta","@id":"http:\/\/www.hfc1912.hu\/new\/#\/schema\/person\/05b742beb40ec0a8f805c71953628e65"},"headline":"Fontos m\u00e9rk\u0151z\u00e9st nyert U14-es csapatunk a riv\u00e1lis SZEOL SC ellen.","datePublished":"2025-10-29T14:32:39+00:00","dateModified":"2025-10-29T14:32:41+00:00","mainEntityOfPage":{"@id":"http:\/\/www.hfc1912.hu\/new\/2025\/10\/29\/fontos-merkozest-nyert-u14-es-csapatunk-a-rivalis-szeol-sc-ellen\/"},"wordCount":192,"publisher":{"@id":"http:\/\/www.hfc1912.hu\/new\/#organization"},"keywords":["HFC U14","H\u00f3dmez\u0151v\u00e1s\u00e1rhely","H\u00f3dmez\u0151v\u00e1s\u00e1rhelyi FC","labdar\u00fag\u00e1s","U14"],"articleSection":["H\u00edreink"],"inLanguage":"hu"},{"@type":"WebPage","@id":"http:\/\/www.hfc1912.hu\/new\/2025\/10\/29\/fontos-merkozest-nyert-u14-es-csapatunk-a-rivalis-szeol-sc-ellen\/","url":"http:\/\/www.hfc1912.hu\/new\/2025\/10\/29\/fontos-merkozest-nyert-u14-es-csapatunk-a-rivalis-szeol-sc-ellen\/","name":"Fontos m\u00e9rk\u0151z\u00e9st nyert U14-es csapatunk a riv\u00e1lis SZEOL SC ellen. - H\u00f3dmez\u0151v\u00e1s\u00e1rhelyi Futball Club","isPartOf":{"@id":"http:\/\/www.hfc1912.hu\/new\/#website"},"datePublished":"2025-10-29T14:32:39+00:00","dateModified":"2025-10-29T14:32:41+00:00","breadcrumb":{"@id":"http:\/\/www.hfc1912.hu\/new\/2025\/10\/29\/fontos-merkozest-nyert-u14-es-csapatunk-a-rivalis-szeol-sc-ellen\/#breadcrumb"},"inLanguage":"hu","potentialAction":[{"@type":"ReadAction","target":["http:\/\/www.hfc1912.hu\/new\/2025\/10\/29\/fontos-merkozest-nyert-u14-es-csapatunk-a-rivalis-szeol-sc-ellen\/"]}]},{"@type":"BreadcrumbList","@id":"http:\/\/www.hfc1912.hu\/new\/2025\/10\/29\/fontos-merkozest-nyert-u14-es-csapatunk-a-rivalis-szeol-sc-ellen\/#breadcrumb","itemListElement":[{"@type":"ListItem","position":1,"name":"Home","item":"http:\/\/www.hfc1912.hu\/new\/"},{"@type":"ListItem","position":2,"name":"Fontos m\u00e9rk\u0151z\u00e9st nyert U14-es csapatunk a riv\u00e1lis SZEOL SC ellen."}]},{"@type":"WebSite","@id":"http:\/\/www.hfc1912.hu\/new\/#website","url":"http:\/\/www.hfc1912.hu\/new\/","name":"H\u00f3dmez\u0151v\u00e1s\u00e1rhelyi Futball Club","description":"H\u00f3dmez\u0151v\u00e1s\u00e1rhelyi Futball Club hivatalos honlapja","publisher":{"@id":"http:\/\/www.hfc1912.hu\/new\/#organization"},"potentialAction":[{"@type":"SearchAction","target":{"@type":"EntryPoint","urlTemplate":"http:\/\/www.hfc1912.hu\/new\/?s={search_term_string}"},"query-input":"required name=search_term_string"}],"inLanguage":"hu"},{"@type":"Organization","@id":"http:\/\/www.hfc1912.hu\/new\/#organization","name":"H\u00f3dmez\u0151v\u00e1s\u00e1rhelyi Futball Club","url":"http:\/\/www.hfc1912.hu\/new\/","sameAs":[],"logo":{"@type":"ImageObject","inLanguage":"hu","@id":"http:\/\/www.hfc1912.hu\/new\/#\/schema\/logo\/image\/","url":"http:\/\/www.hfc1912.hu\/new\/wp-content\/uploads\/2021\/12\/cropped-V\u00e9gleges_c\u00edmer_atlatszo150162.png","contentUrl":"http:\/\/www.hfc1912.hu\/new\/wp-content\/uploads\/2021\/12\/cropped-V\u00e9gleges_c\u00edmer_atlatszo150162.png","width":150,"height":162,"caption":"H\u00f3dmez\u0151v\u00e1s\u00e1rhelyi Futball Club"},"image":{"@id":"http:\/\/www.hfc1912.hu\/new\/#\/schema\/logo\/image\/"}},{"@type":"Person","@id":"http:\/\/www.hfc1912.hu\/new\/#\/schema\/person\/05b742beb40ec0a8f805c71953628e65","name":"Fejes Loretta","image":{"@type":"ImageObject","inLanguage":"hu","@id":"http:\/\/www.hfc1912.hu\/new\/#\/schema\/person\/image\/","url":"http:\/\/0.gravatar.com\/avatar\/392d3c91f023210838ae5eb949191c81?s=96&d=mm&r=g","contentUrl":"http:\/\/0.gravatar.com\/avatar\/392d3c91f023210838ae5eb949191c81?s=96&d=mm&r=g","caption":"Fejes Loretta"},"url":"http:\/\/www.hfc1912.hu\/new\/author\/lori\/"}]}},"_links":{"self":[{"href":"http:\/\/www.hfc1912.hu\/new\/wp-json\/wp\/v2\/posts\/8504"}],"collection":[{"href":"http:\/\/www.hfc1912.hu\/new\/wp-json\/wp\/v2\/posts"}],"about":[{"href":"http:\/\/www.hfc1912.hu\/new\/wp-json\/wp\/v2\/types\/post"}],"author":[{"embeddable":true,"href":"http:\/\/www.hfc1912.hu\/new\/wp-json\/wp\/v2\/users\/4"}],"replies":[{"embeddable":true,"href":"http:\/\/www.hfc1912.hu\/new\/wp-json\/wp\/v2\/comments?post=8504"}],"version-history":[{"count":3,"href":"http:\/\/www.hfc1912.hu\/new\/wp-json\/wp\/v2\/posts\/8504\/revisions"}],"predecessor-version":[{"id":8508,"href":"http:\/\/www.hfc1912.hu\/new\/wp-json\/wp\/v2\/posts\/8504\/revisions\/8508"}],"wp:featuredmedia":[{"embeddable":true,"href":"http:\/\/www.hfc1912.hu\/new\/wp-json\/wp\/v2\/media\/8506"}],"wp:attachment":[{"href":"http:\/\/www.hfc1912.hu\/new\/wp-json\/wp\/v2\/media?parent=8504"}],"wp:term":[{"taxonomy":"category","embeddable":true,"href":"http:\/\/www.hfc1912.hu\/new\/wp-json\/wp\/v2\/categories?post=8504"},{"taxonomy":"post_tag","embeddable":true,"href":"http:\/\/www.hfc1912.hu\/new\/wp-json\/wp\/v2\/tags?post=8504"}],"curies":[{"name":"wp","href":"https:\/\/api.w.org\/{rel}","templated":true}]}}