{"id":8578,"date":"2026-01-21T22:30:17","date_gmt":"2026-01-21T21:30:17","guid":{"rendered":"http:\/\/www.hfc1912.hu\/new\/?p=8578"},"modified":"2026-01-21T22:30:17","modified_gmt":"2026-01-21T21:30:17","slug":"az-nb-ii-es-bekescsaba-otthonaban-gyakorolt-nb-iii-as-csapatunk","status":"publish","type":"post","link":"http:\/\/www.hfc1912.hu\/new\/2026\/01\/21\/az-nb-ii-es-bekescsaba-otthonaban-gyakorolt-nb-iii-as-csapatunk\/","title":{"rendered":"Az NB II-es B\u00e9k\u00e9scsaba otthon\u00e1ban gyakorolt NB III-as csapatunk."},"content":{"rendered":"\n<p class=\"p1\">Lej\u00e1tszotta els\u0151 felk\u00e9sz\u00fcl\u00e9si m\u00e9rk\u0151z\u00e9s\u00e9t NB III-as csapatunk egy m\u00e1sodoszt\u00e1ly\u00fa ellenf\u00e9llel szemben, amely m\u00e1r j\u00f6v\u0151 h\u00e9tv\u00e9g\u00e9n megkezdi bajnoki szerepl\u00e9s\u00e9t.<\/p>\n\n\n\n<p class=\"p1\">A tal\u00e1lkoz\u00f3n 8 saj\u00e1t nevel\u00e9s\u0171, v\u00e1s\u00e1rhelyi j\u00e1t\u00e9kos kapott lehet\u0151s\u00e9get, \u00e9s ennek megfelel\u0151en t\u00f6bben bizony\u00edtottak is a p\u00e1ly\u00e1n. \u00d6r\u00f6mteli, hogy s\u00e9r\u00fcltjeink egy r\u00e9sze is visszat\u00e9rt, \u00e9s p\u00e1ly\u00e1ra l\u00e9pett a m\u00e9rk\u0151z\u00e9sen!<\/p>\n\n\n\n<p class=\"p1\">B\u00e9k\u00e9scsaba 1912 El\u0151re &#8211; HFC 7-0 (3-0).<\/p>\n\n\n\n<p class=\"p1\">G\u00f3lszerz\u0151k: Borsos Filip (3x), Daru Bence (3x), S\u00e1rm\u00e1ny Krist\u00f3f (1x).<\/p>\n\n\n\n<p class=\"p1\"><strong>HFC:<\/strong><\/p>\n\n\n\n<p class=\"p1\">Somogyi &#8211; Guth, Moln\u00e1r, Herczeg, Zana, T\u00f6r\u00f6k, Hajnal, Kov\u00e1cs, Marsa, Gr\u00e9czi, Sipos.<\/p>\n\n\n\n<p class=\"p1\"><strong>Csere: <\/strong>K\u00e1lovits, S\u00e1gi, Hajduk, R\u00e9b\u00e9k, Heged\u0171s, Ol\u00e1h, T\u00f3th, Turcsik, Sallai, Kocsis.<\/p>\n\n\n\n<p class=\"p1\">Csapatunk dolgozik tov\u00e1bb, a bajnoki rajtig m\u00e9g sok munka v\u00e1r a g\u00e1rd\u00e1ra!<\/p>\n\n\n\n<p class=\"p1\">Szombaton \u00fajabb edz\u0151m\u00e9rk\u0151z\u00e9s k\u00f6vetkezik, ez\u00fattal a Mak\u00f3 FC vend\u00e9gek\u00e9nt l\u00e9p p\u00e1ly\u00e1ra NB III-as egy\u00fcttes\u00fcnk.&nbsp;<\/p>\n\n\n\n<p>Fot\u00f3: Arch\u00edv.<\/p>\n","protected":false},"excerpt":{"rendered":"<p>Lej\u00e1tszotta els\u0151 felk\u00e9sz\u00fcl\u00e9si m\u00e9rk\u0151z\u00e9s\u00e9t NB III-as csapatunk egy m\u00e1sodoszt\u00e1ly\u00fa ellenf\u00e9llel szemben, amely m\u00e1r j\u00f6v\u0151 h\u00e9tv\u00e9g\u00e9n megkezdi bajnoki szerepl\u00e9s\u00e9t. A tal\u00e1lkoz\u00f3n 8 saj\u00e1t nevel\u00e9s\u0171, v\u00e1s\u00e1rhelyi j\u00e1t\u00e9kos&#8230;<\/p>\n","protected":false},"author":4,"featured_media":8577,"comment_status":"closed","ping_status":"closed","sticky":false,"template":"","format":"standard","meta":[],"categories":[1],"tags":[78,65,75,76,77,64],"yoast_head":"<!-- This site is optimized with the Yoast SEO plugin v19.8 - https:\/\/yoast.com\/wordpress\/plugins\/seo\/ -->\n<title>Az NB II-es B\u00e9k\u00e9scsaba otthon\u00e1ban gyakorolt NB III-as csapatunk. - H\u00f3dmez\u0151v\u00e1s\u00e1rhelyi Futball Club<\/title>\n<meta name=\"robots\" content=\"index, follow, max-snippet:-1, max-image-preview:large, max-video-preview:-1\" \/>\n<link rel=\"canonical\" href=\"http:\/\/www.hfc1912.hu\/new\/2026\/01\/21\/az-nb-ii-es-bekescsaba-otthonaban-gyakorolt-nb-iii-as-csapatunk\/\" \/>\n<meta property=\"og:locale\" content=\"hu_HU\" \/>\n<meta property=\"og:type\" content=\"article\" \/>\n<meta property=\"og:title\" content=\"Az NB II-es B\u00e9k\u00e9scsaba otthon\u00e1ban gyakorolt NB III-as csapatunk. - H\u00f3dmez\u0151v\u00e1s\u00e1rhelyi Futball Club\" \/>\n<meta property=\"og:description\" content=\"Lej\u00e1tszotta els\u0151 felk\u00e9sz\u00fcl\u00e9si m\u00e9rk\u0151z\u00e9s\u00e9t NB III-as csapatunk egy m\u00e1sodoszt\u00e1ly\u00fa ellenf\u00e9llel szemben, amely m\u00e1r j\u00f6v\u0151 h\u00e9tv\u00e9g\u00e9n megkezdi bajnoki szerepl\u00e9s\u00e9t. A tal\u00e1lkoz\u00f3n 8 saj\u00e1t nevel\u00e9s\u0171, v\u00e1s\u00e1rhelyi j\u00e1t\u00e9kos...\" \/>\n<meta property=\"og:url\" content=\"http:\/\/www.hfc1912.hu\/new\/2026\/01\/21\/az-nb-ii-es-bekescsaba-otthonaban-gyakorolt-nb-iii-as-csapatunk\/\" \/>\n<meta property=\"og:site_name\" content=\"H\u00f3dmez\u0151v\u00e1s\u00e1rhelyi Futball Club\" \/>\n<meta property=\"article:published_time\" content=\"2026-01-21T21:30:17+00:00\" \/>\n<meta property=\"og:image\" content=\"http:\/\/www.hfc1912.hu\/new\/wp-content\/uploads\/2026\/01\/dsc_0881.jpg\" \/>\n\t<meta property=\"og:image:width\" content=\"2000\" \/>\n\t<meta property=\"og:image:height\" content=\"1330\" \/>\n\t<meta property=\"og:image:type\" content=\"image\/jpeg\" \/>\n<meta name=\"author\" content=\"Fejes Loretta\" \/>\n<meta name=\"twitter:card\" content=\"summary_large_image\" \/>\n<meta name=\"twitter:label1\" content=\"Written by\" \/>\n\t<meta name=\"twitter:data1\" content=\"Fejes Loretta\" \/>\n\t<meta name=\"twitter:label2\" content=\"Est. reading time\" \/>\n\t<meta name=\"twitter:data2\" content=\"1 perc\" \/>\n<script type=\"application\/ld+json\" class=\"yoast-schema-graph\">{\"@context\":\"https:\/\/schema.org\",\"@graph\":[{\"@type\":\"Article\",\"@id\":\"http:\/\/www.hfc1912.hu\/new\/2026\/01\/21\/az-nb-ii-es-bekescsaba-otthonaban-gyakorolt-nb-iii-as-csapatunk\/#article\",\"isPartOf\":{\"@id\":\"http:\/\/www.hfc1912.hu\/new\/2026\/01\/21\/az-nb-ii-es-bekescsaba-otthonaban-gyakorolt-nb-iii-as-csapatunk\/\"},\"author\":{\"name\":\"Fejes Loretta\",\"@id\":\"http:\/\/www.hfc1912.hu\/new\/#\/schema\/person\/05b742beb40ec0a8f805c71953628e65\"},\"headline\":\"Az NB II-es B\u00e9k\u00e9scsaba otthon\u00e1ban gyakorolt NB III-as csapatunk.\",\"datePublished\":\"2026-01-21T21:30:17+00:00\",\"dateModified\":\"2026-01-21T21:30:17+00:00\",\"mainEntityOfPage\":{\"@id\":\"http:\/\/www.hfc1912.hu\/new\/2026\/01\/21\/az-nb-ii-es-bekescsaba-otthonaban-gyakorolt-nb-iii-as-csapatunk\/\"},\"wordCount\":210,\"publisher\":{\"@id\":\"http:\/\/www.hfc1912.hu\/new\/#organization\"},\"keywords\":[\"felk\u00e9sz\u00fcl\u00e9s\",\"HFC\",\"H\u00f3dmez\u0151v\u00e1s\u00e1rhely\",\"H\u00f3dmez\u0151v\u00e1s\u00e1rhelyi FC\",\"labdar\u00fag\u00e1s\",\"NB III.\"],\"articleSection\":[\"H\u00edreink\"],\"inLanguage\":\"hu\"},{\"@type\":\"WebPage\",\"@id\":\"http:\/\/www.hfc1912.hu\/new\/2026\/01\/21\/az-nb-ii-es-bekescsaba-otthonaban-gyakorolt-nb-iii-as-csapatunk\/\",\"url\":\"http:\/\/www.hfc1912.hu\/new\/2026\/01\/21\/az-nb-ii-es-bekescsaba-otthonaban-gyakorolt-nb-iii-as-csapatunk\/\",\"name\":\"Az NB II-es B\u00e9k\u00e9scsaba otthon\u00e1ban gyakorolt NB III-as csapatunk. - H\u00f3dmez\u0151v\u00e1s\u00e1rhelyi Futball Club\",\"isPartOf\":{\"@id\":\"http:\/\/www.hfc1912.hu\/new\/#website\"},\"datePublished\":\"2026-01-21T21:30:17+00:00\",\"dateModified\":\"2026-01-21T21:30:17+00:00\",\"breadcrumb\":{\"@id\":\"http:\/\/www.hfc1912.hu\/new\/2026\/01\/21\/az-nb-ii-es-bekescsaba-otthonaban-gyakorolt-nb-iii-as-csapatunk\/#breadcrumb\"},\"inLanguage\":\"hu\",\"potentialAction\":[{\"@type\":\"ReadAction\",\"target\":[\"http:\/\/www.hfc1912.hu\/new\/2026\/01\/21\/az-nb-ii-es-bekescsaba-otthonaban-gyakorolt-nb-iii-as-csapatunk\/\"]}]},{\"@type\":\"BreadcrumbList\",\"@id\":\"http:\/\/www.hfc1912.hu\/new\/2026\/01\/21\/az-nb-ii-es-bekescsaba-otthonaban-gyakorolt-nb-iii-as-csapatunk\/#breadcrumb\",\"itemListElement\":[{\"@type\":\"ListItem\",\"position\":1,\"name\":\"Home\",\"item\":\"http:\/\/www.hfc1912.hu\/new\/\"},{\"@type\":\"ListItem\",\"position\":2,\"name\":\"Az NB II-es B\u00e9k\u00e9scsaba otthon\u00e1ban gyakorolt NB III-as csapatunk.\"}]},{\"@type\":\"WebSite\",\"@id\":\"http:\/\/www.hfc1912.hu\/new\/#website\",\"url\":\"http:\/\/www.hfc1912.hu\/new\/\",\"name\":\"H\u00f3dmez\u0151v\u00e1s\u00e1rhelyi Futball Club\",\"description\":\"H\u00f3dmez\u0151v\u00e1s\u00e1rhelyi Futball Club hivatalos honlapja\",\"publisher\":{\"@id\":\"http:\/\/www.hfc1912.hu\/new\/#organization\"},\"potentialAction\":[{\"@type\":\"SearchAction\",\"target\":{\"@type\":\"EntryPoint\",\"urlTemplate\":\"http:\/\/www.hfc1912.hu\/new\/?s={search_term_string}\"},\"query-input\":\"required name=search_term_string\"}],\"inLanguage\":\"hu\"},{\"@type\":\"Organization\",\"@id\":\"http:\/\/www.hfc1912.hu\/new\/#organization\",\"name\":\"H\u00f3dmez\u0151v\u00e1s\u00e1rhelyi Futball Club\",\"url\":\"http:\/\/www.hfc1912.hu\/new\/\",\"sameAs\":[],\"logo\":{\"@type\":\"ImageObject\",\"inLanguage\":\"hu\",\"@id\":\"http:\/\/www.hfc1912.hu\/new\/#\/schema\/logo\/image\/\",\"url\":\"http:\/\/www.hfc1912.hu\/new\/wp-content\/uploads\/2021\/12\/cropped-V\u00e9gleges_c\u00edmer_atlatszo150162.png\",\"contentUrl\":\"http:\/\/www.hfc1912.hu\/new\/wp-content\/uploads\/2021\/12\/cropped-V\u00e9gleges_c\u00edmer_atlatszo150162.png\",\"width\":150,\"height\":162,\"caption\":\"H\u00f3dmez\u0151v\u00e1s\u00e1rhelyi Futball Club\"},\"image\":{\"@id\":\"http:\/\/www.hfc1912.hu\/new\/#\/schema\/logo\/image\/\"}},{\"@type\":\"Person\",\"@id\":\"http:\/\/www.hfc1912.hu\/new\/#\/schema\/person\/05b742beb40ec0a8f805c71953628e65\",\"name\":\"Fejes Loretta\",\"image\":{\"@type\":\"ImageObject\",\"inLanguage\":\"hu\",\"@id\":\"http:\/\/www.hfc1912.hu\/new\/#\/schema\/person\/image\/\",\"url\":\"http:\/\/0.gravatar.com\/avatar\/392d3c91f023210838ae5eb949191c81?s=96&d=mm&r=g\",\"contentUrl\":\"http:\/\/0.gravatar.com\/avatar\/392d3c91f023210838ae5eb949191c81?s=96&d=mm&r=g\",\"caption\":\"Fejes Loretta\"},\"url\":\"http:\/\/www.hfc1912.hu\/new\/author\/lori\/\"}]}<\/script>\n<!-- \/ Yoast SEO plugin. -->","yoast_head_json":{"title":"Az NB II-es B\u00e9k\u00e9scsaba otthon\u00e1ban gyakorolt NB III-as csapatunk. - H\u00f3dmez\u0151v\u00e1s\u00e1rhelyi Futball Club","robots":{"index":"index","follow":"follow","max-snippet":"max-snippet:-1","max-image-preview":"max-image-preview:large","max-video-preview":"max-video-preview:-1"},"canonical":"http:\/\/www.hfc1912.hu\/new\/2026\/01\/21\/az-nb-ii-es-bekescsaba-otthonaban-gyakorolt-nb-iii-as-csapatunk\/","og_locale":"hu_HU","og_type":"article","og_title":"Az NB II-es B\u00e9k\u00e9scsaba otthon\u00e1ban gyakorolt NB III-as csapatunk. - H\u00f3dmez\u0151v\u00e1s\u00e1rhelyi Futball Club","og_description":"Lej\u00e1tszotta els\u0151 felk\u00e9sz\u00fcl\u00e9si m\u00e9rk\u0151z\u00e9s\u00e9t NB III-as csapatunk egy m\u00e1sodoszt\u00e1ly\u00fa ellenf\u00e9llel szemben, amely m\u00e1r j\u00f6v\u0151 h\u00e9tv\u00e9g\u00e9n megkezdi bajnoki szerepl\u00e9s\u00e9t. A tal\u00e1lkoz\u00f3n 8 saj\u00e1t nevel\u00e9s\u0171, v\u00e1s\u00e1rhelyi j\u00e1t\u00e9kos...","og_url":"http:\/\/www.hfc1912.hu\/new\/2026\/01\/21\/az-nb-ii-es-bekescsaba-otthonaban-gyakorolt-nb-iii-as-csapatunk\/","og_site_name":"H\u00f3dmez\u0151v\u00e1s\u00e1rhelyi Futball Club","article_published_time":"2026-01-21T21:30:17+00:00","og_image":[{"width":2000,"height":1330,"url":"http:\/\/www.hfc1912.hu\/new\/wp-content\/uploads\/2026\/01\/dsc_0881.jpg","type":"image\/jpeg"}],"author":"Fejes Loretta","twitter_card":"summary_large_image","twitter_misc":{"Written by":"Fejes Loretta","Est. reading time":"1 perc"},"schema":{"@context":"https:\/\/schema.org","@graph":[{"@type":"Article","@id":"http:\/\/www.hfc1912.hu\/new\/2026\/01\/21\/az-nb-ii-es-bekescsaba-otthonaban-gyakorolt-nb-iii-as-csapatunk\/#article","isPartOf":{"@id":"http:\/\/www.hfc1912.hu\/new\/2026\/01\/21\/az-nb-ii-es-bekescsaba-otthonaban-gyakorolt-nb-iii-as-csapatunk\/"},"author":{"name":"Fejes Loretta","@id":"http:\/\/www.hfc1912.hu\/new\/#\/schema\/person\/05b742beb40ec0a8f805c71953628e65"},"headline":"Az NB II-es B\u00e9k\u00e9scsaba otthon\u00e1ban gyakorolt NB III-as csapatunk.","datePublished":"2026-01-21T21:30:17+00:00","dateModified":"2026-01-21T21:30:17+00:00","mainEntityOfPage":{"@id":"http:\/\/www.hfc1912.hu\/new\/2026\/01\/21\/az-nb-ii-es-bekescsaba-otthonaban-gyakorolt-nb-iii-as-csapatunk\/"},"wordCount":210,"publisher":{"@id":"http:\/\/www.hfc1912.hu\/new\/#organization"},"keywords":["felk\u00e9sz\u00fcl\u00e9s","HFC","H\u00f3dmez\u0151v\u00e1s\u00e1rhely","H\u00f3dmez\u0151v\u00e1s\u00e1rhelyi FC","labdar\u00fag\u00e1s","NB III."],"articleSection":["H\u00edreink"],"inLanguage":"hu"},{"@type":"WebPage","@id":"http:\/\/www.hfc1912.hu\/new\/2026\/01\/21\/az-nb-ii-es-bekescsaba-otthonaban-gyakorolt-nb-iii-as-csapatunk\/","url":"http:\/\/www.hfc1912.hu\/new\/2026\/01\/21\/az-nb-ii-es-bekescsaba-otthonaban-gyakorolt-nb-iii-as-csapatunk\/","name":"Az NB II-es B\u00e9k\u00e9scsaba otthon\u00e1ban gyakorolt NB III-as csapatunk. - H\u00f3dmez\u0151v\u00e1s\u00e1rhelyi Futball Club","isPartOf":{"@id":"http:\/\/www.hfc1912.hu\/new\/#website"},"datePublished":"2026-01-21T21:30:17+00:00","dateModified":"2026-01-21T21:30:17+00:00","breadcrumb":{"@id":"http:\/\/www.hfc1912.hu\/new\/2026\/01\/21\/az-nb-ii-es-bekescsaba-otthonaban-gyakorolt-nb-iii-as-csapatunk\/#breadcrumb"},"inLanguage":"hu","potentialAction":[{"@type":"ReadAction","target":["http:\/\/www.hfc1912.hu\/new\/2026\/01\/21\/az-nb-ii-es-bekescsaba-otthonaban-gyakorolt-nb-iii-as-csapatunk\/"]}]},{"@type":"BreadcrumbList","@id":"http:\/\/www.hfc1912.hu\/new\/2026\/01\/21\/az-nb-ii-es-bekescsaba-otthonaban-gyakorolt-nb-iii-as-csapatunk\/#breadcrumb","itemListElement":[{"@type":"ListItem","position":1,"name":"Home","item":"http:\/\/www.hfc1912.hu\/new\/"},{"@type":"ListItem","position":2,"name":"Az NB II-es B\u00e9k\u00e9scsaba otthon\u00e1ban gyakorolt NB III-as csapatunk."}]},{"@type":"WebSite","@id":"http:\/\/www.hfc1912.hu\/new\/#website","url":"http:\/\/www.hfc1912.hu\/new\/","name":"H\u00f3dmez\u0151v\u00e1s\u00e1rhelyi Futball Club","description":"H\u00f3dmez\u0151v\u00e1s\u00e1rhelyi Futball Club hivatalos honlapja","publisher":{"@id":"http:\/\/www.hfc1912.hu\/new\/#organization"},"potentialAction":[{"@type":"SearchAction","target":{"@type":"EntryPoint","urlTemplate":"http:\/\/www.hfc1912.hu\/new\/?s={search_term_string}"},"query-input":"required name=search_term_string"}],"inLanguage":"hu"},{"@type":"Organization","@id":"http:\/\/www.hfc1912.hu\/new\/#organization","name":"H\u00f3dmez\u0151v\u00e1s\u00e1rhelyi Futball Club","url":"http:\/\/www.hfc1912.hu\/new\/","sameAs":[],"logo":{"@type":"ImageObject","inLanguage":"hu","@id":"http:\/\/www.hfc1912.hu\/new\/#\/schema\/logo\/image\/","url":"http:\/\/www.hfc1912.hu\/new\/wp-content\/uploads\/2021\/12\/cropped-V\u00e9gleges_c\u00edmer_atlatszo150162.png","contentUrl":"http:\/\/www.hfc1912.hu\/new\/wp-content\/uploads\/2021\/12\/cropped-V\u00e9gleges_c\u00edmer_atlatszo150162.png","width":150,"height":162,"caption":"H\u00f3dmez\u0151v\u00e1s\u00e1rhelyi Futball Club"},"image":{"@id":"http:\/\/www.hfc1912.hu\/new\/#\/schema\/logo\/image\/"}},{"@type":"Person","@id":"http:\/\/www.hfc1912.hu\/new\/#\/schema\/person\/05b742beb40ec0a8f805c71953628e65","name":"Fejes Loretta","image":{"@type":"ImageObject","inLanguage":"hu","@id":"http:\/\/www.hfc1912.hu\/new\/#\/schema\/person\/image\/","url":"http:\/\/0.gravatar.com\/avatar\/392d3c91f023210838ae5eb949191c81?s=96&d=mm&r=g","contentUrl":"http:\/\/0.gravatar.com\/avatar\/392d3c91f023210838ae5eb949191c81?s=96&d=mm&r=g","caption":"Fejes Loretta"},"url":"http:\/\/www.hfc1912.hu\/new\/author\/lori\/"}]}},"_links":{"self":[{"href":"http:\/\/www.hfc1912.hu\/new\/wp-json\/wp\/v2\/posts\/8578"}],"collection":[{"href":"http:\/\/www.hfc1912.hu\/new\/wp-json\/wp\/v2\/posts"}],"about":[{"href":"http:\/\/www.hfc1912.hu\/new\/wp-json\/wp\/v2\/types\/post"}],"author":[{"embeddable":true,"href":"http:\/\/www.hfc1912.hu\/new\/wp-json\/wp\/v2\/users\/4"}],"replies":[{"embeddable":true,"href":"http:\/\/www.hfc1912.hu\/new\/wp-json\/wp\/v2\/comments?post=8578"}],"version-history":[{"count":1,"href":"http:\/\/www.hfc1912.hu\/new\/wp-json\/wp\/v2\/posts\/8578\/revisions"}],"predecessor-version":[{"id":8579,"href":"http:\/\/www.hfc1912.hu\/new\/wp-json\/wp\/v2\/posts\/8578\/revisions\/8579"}],"wp:featuredmedia":[{"embeddable":true,"href":"http:\/\/www.hfc1912.hu\/new\/wp-json\/wp\/v2\/media\/8577"}],"wp:attachment":[{"href":"http:\/\/www.hfc1912.hu\/new\/wp-json\/wp\/v2\/media?parent=8578"}],"wp:term":[{"taxonomy":"category","embeddable":true,"href":"http:\/\/www.hfc1912.hu\/new\/wp-json\/wp\/v2\/categories?post=8578"},{"taxonomy":"post_tag","embeddable":true,"href":"http:\/\/www.hfc1912.hu\/new\/wp-json\/wp\/v2\/tags?post=8578"}],"curies":[{"name":"wp","href":"https:\/\/api.w.org\/{rel}","templated":true}]}}