{"id":8594,"date":"2026-01-25T08:41:00","date_gmt":"2026-01-25T07:41:00","guid":{"rendered":"http:\/\/www.hfc1912.hu\/new\/?p=8594"},"modified":"2026-01-28T20:42:19","modified_gmt":"2026-01-28T19:42:19","slug":"gyozelemmel-zarta-nb-iii-as-csapatunk-a-mai-felkeszulesi-merkozest-makon","status":"publish","type":"post","link":"http:\/\/www.hfc1912.hu\/new\/2026\/01\/25\/gyozelemmel-zarta-nb-iii-as-csapatunk-a-mai-felkeszulesi-merkozest-makon\/","title":{"rendered":"Gy\u0151zelemmel z\u00e1rta NB III-as csapatunk a mai felk\u00e9sz\u00fcl\u00e9si m\u00e9rk\u0151z\u00e9st Mak\u00f3n."},"content":{"rendered":"\n<p>A tal\u00e1lkoz\u00f3 j\u00f3 iram\u00fa, v\u00e1ltozatos j\u00e1t\u00e9kot hozott, t\u00f6bb sz\u00e9p t\u00e1mad\u00e1ssal \u00e9s biztat\u00f3 egy\u00e9ni teljes\u00edtm\u00e9nnyel. A vezet\u00e9st Hajnal Gergely szerezte meg, miut\u00e1n higgadtan elh\u00fazta a labd\u00e1t a kapus mellett. Nem sokkal k\u00e9s\u0151bb Nagy Roland is betal\u00e1lt, azonban a hazaiak m\u00e9g a sz\u00fcnet el\u0151tt kiegyenl\u00edtettek, \u00edgy 2\u20132-es \u00e1ll\u00e1ssal vonultak f\u00e9lid\u0151re a csapatok.<br>A m\u00e1sodik j\u00e1t\u00e9kr\u00e9szben t\u00f6bb fiatal j\u00e1t\u00e9kos is lehet\u0151s\u00e9get kapott. V\u00e9g\u00fcl a gy\u0151ztes g\u00f3lt a m\u00e9rk\u0151z\u00e9s hajr\u00e1j\u00e1ban Kov\u00e1cs Kolos szerezte.<\/p>\n\n\n\n<p>Mak\u00f3 FC \u2013 HFC 2\u20133 (2\u20132).<br>G\u00f3lszerz\u0151k: Hajnal, Nagy, Kov\u00e1cs ill. Isaszegi, Vas<\/p>\n\n\n\n<p>HFC:<br \/>K\u00e1lovits \u2013 Guth, Moln\u00e1r, Zana, Hajduk, R\u00e9b\u00e9k, Nagy R., Marsa, Sipos, Gr\u00e9czi, Hajnal.<br \/>Csere: Somogyi, S\u00e1gi, T\u00f6r\u00f6k, Kocsis, Turcsik, Kov\u00e1cs, Heged\u0171s, T\u00f3th, Di Mundo, Sallai.<br \/>Edz\u0151: Sz\u0171cs R\u00f3bert.<\/p>\n\n\n\n<p>Folytat\u00e1s szerd\u00e1n, amikor NB III-as g\u00e1rd\u00e1nk a S\u00e1ndorfalva vend\u00e9ge lesz.<\/p>\n","protected":false},"excerpt":{"rendered":"<p>A tal\u00e1lkoz\u00f3 j\u00f3 iram\u00fa, v\u00e1ltozatos j\u00e1t\u00e9kot hozott, t\u00f6bb sz\u00e9p t\u00e1mad\u00e1ssal \u00e9s biztat\u00f3 egy\u00e9ni teljes\u00edtm\u00e9nnyel. A vezet\u00e9st Hajnal Gergely szerezte meg, miut\u00e1n higgadtan elh\u00fazta a labd\u00e1t&#8230;<\/p>\n","protected":false},"author":4,"featured_media":8593,"comment_status":"closed","ping_status":"closed","sticky":false,"template":"","format":"standard","meta":[],"categories":[1],"tags":[78,65,75,76,77,64],"yoast_head":"<!-- This site is optimized with the Yoast SEO plugin v19.8 - https:\/\/yoast.com\/wordpress\/plugins\/seo\/ -->\n<title>Gy\u0151zelemmel z\u00e1rta NB III-as csapatunk a mai felk\u00e9sz\u00fcl\u00e9si m\u00e9rk\u0151z\u00e9st Mak\u00f3n. - H\u00f3dmez\u0151v\u00e1s\u00e1rhelyi Futball Club<\/title>\n<meta name=\"robots\" content=\"index, follow, max-snippet:-1, max-image-preview:large, max-video-preview:-1\" \/>\n<link rel=\"canonical\" href=\"http:\/\/www.hfc1912.hu\/new\/2026\/01\/25\/gyozelemmel-zarta-nb-iii-as-csapatunk-a-mai-felkeszulesi-merkozest-makon\/\" \/>\n<meta property=\"og:locale\" content=\"hu_HU\" \/>\n<meta property=\"og:type\" content=\"article\" \/>\n<meta property=\"og:title\" content=\"Gy\u0151zelemmel z\u00e1rta NB III-as csapatunk a mai felk\u00e9sz\u00fcl\u00e9si m\u00e9rk\u0151z\u00e9st Mak\u00f3n. - H\u00f3dmez\u0151v\u00e1s\u00e1rhelyi Futball Club\" \/>\n<meta property=\"og:description\" content=\"A tal\u00e1lkoz\u00f3 j\u00f3 iram\u00fa, v\u00e1ltozatos j\u00e1t\u00e9kot hozott, t\u00f6bb sz\u00e9p t\u00e1mad\u00e1ssal \u00e9s biztat\u00f3 egy\u00e9ni teljes\u00edtm\u00e9nnyel. A vezet\u00e9st Hajnal Gergely szerezte meg, miut\u00e1n higgadtan elh\u00fazta a labd\u00e1t...\" \/>\n<meta property=\"og:url\" content=\"http:\/\/www.hfc1912.hu\/new\/2026\/01\/25\/gyozelemmel-zarta-nb-iii-as-csapatunk-a-mai-felkeszulesi-merkozest-makon\/\" \/>\n<meta property=\"og:site_name\" content=\"H\u00f3dmez\u0151v\u00e1s\u00e1rhelyi Futball Club\" \/>\n<meta property=\"article:published_time\" content=\"2026-01-25T07:41:00+00:00\" \/>\n<meta property=\"article:modified_time\" content=\"2026-01-28T19:42:19+00:00\" \/>\n<meta property=\"og:image\" content=\"http:\/\/www.hfc1912.hu\/new\/wp-content\/uploads\/2026\/01\/dsc_0820.jpg\" \/>\n\t<meta property=\"og:image:width\" content=\"2000\" \/>\n\t<meta property=\"og:image:height\" content=\"1330\" \/>\n\t<meta property=\"og:image:type\" content=\"image\/jpeg\" \/>\n<meta name=\"author\" content=\"Fejes Loretta\" \/>\n<meta name=\"twitter:card\" content=\"summary_large_image\" \/>\n<meta name=\"twitter:label1\" content=\"Written by\" \/>\n\t<meta name=\"twitter:data1\" content=\"Fejes Loretta\" \/>\n\t<meta name=\"twitter:label2\" content=\"Est. reading time\" \/>\n\t<meta name=\"twitter:data2\" content=\"1 perc\" \/>\n<script type=\"application\/ld+json\" class=\"yoast-schema-graph\">{\"@context\":\"https:\/\/schema.org\",\"@graph\":[{\"@type\":\"Article\",\"@id\":\"http:\/\/www.hfc1912.hu\/new\/2026\/01\/25\/gyozelemmel-zarta-nb-iii-as-csapatunk-a-mai-felkeszulesi-merkozest-makon\/#article\",\"isPartOf\":{\"@id\":\"http:\/\/www.hfc1912.hu\/new\/2026\/01\/25\/gyozelemmel-zarta-nb-iii-as-csapatunk-a-mai-felkeszulesi-merkozest-makon\/\"},\"author\":{\"name\":\"Fejes Loretta\",\"@id\":\"http:\/\/www.hfc1912.hu\/new\/#\/schema\/person\/05b742beb40ec0a8f805c71953628e65\"},\"headline\":\"Gy\u0151zelemmel z\u00e1rta NB III-as csapatunk a mai felk\u00e9sz\u00fcl\u00e9si m\u00e9rk\u0151z\u00e9st Mak\u00f3n.\",\"datePublished\":\"2026-01-25T07:41:00+00:00\",\"dateModified\":\"2026-01-28T19:42:19+00:00\",\"mainEntityOfPage\":{\"@id\":\"http:\/\/www.hfc1912.hu\/new\/2026\/01\/25\/gyozelemmel-zarta-nb-iii-as-csapatunk-a-mai-felkeszulesi-merkozest-makon\/\"},\"wordCount\":202,\"publisher\":{\"@id\":\"http:\/\/www.hfc1912.hu\/new\/#organization\"},\"keywords\":[\"felk\u00e9sz\u00fcl\u00e9s\",\"HFC\",\"H\u00f3dmez\u0151v\u00e1s\u00e1rhely\",\"H\u00f3dmez\u0151v\u00e1s\u00e1rhelyi FC\",\"labdar\u00fag\u00e1s\",\"NB III.\"],\"articleSection\":[\"H\u00edreink\"],\"inLanguage\":\"hu\"},{\"@type\":\"WebPage\",\"@id\":\"http:\/\/www.hfc1912.hu\/new\/2026\/01\/25\/gyozelemmel-zarta-nb-iii-as-csapatunk-a-mai-felkeszulesi-merkozest-makon\/\",\"url\":\"http:\/\/www.hfc1912.hu\/new\/2026\/01\/25\/gyozelemmel-zarta-nb-iii-as-csapatunk-a-mai-felkeszulesi-merkozest-makon\/\",\"name\":\"Gy\u0151zelemmel z\u00e1rta NB III-as csapatunk a mai felk\u00e9sz\u00fcl\u00e9si m\u00e9rk\u0151z\u00e9st Mak\u00f3n. - H\u00f3dmez\u0151v\u00e1s\u00e1rhelyi Futball Club\",\"isPartOf\":{\"@id\":\"http:\/\/www.hfc1912.hu\/new\/#website\"},\"datePublished\":\"2026-01-25T07:41:00+00:00\",\"dateModified\":\"2026-01-28T19:42:19+00:00\",\"breadcrumb\":{\"@id\":\"http:\/\/www.hfc1912.hu\/new\/2026\/01\/25\/gyozelemmel-zarta-nb-iii-as-csapatunk-a-mai-felkeszulesi-merkozest-makon\/#breadcrumb\"},\"inLanguage\":\"hu\",\"potentialAction\":[{\"@type\":\"ReadAction\",\"target\":[\"http:\/\/www.hfc1912.hu\/new\/2026\/01\/25\/gyozelemmel-zarta-nb-iii-as-csapatunk-a-mai-felkeszulesi-merkozest-makon\/\"]}]},{\"@type\":\"BreadcrumbList\",\"@id\":\"http:\/\/www.hfc1912.hu\/new\/2026\/01\/25\/gyozelemmel-zarta-nb-iii-as-csapatunk-a-mai-felkeszulesi-merkozest-makon\/#breadcrumb\",\"itemListElement\":[{\"@type\":\"ListItem\",\"position\":1,\"name\":\"Home\",\"item\":\"http:\/\/www.hfc1912.hu\/new\/\"},{\"@type\":\"ListItem\",\"position\":2,\"name\":\"Gy\u0151zelemmel z\u00e1rta NB III-as csapatunk a mai felk\u00e9sz\u00fcl\u00e9si m\u00e9rk\u0151z\u00e9st Mak\u00f3n.\"}]},{\"@type\":\"WebSite\",\"@id\":\"http:\/\/www.hfc1912.hu\/new\/#website\",\"url\":\"http:\/\/www.hfc1912.hu\/new\/\",\"name\":\"H\u00f3dmez\u0151v\u00e1s\u00e1rhelyi Futball Club\",\"description\":\"H\u00f3dmez\u0151v\u00e1s\u00e1rhelyi Futball Club hivatalos honlapja\",\"publisher\":{\"@id\":\"http:\/\/www.hfc1912.hu\/new\/#organization\"},\"potentialAction\":[{\"@type\":\"SearchAction\",\"target\":{\"@type\":\"EntryPoint\",\"urlTemplate\":\"http:\/\/www.hfc1912.hu\/new\/?s={search_term_string}\"},\"query-input\":\"required name=search_term_string\"}],\"inLanguage\":\"hu\"},{\"@type\":\"Organization\",\"@id\":\"http:\/\/www.hfc1912.hu\/new\/#organization\",\"name\":\"H\u00f3dmez\u0151v\u00e1s\u00e1rhelyi Futball Club\",\"url\":\"http:\/\/www.hfc1912.hu\/new\/\",\"sameAs\":[],\"logo\":{\"@type\":\"ImageObject\",\"inLanguage\":\"hu\",\"@id\":\"http:\/\/www.hfc1912.hu\/new\/#\/schema\/logo\/image\/\",\"url\":\"http:\/\/www.hfc1912.hu\/new\/wp-content\/uploads\/2021\/12\/cropped-V\u00e9gleges_c\u00edmer_atlatszo150162.png\",\"contentUrl\":\"http:\/\/www.hfc1912.hu\/new\/wp-content\/uploads\/2021\/12\/cropped-V\u00e9gleges_c\u00edmer_atlatszo150162.png\",\"width\":150,\"height\":162,\"caption\":\"H\u00f3dmez\u0151v\u00e1s\u00e1rhelyi Futball Club\"},\"image\":{\"@id\":\"http:\/\/www.hfc1912.hu\/new\/#\/schema\/logo\/image\/\"}},{\"@type\":\"Person\",\"@id\":\"http:\/\/www.hfc1912.hu\/new\/#\/schema\/person\/05b742beb40ec0a8f805c71953628e65\",\"name\":\"Fejes Loretta\",\"image\":{\"@type\":\"ImageObject\",\"inLanguage\":\"hu\",\"@id\":\"http:\/\/www.hfc1912.hu\/new\/#\/schema\/person\/image\/\",\"url\":\"http:\/\/0.gravatar.com\/avatar\/392d3c91f023210838ae5eb949191c81?s=96&d=mm&r=g\",\"contentUrl\":\"http:\/\/0.gravatar.com\/avatar\/392d3c91f023210838ae5eb949191c81?s=96&d=mm&r=g\",\"caption\":\"Fejes Loretta\"},\"url\":\"http:\/\/www.hfc1912.hu\/new\/author\/lori\/\"}]}<\/script>\n<!-- \/ Yoast SEO plugin. -->","yoast_head_json":{"title":"Gy\u0151zelemmel z\u00e1rta NB III-as csapatunk a mai felk\u00e9sz\u00fcl\u00e9si m\u00e9rk\u0151z\u00e9st Mak\u00f3n. - H\u00f3dmez\u0151v\u00e1s\u00e1rhelyi Futball Club","robots":{"index":"index","follow":"follow","max-snippet":"max-snippet:-1","max-image-preview":"max-image-preview:large","max-video-preview":"max-video-preview:-1"},"canonical":"http:\/\/www.hfc1912.hu\/new\/2026\/01\/25\/gyozelemmel-zarta-nb-iii-as-csapatunk-a-mai-felkeszulesi-merkozest-makon\/","og_locale":"hu_HU","og_type":"article","og_title":"Gy\u0151zelemmel z\u00e1rta NB III-as csapatunk a mai felk\u00e9sz\u00fcl\u00e9si m\u00e9rk\u0151z\u00e9st Mak\u00f3n. - H\u00f3dmez\u0151v\u00e1s\u00e1rhelyi Futball Club","og_description":"A tal\u00e1lkoz\u00f3 j\u00f3 iram\u00fa, v\u00e1ltozatos j\u00e1t\u00e9kot hozott, t\u00f6bb sz\u00e9p t\u00e1mad\u00e1ssal \u00e9s biztat\u00f3 egy\u00e9ni teljes\u00edtm\u00e9nnyel. A vezet\u00e9st Hajnal Gergely szerezte meg, miut\u00e1n higgadtan elh\u00fazta a labd\u00e1t...","og_url":"http:\/\/www.hfc1912.hu\/new\/2026\/01\/25\/gyozelemmel-zarta-nb-iii-as-csapatunk-a-mai-felkeszulesi-merkozest-makon\/","og_site_name":"H\u00f3dmez\u0151v\u00e1s\u00e1rhelyi Futball Club","article_published_time":"2026-01-25T07:41:00+00:00","article_modified_time":"2026-01-28T19:42:19+00:00","og_image":[{"width":2000,"height":1330,"url":"http:\/\/www.hfc1912.hu\/new\/wp-content\/uploads\/2026\/01\/dsc_0820.jpg","type":"image\/jpeg"}],"author":"Fejes Loretta","twitter_card":"summary_large_image","twitter_misc":{"Written by":"Fejes Loretta","Est. reading time":"1 perc"},"schema":{"@context":"https:\/\/schema.org","@graph":[{"@type":"Article","@id":"http:\/\/www.hfc1912.hu\/new\/2026\/01\/25\/gyozelemmel-zarta-nb-iii-as-csapatunk-a-mai-felkeszulesi-merkozest-makon\/#article","isPartOf":{"@id":"http:\/\/www.hfc1912.hu\/new\/2026\/01\/25\/gyozelemmel-zarta-nb-iii-as-csapatunk-a-mai-felkeszulesi-merkozest-makon\/"},"author":{"name":"Fejes Loretta","@id":"http:\/\/www.hfc1912.hu\/new\/#\/schema\/person\/05b742beb40ec0a8f805c71953628e65"},"headline":"Gy\u0151zelemmel z\u00e1rta NB III-as csapatunk a mai felk\u00e9sz\u00fcl\u00e9si m\u00e9rk\u0151z\u00e9st Mak\u00f3n.","datePublished":"2026-01-25T07:41:00+00:00","dateModified":"2026-01-28T19:42:19+00:00","mainEntityOfPage":{"@id":"http:\/\/www.hfc1912.hu\/new\/2026\/01\/25\/gyozelemmel-zarta-nb-iii-as-csapatunk-a-mai-felkeszulesi-merkozest-makon\/"},"wordCount":202,"publisher":{"@id":"http:\/\/www.hfc1912.hu\/new\/#organization"},"keywords":["felk\u00e9sz\u00fcl\u00e9s","HFC","H\u00f3dmez\u0151v\u00e1s\u00e1rhely","H\u00f3dmez\u0151v\u00e1s\u00e1rhelyi FC","labdar\u00fag\u00e1s","NB III."],"articleSection":["H\u00edreink"],"inLanguage":"hu"},{"@type":"WebPage","@id":"http:\/\/www.hfc1912.hu\/new\/2026\/01\/25\/gyozelemmel-zarta-nb-iii-as-csapatunk-a-mai-felkeszulesi-merkozest-makon\/","url":"http:\/\/www.hfc1912.hu\/new\/2026\/01\/25\/gyozelemmel-zarta-nb-iii-as-csapatunk-a-mai-felkeszulesi-merkozest-makon\/","name":"Gy\u0151zelemmel z\u00e1rta NB III-as csapatunk a mai felk\u00e9sz\u00fcl\u00e9si m\u00e9rk\u0151z\u00e9st Mak\u00f3n. - H\u00f3dmez\u0151v\u00e1s\u00e1rhelyi Futball Club","isPartOf":{"@id":"http:\/\/www.hfc1912.hu\/new\/#website"},"datePublished":"2026-01-25T07:41:00+00:00","dateModified":"2026-01-28T19:42:19+00:00","breadcrumb":{"@id":"http:\/\/www.hfc1912.hu\/new\/2026\/01\/25\/gyozelemmel-zarta-nb-iii-as-csapatunk-a-mai-felkeszulesi-merkozest-makon\/#breadcrumb"},"inLanguage":"hu","potentialAction":[{"@type":"ReadAction","target":["http:\/\/www.hfc1912.hu\/new\/2026\/01\/25\/gyozelemmel-zarta-nb-iii-as-csapatunk-a-mai-felkeszulesi-merkozest-makon\/"]}]},{"@type":"BreadcrumbList","@id":"http:\/\/www.hfc1912.hu\/new\/2026\/01\/25\/gyozelemmel-zarta-nb-iii-as-csapatunk-a-mai-felkeszulesi-merkozest-makon\/#breadcrumb","itemListElement":[{"@type":"ListItem","position":1,"name":"Home","item":"http:\/\/www.hfc1912.hu\/new\/"},{"@type":"ListItem","position":2,"name":"Gy\u0151zelemmel z\u00e1rta NB III-as csapatunk a mai felk\u00e9sz\u00fcl\u00e9si m\u00e9rk\u0151z\u00e9st Mak\u00f3n."}]},{"@type":"WebSite","@id":"http:\/\/www.hfc1912.hu\/new\/#website","url":"http:\/\/www.hfc1912.hu\/new\/","name":"H\u00f3dmez\u0151v\u00e1s\u00e1rhelyi Futball Club","description":"H\u00f3dmez\u0151v\u00e1s\u00e1rhelyi Futball Club hivatalos honlapja","publisher":{"@id":"http:\/\/www.hfc1912.hu\/new\/#organization"},"potentialAction":[{"@type":"SearchAction","target":{"@type":"EntryPoint","urlTemplate":"http:\/\/www.hfc1912.hu\/new\/?s={search_term_string}"},"query-input":"required name=search_term_string"}],"inLanguage":"hu"},{"@type":"Organization","@id":"http:\/\/www.hfc1912.hu\/new\/#organization","name":"H\u00f3dmez\u0151v\u00e1s\u00e1rhelyi Futball Club","url":"http:\/\/www.hfc1912.hu\/new\/","sameAs":[],"logo":{"@type":"ImageObject","inLanguage":"hu","@id":"http:\/\/www.hfc1912.hu\/new\/#\/schema\/logo\/image\/","url":"http:\/\/www.hfc1912.hu\/new\/wp-content\/uploads\/2021\/12\/cropped-V\u00e9gleges_c\u00edmer_atlatszo150162.png","contentUrl":"http:\/\/www.hfc1912.hu\/new\/wp-content\/uploads\/2021\/12\/cropped-V\u00e9gleges_c\u00edmer_atlatszo150162.png","width":150,"height":162,"caption":"H\u00f3dmez\u0151v\u00e1s\u00e1rhelyi Futball Club"},"image":{"@id":"http:\/\/www.hfc1912.hu\/new\/#\/schema\/logo\/image\/"}},{"@type":"Person","@id":"http:\/\/www.hfc1912.hu\/new\/#\/schema\/person\/05b742beb40ec0a8f805c71953628e65","name":"Fejes Loretta","image":{"@type":"ImageObject","inLanguage":"hu","@id":"http:\/\/www.hfc1912.hu\/new\/#\/schema\/person\/image\/","url":"http:\/\/0.gravatar.com\/avatar\/392d3c91f023210838ae5eb949191c81?s=96&d=mm&r=g","contentUrl":"http:\/\/0.gravatar.com\/avatar\/392d3c91f023210838ae5eb949191c81?s=96&d=mm&r=g","caption":"Fejes Loretta"},"url":"http:\/\/www.hfc1912.hu\/new\/author\/lori\/"}]}},"_links":{"self":[{"href":"http:\/\/www.hfc1912.hu\/new\/wp-json\/wp\/v2\/posts\/8594"}],"collection":[{"href":"http:\/\/www.hfc1912.hu\/new\/wp-json\/wp\/v2\/posts"}],"about":[{"href":"http:\/\/www.hfc1912.hu\/new\/wp-json\/wp\/v2\/types\/post"}],"author":[{"embeddable":true,"href":"http:\/\/www.hfc1912.hu\/new\/wp-json\/wp\/v2\/users\/4"}],"replies":[{"embeddable":true,"href":"http:\/\/www.hfc1912.hu\/new\/wp-json\/wp\/v2\/comments?post=8594"}],"version-history":[{"count":1,"href":"http:\/\/www.hfc1912.hu\/new\/wp-json\/wp\/v2\/posts\/8594\/revisions"}],"predecessor-version":[{"id":8595,"href":"http:\/\/www.hfc1912.hu\/new\/wp-json\/wp\/v2\/posts\/8594\/revisions\/8595"}],"wp:featuredmedia":[{"embeddable":true,"href":"http:\/\/www.hfc1912.hu\/new\/wp-json\/wp\/v2\/media\/8593"}],"wp:attachment":[{"href":"http:\/\/www.hfc1912.hu\/new\/wp-json\/wp\/v2\/media?parent=8594"}],"wp:term":[{"taxonomy":"category","embeddable":true,"href":"http:\/\/www.hfc1912.hu\/new\/wp-json\/wp\/v2\/categories?post=8594"},{"taxonomy":"post_tag","embeddable":true,"href":"http:\/\/www.hfc1912.hu\/new\/wp-json\/wp\/v2\/tags?post=8594"}],"curies":[{"name":"wp","href":"https:\/\/api.w.org\/{rel}","templated":true}]}}