{"id":8643,"date":"2026-03-09T11:25:00","date_gmt":"2026-03-09T10:25:00","guid":{"rendered":"http:\/\/www.hfc1912.hu\/new\/?p=8643"},"modified":"2026-03-11T11:25:57","modified_gmt":"2026-03-11T10:25:57","slug":"dontetlen-az-elso-tavaszi-hazai-merkozesen","status":"publish","type":"post","link":"http:\/\/www.hfc1912.hu\/new\/2026\/03\/09\/dontetlen-az-elso-tavaszi-hazai-merkozesen\/","title":{"rendered":"D\u00f6ntetlen az els\u0151 tavaszi hazai m\u00e9rk\u0151z\u00e9sen."},"content":{"rendered":"\n<p>Naps\u00fct\u00e9s \u00e9s j\u00f3 id\u0151 v\u00e1rta a kil\u00e1togat\u00f3 szurkol\u00f3kat vas\u00e1rnap d\u00e9lut\u00e1n a H\u00f3dmez\u0151v\u00e1s\u00e1rhelyi V\u00e1rosi Stadionban. A k\u00e9t csapat \u00f6sszesen kilenc s\u00e1rga lapot \u00e9s egy piros lapot kapott. Csapatunk k\u00e9t alkalommal is k\u00f6zel j\u00e1rt a vezet\u00e9s megszerz\u00e9s\u00e9hez, azonban mindk\u00e9t esetben Janics\u00e1k v\u00e9dett. Az els\u0151 f\u00e9lid\u0151 utols\u00f3 momentumak\u00e9nt Heged\u0171s Martin megkapta m\u00e1sodik s\u00e1rga lapj\u00e1t, \u00edgy id\u0151 el\u0151tt volt k\u00e9nytelen elhagyni a j\u00e1t\u00e9kteret. Az 56. percben csapatunk szerezte meg a vezet\u00e9st. Egy el\u0151rev\u00e1gott labda ut\u00e1n Domokos csak szab\u00e1lytalanul tudta meg\u00e1ll\u00edtani j\u00e1t\u00e9kosunkat mintegy 25 m\u00e9terre a vend\u00e9g kaput\u00f3l. A szabadr\u00fag\u00e1st remek\u00fcl v\u00e9gezte el Kov\u00e1cs Kolos, a labda pedig v\u00e9dhetetlen\u00fcl v\u00e1g\u00f3dott Janics\u00e1k kapuj\u00e1ba (1:0). A 72. percben b\u00fcntet\u0151h\u00f6z jutott a Dabas, amely m\u00f6g\u00e9 Domokos \u00e1llt, de a tizenegyest kapusunk brav\u00farral h\u00e1r\u00edtani tudta. A 81. percben egy szabadr\u00fag\u00e1st k\u00f6vet\u0151en pattogott a labda az \u00f6t\u00f6s\u00f6n bel\u00fcl, amit v\u00e9g\u00fcl Domokos passzolt k\u00f6zelr\u0151l a kapuba (1:1).<\/p>\n\n\n\n<p><strong>H\u00f3dmez\u0151v\u00e1s\u00e1rhelyi FC\u2013Dabas 1\u20131 (0\u20130)<\/strong><\/p>\n\n\n\n<p><strong>G\u00f3lszerz\u0151k:&nbsp;<\/strong>Kov\u00e1cs K. (56.), ill. Domokos B. (81.).<br><strong>Ki\u00e1ll\u00edtva:&nbsp;<\/strong>Heged\u0171s M. (45+1).<\/p>\n\n\n\n<p>NB III. D\u00e9l-Keleti csoport 19. fordul\u00f3.<\/p>\n\n\n\n<p>2026. 03. 08. 14:00.<\/p>\n\n\n\n<p>H\u00f3dmez\u0151v\u00e1s\u00e1rhely, V\u00e1rosi Stadion, 300 n\u00e9z\u0151.&nbsp;<\/p>\n\n\n\n<p><strong>Vezette:&nbsp;<\/strong>Nagy Attila L\u00e1szl\u00f3 (Balogh B., D\u00f6br\u00f6ntey).<\/p>\n\n\n\n<p><strong>HFC:&nbsp;<\/strong><\/p>\n\n\n\n<p>Somogyi \u2013 Gr\u00e9czi, Zana, T\u00f6r\u00f6k, Marsa, \u00d6tv\u00f6s (S\u00e1gi M., 77.), Hajnal (Nagy R., 87.), Guth, Kov\u00e1cs K., Hajduk (Herczeg, 39.), Heged\u0171s M.<\/p>\n\n\n\n<p><strong>Edz\u0151:<\/strong>&nbsp;Sz\u0171cs R\u00f3bert.<\/p>\n\n\n\n<p><strong>Meton-FC Dabas SE:&nbsp;<\/strong><\/p>\n\n\n\n<p>Janics\u00e1k \u2013 Czenky (Weisz, 77.), Kamar\u00e1s, Hegyi, Tarj\u00e1ni, F\u00f6lde\u00e1k (Forrai, a sz\u00fcnetben), Kiss \u00c1. (Kryvotsiuk, a sz\u00fcnetben), Bolla, Stampfel, K\u00f3pis, Domokos B.&nbsp;<\/p>\n\n\n\n<p><strong>Edz\u0151:&nbsp;<\/strong>Sz\u00e9kely Tibor.<\/p>\n\n\n\n<p><strong>Nyilatkozat:<\/strong> A v\u00e9lem\u00e9nyes ki\u00e1ll\u00edt\u00e1s ut\u00e1n hatalmas k\u00fczdelem domin\u00e1lt a p\u00e1ly\u00e1n. T\u00edz emberrel is siker\u00fclt megszerezn\u00fcnk a vezet\u00e9st, de d\u00f6nt\u0151nek bizonyultak a j\u00e1t\u00e9kvezet\u0151 s\u00falyos t\u00e9ved\u00e9sei. A m\u00e9rk\u0151z\u00e9sen megs\u00e9r\u00fclt Hajduk Levent\u00e9nek mihamarabbi fel\u00e9p\u00fcl\u00e9st k\u00edv\u00e1nunk.<\/p>\n\n\n\n<p>M\u00e1rcius 14-\u00e9n szombaton a Szeged-Csan\u00e1d Grosics Akad\u00e9mia II. vend\u00e9ge lesz NB III-as g\u00e1rd\u00e1nk.<\/p>\n\n\n\n<p>Fot\u00f3: T\u00f6r\u00f6k J\u00e1nos, delmagyar.hu<\/p>\n","protected":false},"excerpt":{"rendered":"<p>Naps\u00fct\u00e9s \u00e9s j\u00f3 id\u0151 v\u00e1rta a kil\u00e1togat\u00f3 szurkol\u00f3kat vas\u00e1rnap d\u00e9lut\u00e1n a H\u00f3dmez\u0151v\u00e1s\u00e1rhelyi V\u00e1rosi Stadionban. A k\u00e9t csapat \u00f6sszesen kilenc s\u00e1rga lapot \u00e9s egy piros lapot&#8230;<\/p>\n","protected":false},"author":4,"featured_media":8642,"comment_status":"closed","ping_status":"closed","sticky":false,"template":"","format":"standard","meta":[],"categories":[1],"tags":[81,65,75,76,77,64],"yoast_head":"<!-- This site is optimized with the Yoast SEO plugin v19.8 - https:\/\/yoast.com\/wordpress\/plugins\/seo\/ -->\n<title>D\u00f6ntetlen az els\u0151 tavaszi hazai m\u00e9rk\u0151z\u00e9sen. - H\u00f3dmez\u0151v\u00e1s\u00e1rhelyi Futball Club<\/title>\n<meta name=\"robots\" content=\"index, follow, max-snippet:-1, max-image-preview:large, max-video-preview:-1\" \/>\n<link rel=\"canonical\" href=\"http:\/\/www.hfc1912.hu\/new\/2026\/03\/09\/dontetlen-az-elso-tavaszi-hazai-merkozesen\/\" \/>\n<meta property=\"og:locale\" content=\"hu_HU\" \/>\n<meta property=\"og:type\" content=\"article\" \/>\n<meta property=\"og:title\" content=\"D\u00f6ntetlen az els\u0151 tavaszi hazai m\u00e9rk\u0151z\u00e9sen. - H\u00f3dmez\u0151v\u00e1s\u00e1rhelyi Futball Club\" \/>\n<meta property=\"og:description\" content=\"Naps\u00fct\u00e9s \u00e9s j\u00f3 id\u0151 v\u00e1rta a kil\u00e1togat\u00f3 szurkol\u00f3kat vas\u00e1rnap d\u00e9lut\u00e1n a H\u00f3dmez\u0151v\u00e1s\u00e1rhelyi V\u00e1rosi Stadionban. A k\u00e9t csapat \u00f6sszesen kilenc s\u00e1rga lapot \u00e9s egy piros lapot...\" \/>\n<meta property=\"og:url\" content=\"http:\/\/www.hfc1912.hu\/new\/2026\/03\/09\/dontetlen-az-elso-tavaszi-hazai-merkozesen\/\" \/>\n<meta property=\"og:site_name\" content=\"H\u00f3dmez\u0151v\u00e1s\u00e1rhelyi Futball Club\" \/>\n<meta property=\"article:published_time\" content=\"2026-03-09T10:25:00+00:00\" \/>\n<meta property=\"article:modified_time\" content=\"2026-03-11T10:25:57+00:00\" \/>\n<meta property=\"og:image\" content=\"http:\/\/www.hfc1912.hu\/new\/wp-content\/uploads\/2026\/03\/img_8500.jpg\" \/>\n\t<meta property=\"og:image:width\" content=\"1024\" \/>\n\t<meta property=\"og:image:height\" content=\"571\" \/>\n\t<meta property=\"og:image:type\" content=\"image\/jpeg\" \/>\n<meta name=\"author\" content=\"Fejes Loretta\" \/>\n<meta name=\"twitter:card\" content=\"summary_large_image\" \/>\n<meta name=\"twitter:label1\" content=\"Written by\" \/>\n\t<meta name=\"twitter:data1\" content=\"Fejes Loretta\" \/>\n\t<meta name=\"twitter:label2\" content=\"Est. reading time\" \/>\n\t<meta name=\"twitter:data2\" content=\"2 perc\" \/>\n<script type=\"application\/ld+json\" class=\"yoast-schema-graph\">{\"@context\":\"https:\/\/schema.org\",\"@graph\":[{\"@type\":\"Article\",\"@id\":\"http:\/\/www.hfc1912.hu\/new\/2026\/03\/09\/dontetlen-az-elso-tavaszi-hazai-merkozesen\/#article\",\"isPartOf\":{\"@id\":\"http:\/\/www.hfc1912.hu\/new\/2026\/03\/09\/dontetlen-az-elso-tavaszi-hazai-merkozesen\/\"},\"author\":{\"name\":\"Fejes Loretta\",\"@id\":\"http:\/\/www.hfc1912.hu\/new\/#\/schema\/person\/05b742beb40ec0a8f805c71953628e65\"},\"headline\":\"D\u00f6ntetlen az els\u0151 tavaszi hazai m\u00e9rk\u0151z\u00e9sen.\",\"datePublished\":\"2026-03-09T10:25:00+00:00\",\"dateModified\":\"2026-03-11T10:25:57+00:00\",\"mainEntityOfPage\":{\"@id\":\"http:\/\/www.hfc1912.hu\/new\/2026\/03\/09\/dontetlen-az-elso-tavaszi-hazai-merkozesen\/\"},\"wordCount\":429,\"publisher\":{\"@id\":\"http:\/\/www.hfc1912.hu\/new\/#organization\"},\"keywords\":[\"D\u00e9l-keleti csoport\",\"HFC\",\"H\u00f3dmez\u0151v\u00e1s\u00e1rhely\",\"H\u00f3dmez\u0151v\u00e1s\u00e1rhelyi FC\",\"labdar\u00fag\u00e1s\",\"NB III.\"],\"articleSection\":[\"H\u00edreink\"],\"inLanguage\":\"hu\"},{\"@type\":\"WebPage\",\"@id\":\"http:\/\/www.hfc1912.hu\/new\/2026\/03\/09\/dontetlen-az-elso-tavaszi-hazai-merkozesen\/\",\"url\":\"http:\/\/www.hfc1912.hu\/new\/2026\/03\/09\/dontetlen-az-elso-tavaszi-hazai-merkozesen\/\",\"name\":\"D\u00f6ntetlen az els\u0151 tavaszi hazai m\u00e9rk\u0151z\u00e9sen. - H\u00f3dmez\u0151v\u00e1s\u00e1rhelyi Futball Club\",\"isPartOf\":{\"@id\":\"http:\/\/www.hfc1912.hu\/new\/#website\"},\"datePublished\":\"2026-03-09T10:25:00+00:00\",\"dateModified\":\"2026-03-11T10:25:57+00:00\",\"breadcrumb\":{\"@id\":\"http:\/\/www.hfc1912.hu\/new\/2026\/03\/09\/dontetlen-az-elso-tavaszi-hazai-merkozesen\/#breadcrumb\"},\"inLanguage\":\"hu\",\"potentialAction\":[{\"@type\":\"ReadAction\",\"target\":[\"http:\/\/www.hfc1912.hu\/new\/2026\/03\/09\/dontetlen-az-elso-tavaszi-hazai-merkozesen\/\"]}]},{\"@type\":\"BreadcrumbList\",\"@id\":\"http:\/\/www.hfc1912.hu\/new\/2026\/03\/09\/dontetlen-az-elso-tavaszi-hazai-merkozesen\/#breadcrumb\",\"itemListElement\":[{\"@type\":\"ListItem\",\"position\":1,\"name\":\"Home\",\"item\":\"http:\/\/www.hfc1912.hu\/new\/\"},{\"@type\":\"ListItem\",\"position\":2,\"name\":\"D\u00f6ntetlen az els\u0151 tavaszi hazai m\u00e9rk\u0151z\u00e9sen.\"}]},{\"@type\":\"WebSite\",\"@id\":\"http:\/\/www.hfc1912.hu\/new\/#website\",\"url\":\"http:\/\/www.hfc1912.hu\/new\/\",\"name\":\"H\u00f3dmez\u0151v\u00e1s\u00e1rhelyi Futball Club\",\"description\":\"H\u00f3dmez\u0151v\u00e1s\u00e1rhelyi Futball Club hivatalos honlapja\",\"publisher\":{\"@id\":\"http:\/\/www.hfc1912.hu\/new\/#organization\"},\"potentialAction\":[{\"@type\":\"SearchAction\",\"target\":{\"@type\":\"EntryPoint\",\"urlTemplate\":\"http:\/\/www.hfc1912.hu\/new\/?s={search_term_string}\"},\"query-input\":\"required name=search_term_string\"}],\"inLanguage\":\"hu\"},{\"@type\":\"Organization\",\"@id\":\"http:\/\/www.hfc1912.hu\/new\/#organization\",\"name\":\"H\u00f3dmez\u0151v\u00e1s\u00e1rhelyi Futball Club\",\"url\":\"http:\/\/www.hfc1912.hu\/new\/\",\"sameAs\":[],\"logo\":{\"@type\":\"ImageObject\",\"inLanguage\":\"hu\",\"@id\":\"http:\/\/www.hfc1912.hu\/new\/#\/schema\/logo\/image\/\",\"url\":\"http:\/\/www.hfc1912.hu\/new\/wp-content\/uploads\/2021\/12\/cropped-V\u00e9gleges_c\u00edmer_atlatszo150162.png\",\"contentUrl\":\"http:\/\/www.hfc1912.hu\/new\/wp-content\/uploads\/2021\/12\/cropped-V\u00e9gleges_c\u00edmer_atlatszo150162.png\",\"width\":150,\"height\":162,\"caption\":\"H\u00f3dmez\u0151v\u00e1s\u00e1rhelyi Futball Club\"},\"image\":{\"@id\":\"http:\/\/www.hfc1912.hu\/new\/#\/schema\/logo\/image\/\"}},{\"@type\":\"Person\",\"@id\":\"http:\/\/www.hfc1912.hu\/new\/#\/schema\/person\/05b742beb40ec0a8f805c71953628e65\",\"name\":\"Fejes Loretta\",\"image\":{\"@type\":\"ImageObject\",\"inLanguage\":\"hu\",\"@id\":\"http:\/\/www.hfc1912.hu\/new\/#\/schema\/person\/image\/\",\"url\":\"http:\/\/0.gravatar.com\/avatar\/392d3c91f023210838ae5eb949191c81?s=96&d=mm&r=g\",\"contentUrl\":\"http:\/\/0.gravatar.com\/avatar\/392d3c91f023210838ae5eb949191c81?s=96&d=mm&r=g\",\"caption\":\"Fejes Loretta\"},\"url\":\"http:\/\/www.hfc1912.hu\/new\/author\/lori\/\"}]}<\/script>\n<!-- \/ Yoast SEO plugin. -->","yoast_head_json":{"title":"D\u00f6ntetlen az els\u0151 tavaszi hazai m\u00e9rk\u0151z\u00e9sen. - H\u00f3dmez\u0151v\u00e1s\u00e1rhelyi Futball Club","robots":{"index":"index","follow":"follow","max-snippet":"max-snippet:-1","max-image-preview":"max-image-preview:large","max-video-preview":"max-video-preview:-1"},"canonical":"http:\/\/www.hfc1912.hu\/new\/2026\/03\/09\/dontetlen-az-elso-tavaszi-hazai-merkozesen\/","og_locale":"hu_HU","og_type":"article","og_title":"D\u00f6ntetlen az els\u0151 tavaszi hazai m\u00e9rk\u0151z\u00e9sen. - H\u00f3dmez\u0151v\u00e1s\u00e1rhelyi Futball Club","og_description":"Naps\u00fct\u00e9s \u00e9s j\u00f3 id\u0151 v\u00e1rta a kil\u00e1togat\u00f3 szurkol\u00f3kat vas\u00e1rnap d\u00e9lut\u00e1n a H\u00f3dmez\u0151v\u00e1s\u00e1rhelyi V\u00e1rosi Stadionban. A k\u00e9t csapat \u00f6sszesen kilenc s\u00e1rga lapot \u00e9s egy piros lapot...","og_url":"http:\/\/www.hfc1912.hu\/new\/2026\/03\/09\/dontetlen-az-elso-tavaszi-hazai-merkozesen\/","og_site_name":"H\u00f3dmez\u0151v\u00e1s\u00e1rhelyi Futball Club","article_published_time":"2026-03-09T10:25:00+00:00","article_modified_time":"2026-03-11T10:25:57+00:00","og_image":[{"width":1024,"height":571,"url":"http:\/\/www.hfc1912.hu\/new\/wp-content\/uploads\/2026\/03\/img_8500.jpg","type":"image\/jpeg"}],"author":"Fejes Loretta","twitter_card":"summary_large_image","twitter_misc":{"Written by":"Fejes Loretta","Est. reading time":"2 perc"},"schema":{"@context":"https:\/\/schema.org","@graph":[{"@type":"Article","@id":"http:\/\/www.hfc1912.hu\/new\/2026\/03\/09\/dontetlen-az-elso-tavaszi-hazai-merkozesen\/#article","isPartOf":{"@id":"http:\/\/www.hfc1912.hu\/new\/2026\/03\/09\/dontetlen-az-elso-tavaszi-hazai-merkozesen\/"},"author":{"name":"Fejes Loretta","@id":"http:\/\/www.hfc1912.hu\/new\/#\/schema\/person\/05b742beb40ec0a8f805c71953628e65"},"headline":"D\u00f6ntetlen az els\u0151 tavaszi hazai m\u00e9rk\u0151z\u00e9sen.","datePublished":"2026-03-09T10:25:00+00:00","dateModified":"2026-03-11T10:25:57+00:00","mainEntityOfPage":{"@id":"http:\/\/www.hfc1912.hu\/new\/2026\/03\/09\/dontetlen-az-elso-tavaszi-hazai-merkozesen\/"},"wordCount":429,"publisher":{"@id":"http:\/\/www.hfc1912.hu\/new\/#organization"},"keywords":["D\u00e9l-keleti csoport","HFC","H\u00f3dmez\u0151v\u00e1s\u00e1rhely","H\u00f3dmez\u0151v\u00e1s\u00e1rhelyi FC","labdar\u00fag\u00e1s","NB III."],"articleSection":["H\u00edreink"],"inLanguage":"hu"},{"@type":"WebPage","@id":"http:\/\/www.hfc1912.hu\/new\/2026\/03\/09\/dontetlen-az-elso-tavaszi-hazai-merkozesen\/","url":"http:\/\/www.hfc1912.hu\/new\/2026\/03\/09\/dontetlen-az-elso-tavaszi-hazai-merkozesen\/","name":"D\u00f6ntetlen az els\u0151 tavaszi hazai m\u00e9rk\u0151z\u00e9sen. - H\u00f3dmez\u0151v\u00e1s\u00e1rhelyi Futball Club","isPartOf":{"@id":"http:\/\/www.hfc1912.hu\/new\/#website"},"datePublished":"2026-03-09T10:25:00+00:00","dateModified":"2026-03-11T10:25:57+00:00","breadcrumb":{"@id":"http:\/\/www.hfc1912.hu\/new\/2026\/03\/09\/dontetlen-az-elso-tavaszi-hazai-merkozesen\/#breadcrumb"},"inLanguage":"hu","potentialAction":[{"@type":"ReadAction","target":["http:\/\/www.hfc1912.hu\/new\/2026\/03\/09\/dontetlen-az-elso-tavaszi-hazai-merkozesen\/"]}]},{"@type":"BreadcrumbList","@id":"http:\/\/www.hfc1912.hu\/new\/2026\/03\/09\/dontetlen-az-elso-tavaszi-hazai-merkozesen\/#breadcrumb","itemListElement":[{"@type":"ListItem","position":1,"name":"Home","item":"http:\/\/www.hfc1912.hu\/new\/"},{"@type":"ListItem","position":2,"name":"D\u00f6ntetlen az els\u0151 tavaszi hazai m\u00e9rk\u0151z\u00e9sen."}]},{"@type":"WebSite","@id":"http:\/\/www.hfc1912.hu\/new\/#website","url":"http:\/\/www.hfc1912.hu\/new\/","name":"H\u00f3dmez\u0151v\u00e1s\u00e1rhelyi Futball Club","description":"H\u00f3dmez\u0151v\u00e1s\u00e1rhelyi Futball Club hivatalos honlapja","publisher":{"@id":"http:\/\/www.hfc1912.hu\/new\/#organization"},"potentialAction":[{"@type":"SearchAction","target":{"@type":"EntryPoint","urlTemplate":"http:\/\/www.hfc1912.hu\/new\/?s={search_term_string}"},"query-input":"required name=search_term_string"}],"inLanguage":"hu"},{"@type":"Organization","@id":"http:\/\/www.hfc1912.hu\/new\/#organization","name":"H\u00f3dmez\u0151v\u00e1s\u00e1rhelyi Futball Club","url":"http:\/\/www.hfc1912.hu\/new\/","sameAs":[],"logo":{"@type":"ImageObject","inLanguage":"hu","@id":"http:\/\/www.hfc1912.hu\/new\/#\/schema\/logo\/image\/","url":"http:\/\/www.hfc1912.hu\/new\/wp-content\/uploads\/2021\/12\/cropped-V\u00e9gleges_c\u00edmer_atlatszo150162.png","contentUrl":"http:\/\/www.hfc1912.hu\/new\/wp-content\/uploads\/2021\/12\/cropped-V\u00e9gleges_c\u00edmer_atlatszo150162.png","width":150,"height":162,"caption":"H\u00f3dmez\u0151v\u00e1s\u00e1rhelyi Futball Club"},"image":{"@id":"http:\/\/www.hfc1912.hu\/new\/#\/schema\/logo\/image\/"}},{"@type":"Person","@id":"http:\/\/www.hfc1912.hu\/new\/#\/schema\/person\/05b742beb40ec0a8f805c71953628e65","name":"Fejes Loretta","image":{"@type":"ImageObject","inLanguage":"hu","@id":"http:\/\/www.hfc1912.hu\/new\/#\/schema\/person\/image\/","url":"http:\/\/0.gravatar.com\/avatar\/392d3c91f023210838ae5eb949191c81?s=96&d=mm&r=g","contentUrl":"http:\/\/0.gravatar.com\/avatar\/392d3c91f023210838ae5eb949191c81?s=96&d=mm&r=g","caption":"Fejes Loretta"},"url":"http:\/\/www.hfc1912.hu\/new\/author\/lori\/"}]}},"_links":{"self":[{"href":"http:\/\/www.hfc1912.hu\/new\/wp-json\/wp\/v2\/posts\/8643"}],"collection":[{"href":"http:\/\/www.hfc1912.hu\/new\/wp-json\/wp\/v2\/posts"}],"about":[{"href":"http:\/\/www.hfc1912.hu\/new\/wp-json\/wp\/v2\/types\/post"}],"author":[{"embeddable":true,"href":"http:\/\/www.hfc1912.hu\/new\/wp-json\/wp\/v2\/users\/4"}],"replies":[{"embeddable":true,"href":"http:\/\/www.hfc1912.hu\/new\/wp-json\/wp\/v2\/comments?post=8643"}],"version-history":[{"count":2,"href":"http:\/\/www.hfc1912.hu\/new\/wp-json\/wp\/v2\/posts\/8643\/revisions"}],"predecessor-version":[{"id":8645,"href":"http:\/\/www.hfc1912.hu\/new\/wp-json\/wp\/v2\/posts\/8643\/revisions\/8645"}],"wp:featuredmedia":[{"embeddable":true,"href":"http:\/\/www.hfc1912.hu\/new\/wp-json\/wp\/v2\/media\/8642"}],"wp:attachment":[{"href":"http:\/\/www.hfc1912.hu\/new\/wp-json\/wp\/v2\/media?parent=8643"}],"wp:term":[{"taxonomy":"category","embeddable":true,"href":"http:\/\/www.hfc1912.hu\/new\/wp-json\/wp\/v2\/categories?post=8643"},{"taxonomy":"post_tag","embeddable":true,"href":"http:\/\/www.hfc1912.hu\/new\/wp-json\/wp\/v2\/tags?post=8643"}],"curies":[{"name":"wp","href":"https:\/\/api.w.org\/{rel}","templated":true}]}}