{"id":8646,"date":"2026-03-09T22:05:00","date_gmt":"2026-03-09T21:05:00","guid":{"rendered":"http:\/\/www.hfc1912.hu\/new\/?p=8646"},"modified":"2026-03-12T18:08:29","modified_gmt":"2026-03-12T17:08:29","slug":"u19-gyozelemmel-felero-dontetlen-szentesen","status":"publish","type":"post","link":"http:\/\/www.hfc1912.hu\/new\/2026\/03\/09\/u19-gyozelemmel-felero-dontetlen-szentesen\/","title":{"rendered":"U19: Gy\u0151zelemmel fel\u00e9r\u0151 d\u00f6ntetlen Szentesen"},"content":{"rendered":"\n<p><strong>Szentesi Kinizsi U19 &#8211; HFC U19 2-2 (1-1)<\/strong><\/p>\n\n\n\n<p><strong>G\u00f3lszerz\u0151k: Homoki (33.), \u00dcrm\u00f6s (82.) ill. Papp (46.), Sallai (66.)<\/strong><\/p>\n\n\n\n<p>U19-es csapatunk a Szentesi Kinizsi U19 ellen l\u00e9pett p\u00e1ly\u00e1ra, \u00e9s kiegyenl\u00edtett m\u00e9rk\u0151z\u00e9st j\u00e1tszott a hazaiakkal. A tal\u00e1lkoz\u00f3 v\u00e9gig nagy k\u00fczdelmet hozott \u00e9s g\u00f3lokban sem volt hi\u00e1ny, v\u00e9g\u00fcl 2\u20132-es d\u00f6ntetlennel z\u00e1rult az \u00f6sszecsap\u00e1s, \u00edgy csapatunk egy \u00e9rt\u00e9kes ponttal t\u00e9rhetett haza.<\/p>\n\n\n\n<p><strong>Szentesi Kinizsi U19:<\/strong><\/p>\n\n\n\n<p>Kuklai &#8211; Tak\u00e1cs (Szirbik, 55.), Moln\u00e1r, K\u00f3cs\u00f3, Homoki, Mih\u00e1ly, Szab\u00f3 (\u00dcrm\u00f6s, 55.), Burj\u00e1n, Lakatos, Vigh (N\u00e1n\u00e1ssy, 46.), Orm\u00e1ndi.<\/p>\n\n\n\n<p>Edz\u0151: Herczeg Szabolcs.<\/p>\n\n\n\n<p class=\"p1\"><strong>HFC U19:<\/strong><\/p>\n\n\n\n<p class=\"p1\">Szob\u00e1csi &#8211; Sipos, Nagy, Kocsis, T\u00f3th, Knapecz G. (M\u00e9sz\u00e1ros, 90.), Papp (Varga, 54.), Gila (N\u00e9meth, 90.), Sallai, Ol\u00e1h (Vizi, 3.), B\u00e1nfi.<\/p>\n\n\n\n<p class=\"p1\">Edz\u0151: Kis D\u00e1vid.<\/p>\n\n\n\n<p><em><strong>Nyilatkozat: <\/strong>Nagyon enerv\u00e1ltan j\u00e1tszottunk, az ellenf\u00e9l szinte minden j\u00e1t\u00e9kelemben f\u00f6l\u00e9nk n\u0151tt. Ennek ellen\u00e9re siker\u00fclt egy gy\u0151zelemmel fel\u00e9r\u0151 d\u00f6ntetlent kiharcolnunk. K\u00fcl\u00f6n szeretn\u00e9m kiemelni a kapusunk teljes\u00edtm\u00e9ny\u00e9t, aki ma extra form\u00e1ban v\u00e9dett, \u00e9s nagy szerepe volt abban, hogy pontot szerezt\u00fcnk. Rem\u00e9lj\u00fck, ez az egy pont m\u00e9g sokat \u00e9r majd a v\u00e9gelsz\u00e1mol\u00e1sn\u00e1l, \u00e9s seg\u00edt a c\u00e9lunk el\u00e9r\u00e9s\u00e9ben.<\/em><\/p>\n\n\n\n<p>P\u00e9nteken U19-es csapatunk a Gyulasport U19-es g\u00e1rd\u00e1j\u00e1t fogadja hazai p\u00e1ly\u00e1n.<\/p>\n\n\n\n<p><\/p>\n","protected":false},"excerpt":{"rendered":"<p>Szentesi Kinizsi U19 &#8211; HFC U19 2-2 (1-1) G\u00f3lszerz\u0151k: Homoki (33.), \u00dcrm\u00f6s (82.) ill. Papp (46.), Sallai (66.) U19-es csapatunk a Szentesi Kinizsi U19 ellen&#8230;<\/p>\n","protected":false},"author":4,"featured_media":8445,"comment_status":"closed","ping_status":"closed","sticky":false,"template":"","format":"standard","meta":[],"categories":[1],"tags":[65,62,75,76,63],"yoast_head":"<!-- This site is optimized with the Yoast SEO plugin v19.8 - https:\/\/yoast.com\/wordpress\/plugins\/seo\/ -->\n<title>U19: Gy\u0151zelemmel fel\u00e9r\u0151 d\u00f6ntetlen Szentesen - H\u00f3dmez\u0151v\u00e1s\u00e1rhelyi Futball Club<\/title>\n<meta name=\"robots\" content=\"index, follow, max-snippet:-1, max-image-preview:large, max-video-preview:-1\" \/>\n<link rel=\"canonical\" href=\"http:\/\/www.hfc1912.hu\/new\/2026\/03\/09\/u19-gyozelemmel-felero-dontetlen-szentesen\/\" \/>\n<meta property=\"og:locale\" content=\"hu_HU\" \/>\n<meta property=\"og:type\" content=\"article\" \/>\n<meta property=\"og:title\" content=\"U19: Gy\u0151zelemmel fel\u00e9r\u0151 d\u00f6ntetlen Szentesen - H\u00f3dmez\u0151v\u00e1s\u00e1rhelyi Futball Club\" \/>\n<meta property=\"og:description\" content=\"Szentesi Kinizsi U19 &#8211; HFC U19 2-2 (1-1) G\u00f3lszerz\u0151k: Homoki (33.), \u00dcrm\u00f6s (82.) ill. Papp (46.), Sallai (66.) U19-es csapatunk a Szentesi Kinizsi U19 ellen...\" \/>\n<meta property=\"og:url\" content=\"http:\/\/www.hfc1912.hu\/new\/2026\/03\/09\/u19-gyozelemmel-felero-dontetlen-szentesen\/\" \/>\n<meta property=\"og:site_name\" content=\"H\u00f3dmez\u0151v\u00e1s\u00e1rhelyi Futball Club\" \/>\n<meta property=\"article:published_time\" content=\"2026-03-09T21:05:00+00:00\" \/>\n<meta property=\"article:modified_time\" content=\"2026-03-12T17:08:29+00:00\" \/>\n<meta property=\"og:image\" content=\"http:\/\/www.hfc1912.hu\/new\/wp-content\/uploads\/2025\/10\/att.c3-t_u6641nto-bycndu6qukpjxvtvpsyxwmjhgtqo0-1.jpg\" \/>\n\t<meta property=\"og:image:width\" content=\"2000\" \/>\n\t<meta property=\"og:image:height\" content=\"1333\" \/>\n\t<meta property=\"og:image:type\" content=\"image\/jpeg\" \/>\n<meta name=\"author\" content=\"Fejes Loretta\" \/>\n<meta name=\"twitter:card\" content=\"summary_large_image\" \/>\n<meta name=\"twitter:label1\" content=\"Written by\" \/>\n\t<meta name=\"twitter:data1\" content=\"Fejes Loretta\" \/>\n\t<meta name=\"twitter:label2\" content=\"Est. reading time\" \/>\n\t<meta name=\"twitter:data2\" content=\"1 perc\" \/>\n<script type=\"application\/ld+json\" class=\"yoast-schema-graph\">{\"@context\":\"https:\/\/schema.org\",\"@graph\":[{\"@type\":\"Article\",\"@id\":\"http:\/\/www.hfc1912.hu\/new\/2026\/03\/09\/u19-gyozelemmel-felero-dontetlen-szentesen\/#article\",\"isPartOf\":{\"@id\":\"http:\/\/www.hfc1912.hu\/new\/2026\/03\/09\/u19-gyozelemmel-felero-dontetlen-szentesen\/\"},\"author\":{\"name\":\"Fejes Loretta\",\"@id\":\"http:\/\/www.hfc1912.hu\/new\/#\/schema\/person\/05b742beb40ec0a8f805c71953628e65\"},\"headline\":\"U19: Gy\u0151zelemmel fel\u00e9r\u0151 d\u00f6ntetlen Szentesen\",\"datePublished\":\"2026-03-09T21:05:00+00:00\",\"dateModified\":\"2026-03-12T17:08:29+00:00\",\"mainEntityOfPage\":{\"@id\":\"http:\/\/www.hfc1912.hu\/new\/2026\/03\/09\/u19-gyozelemmel-felero-dontetlen-szentesen\/\"},\"wordCount\":251,\"publisher\":{\"@id\":\"http:\/\/www.hfc1912.hu\/new\/#organization\"},\"keywords\":[\"HFC\",\"HFC U19\",\"H\u00f3dmez\u0151v\u00e1s\u00e1rhely\",\"H\u00f3dmez\u0151v\u00e1s\u00e1rhelyi FC\",\"U19\"],\"articleSection\":[\"H\u00edreink\"],\"inLanguage\":\"hu\"},{\"@type\":\"WebPage\",\"@id\":\"http:\/\/www.hfc1912.hu\/new\/2026\/03\/09\/u19-gyozelemmel-felero-dontetlen-szentesen\/\",\"url\":\"http:\/\/www.hfc1912.hu\/new\/2026\/03\/09\/u19-gyozelemmel-felero-dontetlen-szentesen\/\",\"name\":\"U19: Gy\u0151zelemmel fel\u00e9r\u0151 d\u00f6ntetlen Szentesen - H\u00f3dmez\u0151v\u00e1s\u00e1rhelyi Futball Club\",\"isPartOf\":{\"@id\":\"http:\/\/www.hfc1912.hu\/new\/#website\"},\"datePublished\":\"2026-03-09T21:05:00+00:00\",\"dateModified\":\"2026-03-12T17:08:29+00:00\",\"breadcrumb\":{\"@id\":\"http:\/\/www.hfc1912.hu\/new\/2026\/03\/09\/u19-gyozelemmel-felero-dontetlen-szentesen\/#breadcrumb\"},\"inLanguage\":\"hu\",\"potentialAction\":[{\"@type\":\"ReadAction\",\"target\":[\"http:\/\/www.hfc1912.hu\/new\/2026\/03\/09\/u19-gyozelemmel-felero-dontetlen-szentesen\/\"]}]},{\"@type\":\"BreadcrumbList\",\"@id\":\"http:\/\/www.hfc1912.hu\/new\/2026\/03\/09\/u19-gyozelemmel-felero-dontetlen-szentesen\/#breadcrumb\",\"itemListElement\":[{\"@type\":\"ListItem\",\"position\":1,\"name\":\"Home\",\"item\":\"http:\/\/www.hfc1912.hu\/new\/\"},{\"@type\":\"ListItem\",\"position\":2,\"name\":\"U19: Gy\u0151zelemmel fel\u00e9r\u0151 d\u00f6ntetlen Szentesen\"}]},{\"@type\":\"WebSite\",\"@id\":\"http:\/\/www.hfc1912.hu\/new\/#website\",\"url\":\"http:\/\/www.hfc1912.hu\/new\/\",\"name\":\"H\u00f3dmez\u0151v\u00e1s\u00e1rhelyi Futball Club\",\"description\":\"H\u00f3dmez\u0151v\u00e1s\u00e1rhelyi Futball Club hivatalos honlapja\",\"publisher\":{\"@id\":\"http:\/\/www.hfc1912.hu\/new\/#organization\"},\"potentialAction\":[{\"@type\":\"SearchAction\",\"target\":{\"@type\":\"EntryPoint\",\"urlTemplate\":\"http:\/\/www.hfc1912.hu\/new\/?s={search_term_string}\"},\"query-input\":\"required name=search_term_string\"}],\"inLanguage\":\"hu\"},{\"@type\":\"Organization\",\"@id\":\"http:\/\/www.hfc1912.hu\/new\/#organization\",\"name\":\"H\u00f3dmez\u0151v\u00e1s\u00e1rhelyi Futball Club\",\"url\":\"http:\/\/www.hfc1912.hu\/new\/\",\"sameAs\":[],\"logo\":{\"@type\":\"ImageObject\",\"inLanguage\":\"hu\",\"@id\":\"http:\/\/www.hfc1912.hu\/new\/#\/schema\/logo\/image\/\",\"url\":\"http:\/\/www.hfc1912.hu\/new\/wp-content\/uploads\/2021\/12\/cropped-V\u00e9gleges_c\u00edmer_atlatszo150162.png\",\"contentUrl\":\"http:\/\/www.hfc1912.hu\/new\/wp-content\/uploads\/2021\/12\/cropped-V\u00e9gleges_c\u00edmer_atlatszo150162.png\",\"width\":150,\"height\":162,\"caption\":\"H\u00f3dmez\u0151v\u00e1s\u00e1rhelyi Futball Club\"},\"image\":{\"@id\":\"http:\/\/www.hfc1912.hu\/new\/#\/schema\/logo\/image\/\"}},{\"@type\":\"Person\",\"@id\":\"http:\/\/www.hfc1912.hu\/new\/#\/schema\/person\/05b742beb40ec0a8f805c71953628e65\",\"name\":\"Fejes Loretta\",\"image\":{\"@type\":\"ImageObject\",\"inLanguage\":\"hu\",\"@id\":\"http:\/\/www.hfc1912.hu\/new\/#\/schema\/person\/image\/\",\"url\":\"http:\/\/0.gravatar.com\/avatar\/392d3c91f023210838ae5eb949191c81?s=96&d=mm&r=g\",\"contentUrl\":\"http:\/\/0.gravatar.com\/avatar\/392d3c91f023210838ae5eb949191c81?s=96&d=mm&r=g\",\"caption\":\"Fejes Loretta\"},\"url\":\"http:\/\/www.hfc1912.hu\/new\/author\/lori\/\"}]}<\/script>\n<!-- \/ Yoast SEO plugin. -->","yoast_head_json":{"title":"U19: Gy\u0151zelemmel fel\u00e9r\u0151 d\u00f6ntetlen Szentesen - H\u00f3dmez\u0151v\u00e1s\u00e1rhelyi Futball Club","robots":{"index":"index","follow":"follow","max-snippet":"max-snippet:-1","max-image-preview":"max-image-preview:large","max-video-preview":"max-video-preview:-1"},"canonical":"http:\/\/www.hfc1912.hu\/new\/2026\/03\/09\/u19-gyozelemmel-felero-dontetlen-szentesen\/","og_locale":"hu_HU","og_type":"article","og_title":"U19: Gy\u0151zelemmel fel\u00e9r\u0151 d\u00f6ntetlen Szentesen - H\u00f3dmez\u0151v\u00e1s\u00e1rhelyi Futball Club","og_description":"Szentesi Kinizsi U19 &#8211; HFC U19 2-2 (1-1) G\u00f3lszerz\u0151k: Homoki (33.), \u00dcrm\u00f6s (82.) ill. Papp (46.), Sallai (66.) U19-es csapatunk a Szentesi Kinizsi U19 ellen...","og_url":"http:\/\/www.hfc1912.hu\/new\/2026\/03\/09\/u19-gyozelemmel-felero-dontetlen-szentesen\/","og_site_name":"H\u00f3dmez\u0151v\u00e1s\u00e1rhelyi Futball Club","article_published_time":"2026-03-09T21:05:00+00:00","article_modified_time":"2026-03-12T17:08:29+00:00","og_image":[{"width":2000,"height":1333,"url":"http:\/\/www.hfc1912.hu\/new\/wp-content\/uploads\/2025\/10\/att.c3-t_u6641nto-bycndu6qukpjxvtvpsyxwmjhgtqo0-1.jpg","type":"image\/jpeg"}],"author":"Fejes Loretta","twitter_card":"summary_large_image","twitter_misc":{"Written by":"Fejes Loretta","Est. reading time":"1 perc"},"schema":{"@context":"https:\/\/schema.org","@graph":[{"@type":"Article","@id":"http:\/\/www.hfc1912.hu\/new\/2026\/03\/09\/u19-gyozelemmel-felero-dontetlen-szentesen\/#article","isPartOf":{"@id":"http:\/\/www.hfc1912.hu\/new\/2026\/03\/09\/u19-gyozelemmel-felero-dontetlen-szentesen\/"},"author":{"name":"Fejes Loretta","@id":"http:\/\/www.hfc1912.hu\/new\/#\/schema\/person\/05b742beb40ec0a8f805c71953628e65"},"headline":"U19: Gy\u0151zelemmel fel\u00e9r\u0151 d\u00f6ntetlen Szentesen","datePublished":"2026-03-09T21:05:00+00:00","dateModified":"2026-03-12T17:08:29+00:00","mainEntityOfPage":{"@id":"http:\/\/www.hfc1912.hu\/new\/2026\/03\/09\/u19-gyozelemmel-felero-dontetlen-szentesen\/"},"wordCount":251,"publisher":{"@id":"http:\/\/www.hfc1912.hu\/new\/#organization"},"keywords":["HFC","HFC U19","H\u00f3dmez\u0151v\u00e1s\u00e1rhely","H\u00f3dmez\u0151v\u00e1s\u00e1rhelyi FC","U19"],"articleSection":["H\u00edreink"],"inLanguage":"hu"},{"@type":"WebPage","@id":"http:\/\/www.hfc1912.hu\/new\/2026\/03\/09\/u19-gyozelemmel-felero-dontetlen-szentesen\/","url":"http:\/\/www.hfc1912.hu\/new\/2026\/03\/09\/u19-gyozelemmel-felero-dontetlen-szentesen\/","name":"U19: Gy\u0151zelemmel fel\u00e9r\u0151 d\u00f6ntetlen Szentesen - H\u00f3dmez\u0151v\u00e1s\u00e1rhelyi Futball Club","isPartOf":{"@id":"http:\/\/www.hfc1912.hu\/new\/#website"},"datePublished":"2026-03-09T21:05:00+00:00","dateModified":"2026-03-12T17:08:29+00:00","breadcrumb":{"@id":"http:\/\/www.hfc1912.hu\/new\/2026\/03\/09\/u19-gyozelemmel-felero-dontetlen-szentesen\/#breadcrumb"},"inLanguage":"hu","potentialAction":[{"@type":"ReadAction","target":["http:\/\/www.hfc1912.hu\/new\/2026\/03\/09\/u19-gyozelemmel-felero-dontetlen-szentesen\/"]}]},{"@type":"BreadcrumbList","@id":"http:\/\/www.hfc1912.hu\/new\/2026\/03\/09\/u19-gyozelemmel-felero-dontetlen-szentesen\/#breadcrumb","itemListElement":[{"@type":"ListItem","position":1,"name":"Home","item":"http:\/\/www.hfc1912.hu\/new\/"},{"@type":"ListItem","position":2,"name":"U19: Gy\u0151zelemmel fel\u00e9r\u0151 d\u00f6ntetlen Szentesen"}]},{"@type":"WebSite","@id":"http:\/\/www.hfc1912.hu\/new\/#website","url":"http:\/\/www.hfc1912.hu\/new\/","name":"H\u00f3dmez\u0151v\u00e1s\u00e1rhelyi Futball Club","description":"H\u00f3dmez\u0151v\u00e1s\u00e1rhelyi Futball Club hivatalos honlapja","publisher":{"@id":"http:\/\/www.hfc1912.hu\/new\/#organization"},"potentialAction":[{"@type":"SearchAction","target":{"@type":"EntryPoint","urlTemplate":"http:\/\/www.hfc1912.hu\/new\/?s={search_term_string}"},"query-input":"required name=search_term_string"}],"inLanguage":"hu"},{"@type":"Organization","@id":"http:\/\/www.hfc1912.hu\/new\/#organization","name":"H\u00f3dmez\u0151v\u00e1s\u00e1rhelyi Futball Club","url":"http:\/\/www.hfc1912.hu\/new\/","sameAs":[],"logo":{"@type":"ImageObject","inLanguage":"hu","@id":"http:\/\/www.hfc1912.hu\/new\/#\/schema\/logo\/image\/","url":"http:\/\/www.hfc1912.hu\/new\/wp-content\/uploads\/2021\/12\/cropped-V\u00e9gleges_c\u00edmer_atlatszo150162.png","contentUrl":"http:\/\/www.hfc1912.hu\/new\/wp-content\/uploads\/2021\/12\/cropped-V\u00e9gleges_c\u00edmer_atlatszo150162.png","width":150,"height":162,"caption":"H\u00f3dmez\u0151v\u00e1s\u00e1rhelyi Futball Club"},"image":{"@id":"http:\/\/www.hfc1912.hu\/new\/#\/schema\/logo\/image\/"}},{"@type":"Person","@id":"http:\/\/www.hfc1912.hu\/new\/#\/schema\/person\/05b742beb40ec0a8f805c71953628e65","name":"Fejes Loretta","image":{"@type":"ImageObject","inLanguage":"hu","@id":"http:\/\/www.hfc1912.hu\/new\/#\/schema\/person\/image\/","url":"http:\/\/0.gravatar.com\/avatar\/392d3c91f023210838ae5eb949191c81?s=96&d=mm&r=g","contentUrl":"http:\/\/0.gravatar.com\/avatar\/392d3c91f023210838ae5eb949191c81?s=96&d=mm&r=g","caption":"Fejes Loretta"},"url":"http:\/\/www.hfc1912.hu\/new\/author\/lori\/"}]}},"_links":{"self":[{"href":"http:\/\/www.hfc1912.hu\/new\/wp-json\/wp\/v2\/posts\/8646"}],"collection":[{"href":"http:\/\/www.hfc1912.hu\/new\/wp-json\/wp\/v2\/posts"}],"about":[{"href":"http:\/\/www.hfc1912.hu\/new\/wp-json\/wp\/v2\/types\/post"}],"author":[{"embeddable":true,"href":"http:\/\/www.hfc1912.hu\/new\/wp-json\/wp\/v2\/users\/4"}],"replies":[{"embeddable":true,"href":"http:\/\/www.hfc1912.hu\/new\/wp-json\/wp\/v2\/comments?post=8646"}],"version-history":[{"count":2,"href":"http:\/\/www.hfc1912.hu\/new\/wp-json\/wp\/v2\/posts\/8646\/revisions"}],"predecessor-version":[{"id":8649,"href":"http:\/\/www.hfc1912.hu\/new\/wp-json\/wp\/v2\/posts\/8646\/revisions\/8649"}],"wp:featuredmedia":[{"embeddable":true,"href":"http:\/\/www.hfc1912.hu\/new\/wp-json\/wp\/v2\/media\/8445"}],"wp:attachment":[{"href":"http:\/\/www.hfc1912.hu\/new\/wp-json\/wp\/v2\/media?parent=8646"}],"wp:term":[{"taxonomy":"category","embeddable":true,"href":"http:\/\/www.hfc1912.hu\/new\/wp-json\/wp\/v2\/categories?post=8646"},{"taxonomy":"post_tag","embeddable":true,"href":"http:\/\/www.hfc1912.hu\/new\/wp-json\/wp\/v2\/tags?post=8646"}],"curies":[{"name":"wp","href":"https:\/\/api.w.org\/{rel}","templated":true}]}}