{"id":8696,"date":"2026-04-29T07:56:00","date_gmt":"2026-04-29T05:56:00","guid":{"rendered":"http:\/\/www.hfc1912.hu\/new\/?p=8696"},"modified":"2026-05-01T07:56:44","modified_gmt":"2026-05-01T05:56:44","slug":"nagy-lepest-tett-a-bajnoki-cim-fele-u14-es-csapatunk","status":"publish","type":"post","link":"http:\/\/www.hfc1912.hu\/new\/2026\/04\/29\/nagy-lepest-tett-a-bajnoki-cim-fele-u14-es-csapatunk\/","title":{"rendered":"Nagy l\u00e9p\u00e9st tett a bajnoki c\u00edm fel\u00e9 U14-es csapatunk."},"content":{"rendered":"\n<p class=\"p1\">SZEOL &#8211; HFC 1-2 (0-0).<\/p>\n\n\n\n<p class=\"p1\">G\u00f3lszerz\u0151k: Jochim (60., 66.) ill. Sz\u00e1mfira (74.).<\/p>\n\n\n\n<p class=\"p1\">Ki\u00e1ll\u00edtva: Lakatos-T\u00f3th&nbsp;<\/p>\n\n\n\n<p class=\"p1\">MLSZ Region\u00e1lis U14 Alap, D\u00e9lkelet csoport 20. fordul\u00f3.<\/p>\n\n\n\n<p class=\"p1\">2026.04.19. 10:00<\/p>\n\n\n\n<p class=\"p1\">Szeged, SZEOL SC Szalai &#8220;Dzsin\u00f3&#8221; Istv\u00e1n Sporttelep.<\/p>\n\n\n\n<p class=\"p1\"><strong>SZEOL SC U14:<\/strong><\/p>\n\n\n\n<p class=\"p1\">Erhardt &#8211; Gergely, Voz\u00e1r, Ambrus, Bubrj\u00e1k-Goda, Fekete-Szab\u00f3, Bakaity, S\u00e1ndor, Mohl, Baranyi, Tchunkam-Simo.<\/p>\n\n\n\n<p class=\"p1\">Csere: Babilai, Sz\u00e1mfira, Kiss, Magos-D\u00f3ra, N\u00e9meth, Bikhazi.<\/p>\n\n\n\n<p class=\"p1\">Edz\u0151: B\u00f3ka Ferenc.<\/p>\n\n\n\n<p class=\"p1\"><strong>HFC U14:<\/strong><\/p>\n\n\n\n<p class=\"p1\">Csanki &#8211; Ritzl, Berei, Lakatos-T\u00f3th, Kov\u00e1cs K., &#8211; Forrai, Szab\u00f3 \u00c1kos, Kov\u00e1cs M., &#8211; Tan\u00e1cs, Szemenyei, Jochim<\/p>\n\n\n\n<p class=\"p1\">Cser\u00e9k: G\u00e9mes, Szab\u00f3 \u00c1d\u00e1m, Perei, Higi<\/p>\n\n\n\n<p class=\"p1\">Edz\u0151: Bacsa Zsolt&nbsp;<\/p>\n\n\n\n<p class=\"p1\"><em><strong>Nyilatkozat: <\/strong>Gratul\u00e1lok a csapatnak, hogy a bajnoki c\u00edm szempontj\u00e1b\u00f3l d\u00f6nt\u0151 jelent\u0151s\u00e9g\u0171 m\u00e9rk\u0151z\u00e9st meg tudta nyerni. A v\u00e9g\u00e9t kicsit szoross\u00e1 tett\u00fck, de \u00edgy is nagyon \u00f6r\u00fcl\u00fcnk. A s\u00e9r\u00fclt szegedi j\u00e1t\u00e9kosnak jobbul\u00e1st k\u00edv\u00e1nunk! A s\u00e9r\u00fcl\u00e9s egy v\u00e9letlen eset ut\u00e1n t\u00f6rt\u00e9nt, nem akartunk s\u00e9r\u00fcl\u00e9st okozni.<\/em><\/p>\n\n\n\n<p><\/p>\n","protected":false},"excerpt":{"rendered":"<p>SZEOL &#8211; HFC 1-2 (0-0). G\u00f3lszerz\u0151k: Jochim (60., 66.) ill. Sz\u00e1mfira (74.). Ki\u00e1ll\u00edtva: Lakatos-T\u00f3th&nbsp; MLSZ Region\u00e1lis U14 Alap, D\u00e9lkelet csoport 20. fordul\u00f3. 2026.04.19. 10:00 Szeged,&#8230;<\/p>\n","protected":false},"author":4,"featured_media":8695,"comment_status":"closed","ping_status":"closed","sticky":false,"template":"","format":"standard","meta":[],"categories":[1],"tags":[65,73,75,76,77,72],"yoast_head":"<!-- This site is optimized with the Yoast SEO plugin v19.8 - https:\/\/yoast.com\/wordpress\/plugins\/seo\/ -->\n<title>Nagy l\u00e9p\u00e9st tett a bajnoki c\u00edm fel\u00e9 U14-es csapatunk. - H\u00f3dmez\u0151v\u00e1s\u00e1rhelyi Futball Club<\/title>\n<meta name=\"robots\" content=\"index, follow, max-snippet:-1, max-image-preview:large, max-video-preview:-1\" \/>\n<link rel=\"canonical\" href=\"http:\/\/www.hfc1912.hu\/new\/2026\/04\/29\/nagy-lepest-tett-a-bajnoki-cim-fele-u14-es-csapatunk\/\" \/>\n<meta property=\"og:locale\" content=\"hu_HU\" \/>\n<meta property=\"og:type\" content=\"article\" \/>\n<meta property=\"og:title\" content=\"Nagy l\u00e9p\u00e9st tett a bajnoki c\u00edm fel\u00e9 U14-es csapatunk. - H\u00f3dmez\u0151v\u00e1s\u00e1rhelyi Futball Club\" \/>\n<meta property=\"og:description\" content=\"SZEOL &#8211; HFC 1-2 (0-0). G\u00f3lszerz\u0151k: Jochim (60., 66.) ill. Sz\u00e1mfira (74.). Ki\u00e1ll\u00edtva: Lakatos-T\u00f3th&nbsp; MLSZ Region\u00e1lis U14 Alap, D\u00e9lkelet csoport 20. fordul\u00f3. 2026.04.19. 10:00 Szeged,...\" \/>\n<meta property=\"og:url\" content=\"http:\/\/www.hfc1912.hu\/new\/2026\/04\/29\/nagy-lepest-tett-a-bajnoki-cim-fele-u14-es-csapatunk\/\" \/>\n<meta property=\"og:site_name\" content=\"H\u00f3dmez\u0151v\u00e1s\u00e1rhelyi Futball Club\" \/>\n<meta property=\"article:published_time\" content=\"2026-04-29T05:56:00+00:00\" \/>\n<meta property=\"article:modified_time\" content=\"2026-05-01T05:56:44+00:00\" \/>\n<meta property=\"og:image\" content=\"http:\/\/www.hfc1912.hu\/new\/wp-content\/uploads\/2026\/05\/ne\u0301vtelen-terv-1024x768.png\" \/>\n\t<meta property=\"og:image:width\" content=\"1024\" \/>\n\t<meta property=\"og:image:height\" content=\"768\" \/>\n\t<meta property=\"og:image:type\" content=\"image\/png\" \/>\n<meta name=\"author\" content=\"Fejes Loretta\" \/>\n<meta name=\"twitter:card\" content=\"summary_large_image\" \/>\n<meta name=\"twitter:label1\" content=\"Written by\" \/>\n\t<meta name=\"twitter:data1\" content=\"Fejes Loretta\" \/>\n\t<meta name=\"twitter:label2\" content=\"Est. reading time\" \/>\n\t<meta name=\"twitter:data2\" content=\"1 perc\" \/>\n<script type=\"application\/ld+json\" class=\"yoast-schema-graph\">{\"@context\":\"https:\/\/schema.org\",\"@graph\":[{\"@type\":\"Article\",\"@id\":\"http:\/\/www.hfc1912.hu\/new\/2026\/04\/29\/nagy-lepest-tett-a-bajnoki-cim-fele-u14-es-csapatunk\/#article\",\"isPartOf\":{\"@id\":\"http:\/\/www.hfc1912.hu\/new\/2026\/04\/29\/nagy-lepest-tett-a-bajnoki-cim-fele-u14-es-csapatunk\/\"},\"author\":{\"name\":\"Fejes Loretta\",\"@id\":\"http:\/\/www.hfc1912.hu\/new\/#\/schema\/person\/05b742beb40ec0a8f805c71953628e65\"},\"headline\":\"Nagy l\u00e9p\u00e9st tett a bajnoki c\u00edm fel\u00e9 U14-es csapatunk.\",\"datePublished\":\"2026-04-29T05:56:00+00:00\",\"dateModified\":\"2026-05-01T05:56:44+00:00\",\"mainEntityOfPage\":{\"@id\":\"http:\/\/www.hfc1912.hu\/new\/2026\/04\/29\/nagy-lepest-tett-a-bajnoki-cim-fele-u14-es-csapatunk\/\"},\"wordCount\":190,\"publisher\":{\"@id\":\"http:\/\/www.hfc1912.hu\/new\/#organization\"},\"keywords\":[\"HFC\",\"HFC U14\",\"H\u00f3dmez\u0151v\u00e1s\u00e1rhely\",\"H\u00f3dmez\u0151v\u00e1s\u00e1rhelyi FC\",\"labdar\u00fag\u00e1s\",\"U14\"],\"articleSection\":[\"H\u00edreink\"],\"inLanguage\":\"hu\"},{\"@type\":\"WebPage\",\"@id\":\"http:\/\/www.hfc1912.hu\/new\/2026\/04\/29\/nagy-lepest-tett-a-bajnoki-cim-fele-u14-es-csapatunk\/\",\"url\":\"http:\/\/www.hfc1912.hu\/new\/2026\/04\/29\/nagy-lepest-tett-a-bajnoki-cim-fele-u14-es-csapatunk\/\",\"name\":\"Nagy l\u00e9p\u00e9st tett a bajnoki c\u00edm fel\u00e9 U14-es csapatunk. - H\u00f3dmez\u0151v\u00e1s\u00e1rhelyi Futball Club\",\"isPartOf\":{\"@id\":\"http:\/\/www.hfc1912.hu\/new\/#website\"},\"datePublished\":\"2026-04-29T05:56:00+00:00\",\"dateModified\":\"2026-05-01T05:56:44+00:00\",\"breadcrumb\":{\"@id\":\"http:\/\/www.hfc1912.hu\/new\/2026\/04\/29\/nagy-lepest-tett-a-bajnoki-cim-fele-u14-es-csapatunk\/#breadcrumb\"},\"inLanguage\":\"hu\",\"potentialAction\":[{\"@type\":\"ReadAction\",\"target\":[\"http:\/\/www.hfc1912.hu\/new\/2026\/04\/29\/nagy-lepest-tett-a-bajnoki-cim-fele-u14-es-csapatunk\/\"]}]},{\"@type\":\"BreadcrumbList\",\"@id\":\"http:\/\/www.hfc1912.hu\/new\/2026\/04\/29\/nagy-lepest-tett-a-bajnoki-cim-fele-u14-es-csapatunk\/#breadcrumb\",\"itemListElement\":[{\"@type\":\"ListItem\",\"position\":1,\"name\":\"Home\",\"item\":\"http:\/\/www.hfc1912.hu\/new\/\"},{\"@type\":\"ListItem\",\"position\":2,\"name\":\"Nagy l\u00e9p\u00e9st tett a bajnoki c\u00edm fel\u00e9 U14-es csapatunk.\"}]},{\"@type\":\"WebSite\",\"@id\":\"http:\/\/www.hfc1912.hu\/new\/#website\",\"url\":\"http:\/\/www.hfc1912.hu\/new\/\",\"name\":\"H\u00f3dmez\u0151v\u00e1s\u00e1rhelyi Futball Club\",\"description\":\"H\u00f3dmez\u0151v\u00e1s\u00e1rhelyi Futball Club hivatalos honlapja\",\"publisher\":{\"@id\":\"http:\/\/www.hfc1912.hu\/new\/#organization\"},\"potentialAction\":[{\"@type\":\"SearchAction\",\"target\":{\"@type\":\"EntryPoint\",\"urlTemplate\":\"http:\/\/www.hfc1912.hu\/new\/?s={search_term_string}\"},\"query-input\":\"required name=search_term_string\"}],\"inLanguage\":\"hu\"},{\"@type\":\"Organization\",\"@id\":\"http:\/\/www.hfc1912.hu\/new\/#organization\",\"name\":\"H\u00f3dmez\u0151v\u00e1s\u00e1rhelyi Futball Club\",\"url\":\"http:\/\/www.hfc1912.hu\/new\/\",\"sameAs\":[],\"logo\":{\"@type\":\"ImageObject\",\"inLanguage\":\"hu\",\"@id\":\"http:\/\/www.hfc1912.hu\/new\/#\/schema\/logo\/image\/\",\"url\":\"http:\/\/www.hfc1912.hu\/new\/wp-content\/uploads\/2021\/12\/cropped-V\u00e9gleges_c\u00edmer_atlatszo150162.png\",\"contentUrl\":\"http:\/\/www.hfc1912.hu\/new\/wp-content\/uploads\/2021\/12\/cropped-V\u00e9gleges_c\u00edmer_atlatszo150162.png\",\"width\":150,\"height\":162,\"caption\":\"H\u00f3dmez\u0151v\u00e1s\u00e1rhelyi Futball Club\"},\"image\":{\"@id\":\"http:\/\/www.hfc1912.hu\/new\/#\/schema\/logo\/image\/\"}},{\"@type\":\"Person\",\"@id\":\"http:\/\/www.hfc1912.hu\/new\/#\/schema\/person\/05b742beb40ec0a8f805c71953628e65\",\"name\":\"Fejes Loretta\",\"image\":{\"@type\":\"ImageObject\",\"inLanguage\":\"hu\",\"@id\":\"http:\/\/www.hfc1912.hu\/new\/#\/schema\/person\/image\/\",\"url\":\"http:\/\/0.gravatar.com\/avatar\/392d3c91f023210838ae5eb949191c81?s=96&d=mm&r=g\",\"contentUrl\":\"http:\/\/0.gravatar.com\/avatar\/392d3c91f023210838ae5eb949191c81?s=96&d=mm&r=g\",\"caption\":\"Fejes Loretta\"},\"url\":\"http:\/\/www.hfc1912.hu\/new\/author\/lori\/\"}]}<\/script>\n<!-- \/ Yoast SEO plugin. -->","yoast_head_json":{"title":"Nagy l\u00e9p\u00e9st tett a bajnoki c\u00edm fel\u00e9 U14-es csapatunk. - H\u00f3dmez\u0151v\u00e1s\u00e1rhelyi Futball Club","robots":{"index":"index","follow":"follow","max-snippet":"max-snippet:-1","max-image-preview":"max-image-preview:large","max-video-preview":"max-video-preview:-1"},"canonical":"http:\/\/www.hfc1912.hu\/new\/2026\/04\/29\/nagy-lepest-tett-a-bajnoki-cim-fele-u14-es-csapatunk\/","og_locale":"hu_HU","og_type":"article","og_title":"Nagy l\u00e9p\u00e9st tett a bajnoki c\u00edm fel\u00e9 U14-es csapatunk. - H\u00f3dmez\u0151v\u00e1s\u00e1rhelyi Futball Club","og_description":"SZEOL &#8211; HFC 1-2 (0-0). G\u00f3lszerz\u0151k: Jochim (60., 66.) ill. Sz\u00e1mfira (74.). Ki\u00e1ll\u00edtva: Lakatos-T\u00f3th&nbsp; MLSZ Region\u00e1lis U14 Alap, D\u00e9lkelet csoport 20. fordul\u00f3. 2026.04.19. 10:00 Szeged,...","og_url":"http:\/\/www.hfc1912.hu\/new\/2026\/04\/29\/nagy-lepest-tett-a-bajnoki-cim-fele-u14-es-csapatunk\/","og_site_name":"H\u00f3dmez\u0151v\u00e1s\u00e1rhelyi Futball Club","article_published_time":"2026-04-29T05:56:00+00:00","article_modified_time":"2026-05-01T05:56:44+00:00","og_image":[{"width":1024,"height":768,"url":"http:\/\/www.hfc1912.hu\/new\/wp-content\/uploads\/2026\/05\/ne\u0301vtelen-terv-1024x768.png","type":"image\/png"}],"author":"Fejes Loretta","twitter_card":"summary_large_image","twitter_misc":{"Written by":"Fejes Loretta","Est. reading time":"1 perc"},"schema":{"@context":"https:\/\/schema.org","@graph":[{"@type":"Article","@id":"http:\/\/www.hfc1912.hu\/new\/2026\/04\/29\/nagy-lepest-tett-a-bajnoki-cim-fele-u14-es-csapatunk\/#article","isPartOf":{"@id":"http:\/\/www.hfc1912.hu\/new\/2026\/04\/29\/nagy-lepest-tett-a-bajnoki-cim-fele-u14-es-csapatunk\/"},"author":{"name":"Fejes Loretta","@id":"http:\/\/www.hfc1912.hu\/new\/#\/schema\/person\/05b742beb40ec0a8f805c71953628e65"},"headline":"Nagy l\u00e9p\u00e9st tett a bajnoki c\u00edm fel\u00e9 U14-es csapatunk.","datePublished":"2026-04-29T05:56:00+00:00","dateModified":"2026-05-01T05:56:44+00:00","mainEntityOfPage":{"@id":"http:\/\/www.hfc1912.hu\/new\/2026\/04\/29\/nagy-lepest-tett-a-bajnoki-cim-fele-u14-es-csapatunk\/"},"wordCount":190,"publisher":{"@id":"http:\/\/www.hfc1912.hu\/new\/#organization"},"keywords":["HFC","HFC U14","H\u00f3dmez\u0151v\u00e1s\u00e1rhely","H\u00f3dmez\u0151v\u00e1s\u00e1rhelyi FC","labdar\u00fag\u00e1s","U14"],"articleSection":["H\u00edreink"],"inLanguage":"hu"},{"@type":"WebPage","@id":"http:\/\/www.hfc1912.hu\/new\/2026\/04\/29\/nagy-lepest-tett-a-bajnoki-cim-fele-u14-es-csapatunk\/","url":"http:\/\/www.hfc1912.hu\/new\/2026\/04\/29\/nagy-lepest-tett-a-bajnoki-cim-fele-u14-es-csapatunk\/","name":"Nagy l\u00e9p\u00e9st tett a bajnoki c\u00edm fel\u00e9 U14-es csapatunk. - H\u00f3dmez\u0151v\u00e1s\u00e1rhelyi Futball Club","isPartOf":{"@id":"http:\/\/www.hfc1912.hu\/new\/#website"},"datePublished":"2026-04-29T05:56:00+00:00","dateModified":"2026-05-01T05:56:44+00:00","breadcrumb":{"@id":"http:\/\/www.hfc1912.hu\/new\/2026\/04\/29\/nagy-lepest-tett-a-bajnoki-cim-fele-u14-es-csapatunk\/#breadcrumb"},"inLanguage":"hu","potentialAction":[{"@type":"ReadAction","target":["http:\/\/www.hfc1912.hu\/new\/2026\/04\/29\/nagy-lepest-tett-a-bajnoki-cim-fele-u14-es-csapatunk\/"]}]},{"@type":"BreadcrumbList","@id":"http:\/\/www.hfc1912.hu\/new\/2026\/04\/29\/nagy-lepest-tett-a-bajnoki-cim-fele-u14-es-csapatunk\/#breadcrumb","itemListElement":[{"@type":"ListItem","position":1,"name":"Home","item":"http:\/\/www.hfc1912.hu\/new\/"},{"@type":"ListItem","position":2,"name":"Nagy l\u00e9p\u00e9st tett a bajnoki c\u00edm fel\u00e9 U14-es csapatunk."}]},{"@type":"WebSite","@id":"http:\/\/www.hfc1912.hu\/new\/#website","url":"http:\/\/www.hfc1912.hu\/new\/","name":"H\u00f3dmez\u0151v\u00e1s\u00e1rhelyi Futball Club","description":"H\u00f3dmez\u0151v\u00e1s\u00e1rhelyi Futball Club hivatalos honlapja","publisher":{"@id":"http:\/\/www.hfc1912.hu\/new\/#organization"},"potentialAction":[{"@type":"SearchAction","target":{"@type":"EntryPoint","urlTemplate":"http:\/\/www.hfc1912.hu\/new\/?s={search_term_string}"},"query-input":"required name=search_term_string"}],"inLanguage":"hu"},{"@type":"Organization","@id":"http:\/\/www.hfc1912.hu\/new\/#organization","name":"H\u00f3dmez\u0151v\u00e1s\u00e1rhelyi Futball Club","url":"http:\/\/www.hfc1912.hu\/new\/","sameAs":[],"logo":{"@type":"ImageObject","inLanguage":"hu","@id":"http:\/\/www.hfc1912.hu\/new\/#\/schema\/logo\/image\/","url":"http:\/\/www.hfc1912.hu\/new\/wp-content\/uploads\/2021\/12\/cropped-V\u00e9gleges_c\u00edmer_atlatszo150162.png","contentUrl":"http:\/\/www.hfc1912.hu\/new\/wp-content\/uploads\/2021\/12\/cropped-V\u00e9gleges_c\u00edmer_atlatszo150162.png","width":150,"height":162,"caption":"H\u00f3dmez\u0151v\u00e1s\u00e1rhelyi Futball Club"},"image":{"@id":"http:\/\/www.hfc1912.hu\/new\/#\/schema\/logo\/image\/"}},{"@type":"Person","@id":"http:\/\/www.hfc1912.hu\/new\/#\/schema\/person\/05b742beb40ec0a8f805c71953628e65","name":"Fejes Loretta","image":{"@type":"ImageObject","inLanguage":"hu","@id":"http:\/\/www.hfc1912.hu\/new\/#\/schema\/person\/image\/","url":"http:\/\/0.gravatar.com\/avatar\/392d3c91f023210838ae5eb949191c81?s=96&d=mm&r=g","contentUrl":"http:\/\/0.gravatar.com\/avatar\/392d3c91f023210838ae5eb949191c81?s=96&d=mm&r=g","caption":"Fejes Loretta"},"url":"http:\/\/www.hfc1912.hu\/new\/author\/lori\/"}]}},"_links":{"self":[{"href":"http:\/\/www.hfc1912.hu\/new\/wp-json\/wp\/v2\/posts\/8696"}],"collection":[{"href":"http:\/\/www.hfc1912.hu\/new\/wp-json\/wp\/v2\/posts"}],"about":[{"href":"http:\/\/www.hfc1912.hu\/new\/wp-json\/wp\/v2\/types\/post"}],"author":[{"embeddable":true,"href":"http:\/\/www.hfc1912.hu\/new\/wp-json\/wp\/v2\/users\/4"}],"replies":[{"embeddable":true,"href":"http:\/\/www.hfc1912.hu\/new\/wp-json\/wp\/v2\/comments?post=8696"}],"version-history":[{"count":1,"href":"http:\/\/www.hfc1912.hu\/new\/wp-json\/wp\/v2\/posts\/8696\/revisions"}],"predecessor-version":[{"id":8697,"href":"http:\/\/www.hfc1912.hu\/new\/wp-json\/wp\/v2\/posts\/8696\/revisions\/8697"}],"wp:featuredmedia":[{"embeddable":true,"href":"http:\/\/www.hfc1912.hu\/new\/wp-json\/wp\/v2\/media\/8695"}],"wp:attachment":[{"href":"http:\/\/www.hfc1912.hu\/new\/wp-json\/wp\/v2\/media?parent=8696"}],"wp:term":[{"taxonomy":"category","embeddable":true,"href":"http:\/\/www.hfc1912.hu\/new\/wp-json\/wp\/v2\/categories?post=8696"},{"taxonomy":"post_tag","embeddable":true,"href":"http:\/\/www.hfc1912.hu\/new\/wp-json\/wp\/v2\/tags?post=8696"}],"curies":[{"name":"wp","href":"https:\/\/api.w.org\/{rel}","templated":true}]}}