{"id":8702,"date":"2026-04-21T08:10:00","date_gmt":"2026-04-21T06:10:00","guid":{"rendered":"http:\/\/www.hfc1912.hu\/new\/?p=8702"},"modified":"2026-05-01T08:11:14","modified_gmt":"2026-05-01T06:11:14","slug":"nem-ert-pontot-a-jo-jatek","status":"publish","type":"post","link":"http:\/\/www.hfc1912.hu\/new\/2026\/04\/21\/nem-ert-pontot-a-jo-jatek\/","title":{"rendered":"Nem \u00e9rt pontot a j\u00f3 j\u00e1t\u00e9k."},"content":{"rendered":"\n<h4 class=\"wp-block-heading\">HFC\u2013Gyula 1\u20132 (0\u20130)<\/h4>\n\n\n\n<p><strong>G\u00f3lszerz\u0151k:&nbsp;<\/strong>Gr\u00e9czi (48.), ill. M\u00e1ris (51. \u2013 11-esb\u0151l), Z\u00e1dori (63.).<\/p>\n\n\n\n<h5 class=\"wp-block-heading\">NB III., D\u00e9l-keleti csoport,&nbsp;<a href=\"https:\/\/adatbank.mlsz.hu\/match\/65\/0\/31782\/25\/2070108.html\" target=\"_blank\" rel=\"noreferrer noopener\">25. fordul\u00f3<\/a>.<br \/>H\u00f3dmez\u0151v\u00e1s\u00e1rhely.&nbsp;<\/h5>\n\n\n\n<h5 class=\"wp-block-heading\">Vezette:&nbsp;Muhari Gerg\u0151 (P\u00e1link\u00e1s, Dud\u00e1s).<\/h5>\n\n\n\n<h5 class=\"wp-block-heading\"><strong>HFC:&nbsp;<\/strong><\/h5>\n\n\n\n<h5 class=\"wp-block-heading\">K\u00e1lovits \u2013 Gr\u00e9czi, Zana, T\u00f6r\u00f6k, Nagy R. (\u00d6tv\u00f6s, 80.), Marsa, Hajnal, Guth, Kov\u00e1cs K., Hajduk, Moln\u00e1r B.&nbsp;<\/h5>\n\n\n\n<h5 class=\"wp-block-heading\"><strong>Edz\u0151:&nbsp;<\/strong>Sz\u0171cs R\u00f3bert.<\/h5>\n\n\n\n<h5 class=\"wp-block-heading\"><strong>Gyulai Term\u00e1l FC:<\/strong><\/h5>\n\n\n\n<h5 class=\"wp-block-heading\">F\u00fcst\u00f6s \u2013 G\u00f6bly\u00f6s, Szab\u00f3 Cs., Z\u00e1dori, Szab\u00f3 P. (Lesty\u00e1n, 65.), M\u00e1ris, Zabari, Katona (Zeleny\u00e1nszki, 68.), Constantinescu (Czirok, 83.), Trescsula (Kolarovszki, 83.), Szab\u00f3 Zs. (V\u00f6r\u00f6s, 65.).&nbsp;<\/h5>\n\n\n\n<h5 class=\"wp-block-heading\"><strong>Edz\u0151:<\/strong>&nbsp;Ekker Attila.<\/h5>\n\n\n\n<p><em><strong>Nyilatkozat: <\/strong>Nem \u00e9rdemelt\u00fcnk veres\u00e9get, minimum a d\u00f6ntetlenre r\u00e1szolg\u00e1ltunk volna. Hat\u00e9konyan, magas koncentr\u00e1ci\u00f3val j\u00e1tszottunk v\u00e9gig. Sorsd\u00f6nt\u0151nek bizonyult, hogy a vend\u00e9gek megkapt\u00e1k a tizenegyest, n\u00e1lunk viszont ez elmaradt.<\/em><\/p>\n\n\n\n<p>Vas\u00e1rnap 11 \u00f3rakor a f\u0151v\u00e1rosban l\u00e9p p\u00e1ly\u00e1ra NB III-as csapatunk.<\/p>\n","protected":false},"excerpt":{"rendered":"<p>HFC\u2013Gyula 1\u20132 (0\u20130) G\u00f3lszerz\u0151k:&nbsp;Gr\u00e9czi (48.), ill. M\u00e1ris (51. \u2013 11-esb\u0151l), Z\u00e1dori (63.). NB III., D\u00e9l-keleti csoport,&nbsp;25. fordul\u00f3.H\u00f3dmez\u0151v\u00e1s\u00e1rhely.&nbsp; Vezette:&nbsp;Muhari Gerg\u0151 (P\u00e1link\u00e1s, Dud\u00e1s). HFC:&nbsp; K\u00e1lovits \u2013 Gr\u00e9czi,&#8230;<\/p>\n","protected":false},"author":4,"featured_media":8701,"comment_status":"closed","ping_status":"closed","sticky":false,"template":"","format":"standard","meta":[],"categories":[1],"tags":[81,65,75,76,77,64],"yoast_head":"<!-- This site is optimized with the Yoast SEO plugin v19.8 - https:\/\/yoast.com\/wordpress\/plugins\/seo\/ -->\n<title>Nem \u00e9rt pontot a j\u00f3 j\u00e1t\u00e9k. - H\u00f3dmez\u0151v\u00e1s\u00e1rhelyi Futball Club<\/title>\n<meta name=\"robots\" content=\"index, follow, max-snippet:-1, max-image-preview:large, max-video-preview:-1\" \/>\n<link rel=\"canonical\" href=\"http:\/\/www.hfc1912.hu\/new\/2026\/04\/21\/nem-ert-pontot-a-jo-jatek\/\" \/>\n<meta property=\"og:locale\" content=\"hu_HU\" \/>\n<meta property=\"og:type\" content=\"article\" \/>\n<meta property=\"og:title\" content=\"Nem \u00e9rt pontot a j\u00f3 j\u00e1t\u00e9k. - H\u00f3dmez\u0151v\u00e1s\u00e1rhelyi Futball Club\" \/>\n<meta property=\"og:description\" content=\"HFC\u2013Gyula 1\u20132 (0\u20130) G\u00f3lszerz\u0151k:&nbsp;Gr\u00e9czi (48.), ill. M\u00e1ris (51. \u2013 11-esb\u0151l), Z\u00e1dori (63.). NB III., D\u00e9l-keleti csoport,&nbsp;25. fordul\u00f3.H\u00f3dmez\u0151v\u00e1s\u00e1rhely.&nbsp; Vezette:&nbsp;Muhari Gerg\u0151 (P\u00e1link\u00e1s, Dud\u00e1s). HFC:&nbsp; K\u00e1lovits \u2013 Gr\u00e9czi,...\" \/>\n<meta property=\"og:url\" content=\"http:\/\/www.hfc1912.hu\/new\/2026\/04\/21\/nem-ert-pontot-a-jo-jatek\/\" \/>\n<meta property=\"og:site_name\" content=\"H\u00f3dmez\u0151v\u00e1s\u00e1rhelyi Futball Club\" \/>\n<meta property=\"article:published_time\" content=\"2026-04-21T06:10:00+00:00\" \/>\n<meta property=\"article:modified_time\" content=\"2026-05-01T06:11:14+00:00\" \/>\n<meta property=\"og:image\" content=\"http:\/\/www.hfc1912.hu\/new\/wp-content\/uploads\/2026\/05\/img_9011.jpg\" \/>\n\t<meta property=\"og:image:width\" content=\"2000\" \/>\n\t<meta property=\"og:image:height\" content=\"1500\" \/>\n\t<meta property=\"og:image:type\" content=\"image\/jpeg\" \/>\n<meta name=\"author\" content=\"Fejes Loretta\" \/>\n<meta name=\"twitter:card\" content=\"summary_large_image\" \/>\n<meta name=\"twitter:label1\" content=\"Written by\" \/>\n\t<meta name=\"twitter:data1\" content=\"Fejes Loretta\" \/>\n\t<meta name=\"twitter:label2\" content=\"Est. reading time\" \/>\n\t<meta name=\"twitter:data2\" content=\"1 perc\" \/>\n<script type=\"application\/ld+json\" class=\"yoast-schema-graph\">{\"@context\":\"https:\/\/schema.org\",\"@graph\":[{\"@type\":\"Article\",\"@id\":\"http:\/\/www.hfc1912.hu\/new\/2026\/04\/21\/nem-ert-pontot-a-jo-jatek\/#article\",\"isPartOf\":{\"@id\":\"http:\/\/www.hfc1912.hu\/new\/2026\/04\/21\/nem-ert-pontot-a-jo-jatek\/\"},\"author\":{\"name\":\"Fejes Loretta\",\"@id\":\"http:\/\/www.hfc1912.hu\/new\/#\/schema\/person\/05b742beb40ec0a8f805c71953628e65\"},\"headline\":\"Nem \u00e9rt pontot a j\u00f3 j\u00e1t\u00e9k.\",\"datePublished\":\"2026-04-21T06:10:00+00:00\",\"dateModified\":\"2026-05-01T06:11:14+00:00\",\"mainEntityOfPage\":{\"@id\":\"http:\/\/www.hfc1912.hu\/new\/2026\/04\/21\/nem-ert-pontot-a-jo-jatek\/\"},\"wordCount\":170,\"publisher\":{\"@id\":\"http:\/\/www.hfc1912.hu\/new\/#organization\"},\"keywords\":[\"D\u00e9l-keleti csoport\",\"HFC\",\"H\u00f3dmez\u0151v\u00e1s\u00e1rhely\",\"H\u00f3dmez\u0151v\u00e1s\u00e1rhelyi FC\",\"labdar\u00fag\u00e1s\",\"NB III.\"],\"articleSection\":[\"H\u00edreink\"],\"inLanguage\":\"hu\"},{\"@type\":\"WebPage\",\"@id\":\"http:\/\/www.hfc1912.hu\/new\/2026\/04\/21\/nem-ert-pontot-a-jo-jatek\/\",\"url\":\"http:\/\/www.hfc1912.hu\/new\/2026\/04\/21\/nem-ert-pontot-a-jo-jatek\/\",\"name\":\"Nem \u00e9rt pontot a j\u00f3 j\u00e1t\u00e9k. - H\u00f3dmez\u0151v\u00e1s\u00e1rhelyi Futball Club\",\"isPartOf\":{\"@id\":\"http:\/\/www.hfc1912.hu\/new\/#website\"},\"datePublished\":\"2026-04-21T06:10:00+00:00\",\"dateModified\":\"2026-05-01T06:11:14+00:00\",\"breadcrumb\":{\"@id\":\"http:\/\/www.hfc1912.hu\/new\/2026\/04\/21\/nem-ert-pontot-a-jo-jatek\/#breadcrumb\"},\"inLanguage\":\"hu\",\"potentialAction\":[{\"@type\":\"ReadAction\",\"target\":[\"http:\/\/www.hfc1912.hu\/new\/2026\/04\/21\/nem-ert-pontot-a-jo-jatek\/\"]}]},{\"@type\":\"BreadcrumbList\",\"@id\":\"http:\/\/www.hfc1912.hu\/new\/2026\/04\/21\/nem-ert-pontot-a-jo-jatek\/#breadcrumb\",\"itemListElement\":[{\"@type\":\"ListItem\",\"position\":1,\"name\":\"Home\",\"item\":\"http:\/\/www.hfc1912.hu\/new\/\"},{\"@type\":\"ListItem\",\"position\":2,\"name\":\"Nem \u00e9rt pontot a j\u00f3 j\u00e1t\u00e9k.\"}]},{\"@type\":\"WebSite\",\"@id\":\"http:\/\/www.hfc1912.hu\/new\/#website\",\"url\":\"http:\/\/www.hfc1912.hu\/new\/\",\"name\":\"H\u00f3dmez\u0151v\u00e1s\u00e1rhelyi Futball Club\",\"description\":\"H\u00f3dmez\u0151v\u00e1s\u00e1rhelyi Futball Club hivatalos honlapja\",\"publisher\":{\"@id\":\"http:\/\/www.hfc1912.hu\/new\/#organization\"},\"potentialAction\":[{\"@type\":\"SearchAction\",\"target\":{\"@type\":\"EntryPoint\",\"urlTemplate\":\"http:\/\/www.hfc1912.hu\/new\/?s={search_term_string}\"},\"query-input\":\"required name=search_term_string\"}],\"inLanguage\":\"hu\"},{\"@type\":\"Organization\",\"@id\":\"http:\/\/www.hfc1912.hu\/new\/#organization\",\"name\":\"H\u00f3dmez\u0151v\u00e1s\u00e1rhelyi Futball Club\",\"url\":\"http:\/\/www.hfc1912.hu\/new\/\",\"sameAs\":[],\"logo\":{\"@type\":\"ImageObject\",\"inLanguage\":\"hu\",\"@id\":\"http:\/\/www.hfc1912.hu\/new\/#\/schema\/logo\/image\/\",\"url\":\"http:\/\/www.hfc1912.hu\/new\/wp-content\/uploads\/2021\/12\/cropped-V\u00e9gleges_c\u00edmer_atlatszo150162.png\",\"contentUrl\":\"http:\/\/www.hfc1912.hu\/new\/wp-content\/uploads\/2021\/12\/cropped-V\u00e9gleges_c\u00edmer_atlatszo150162.png\",\"width\":150,\"height\":162,\"caption\":\"H\u00f3dmez\u0151v\u00e1s\u00e1rhelyi Futball Club\"},\"image\":{\"@id\":\"http:\/\/www.hfc1912.hu\/new\/#\/schema\/logo\/image\/\"}},{\"@type\":\"Person\",\"@id\":\"http:\/\/www.hfc1912.hu\/new\/#\/schema\/person\/05b742beb40ec0a8f805c71953628e65\",\"name\":\"Fejes Loretta\",\"image\":{\"@type\":\"ImageObject\",\"inLanguage\":\"hu\",\"@id\":\"http:\/\/www.hfc1912.hu\/new\/#\/schema\/person\/image\/\",\"url\":\"http:\/\/0.gravatar.com\/avatar\/392d3c91f023210838ae5eb949191c81?s=96&d=mm&r=g\",\"contentUrl\":\"http:\/\/0.gravatar.com\/avatar\/392d3c91f023210838ae5eb949191c81?s=96&d=mm&r=g\",\"caption\":\"Fejes Loretta\"},\"url\":\"http:\/\/www.hfc1912.hu\/new\/author\/lori\/\"}]}<\/script>\n<!-- \/ Yoast SEO plugin. -->","yoast_head_json":{"title":"Nem \u00e9rt pontot a j\u00f3 j\u00e1t\u00e9k. - H\u00f3dmez\u0151v\u00e1s\u00e1rhelyi Futball Club","robots":{"index":"index","follow":"follow","max-snippet":"max-snippet:-1","max-image-preview":"max-image-preview:large","max-video-preview":"max-video-preview:-1"},"canonical":"http:\/\/www.hfc1912.hu\/new\/2026\/04\/21\/nem-ert-pontot-a-jo-jatek\/","og_locale":"hu_HU","og_type":"article","og_title":"Nem \u00e9rt pontot a j\u00f3 j\u00e1t\u00e9k. - H\u00f3dmez\u0151v\u00e1s\u00e1rhelyi Futball Club","og_description":"HFC\u2013Gyula 1\u20132 (0\u20130) G\u00f3lszerz\u0151k:&nbsp;Gr\u00e9czi (48.), ill. M\u00e1ris (51. \u2013 11-esb\u0151l), Z\u00e1dori (63.). NB III., D\u00e9l-keleti csoport,&nbsp;25. fordul\u00f3.H\u00f3dmez\u0151v\u00e1s\u00e1rhely.&nbsp; Vezette:&nbsp;Muhari Gerg\u0151 (P\u00e1link\u00e1s, Dud\u00e1s). HFC:&nbsp; K\u00e1lovits \u2013 Gr\u00e9czi,...","og_url":"http:\/\/www.hfc1912.hu\/new\/2026\/04\/21\/nem-ert-pontot-a-jo-jatek\/","og_site_name":"H\u00f3dmez\u0151v\u00e1s\u00e1rhelyi Futball Club","article_published_time":"2026-04-21T06:10:00+00:00","article_modified_time":"2026-05-01T06:11:14+00:00","og_image":[{"width":2000,"height":1500,"url":"http:\/\/www.hfc1912.hu\/new\/wp-content\/uploads\/2026\/05\/img_9011.jpg","type":"image\/jpeg"}],"author":"Fejes Loretta","twitter_card":"summary_large_image","twitter_misc":{"Written by":"Fejes Loretta","Est. reading time":"1 perc"},"schema":{"@context":"https:\/\/schema.org","@graph":[{"@type":"Article","@id":"http:\/\/www.hfc1912.hu\/new\/2026\/04\/21\/nem-ert-pontot-a-jo-jatek\/#article","isPartOf":{"@id":"http:\/\/www.hfc1912.hu\/new\/2026\/04\/21\/nem-ert-pontot-a-jo-jatek\/"},"author":{"name":"Fejes Loretta","@id":"http:\/\/www.hfc1912.hu\/new\/#\/schema\/person\/05b742beb40ec0a8f805c71953628e65"},"headline":"Nem \u00e9rt pontot a j\u00f3 j\u00e1t\u00e9k.","datePublished":"2026-04-21T06:10:00+00:00","dateModified":"2026-05-01T06:11:14+00:00","mainEntityOfPage":{"@id":"http:\/\/www.hfc1912.hu\/new\/2026\/04\/21\/nem-ert-pontot-a-jo-jatek\/"},"wordCount":170,"publisher":{"@id":"http:\/\/www.hfc1912.hu\/new\/#organization"},"keywords":["D\u00e9l-keleti csoport","HFC","H\u00f3dmez\u0151v\u00e1s\u00e1rhely","H\u00f3dmez\u0151v\u00e1s\u00e1rhelyi FC","labdar\u00fag\u00e1s","NB III."],"articleSection":["H\u00edreink"],"inLanguage":"hu"},{"@type":"WebPage","@id":"http:\/\/www.hfc1912.hu\/new\/2026\/04\/21\/nem-ert-pontot-a-jo-jatek\/","url":"http:\/\/www.hfc1912.hu\/new\/2026\/04\/21\/nem-ert-pontot-a-jo-jatek\/","name":"Nem \u00e9rt pontot a j\u00f3 j\u00e1t\u00e9k. - H\u00f3dmez\u0151v\u00e1s\u00e1rhelyi Futball Club","isPartOf":{"@id":"http:\/\/www.hfc1912.hu\/new\/#website"},"datePublished":"2026-04-21T06:10:00+00:00","dateModified":"2026-05-01T06:11:14+00:00","breadcrumb":{"@id":"http:\/\/www.hfc1912.hu\/new\/2026\/04\/21\/nem-ert-pontot-a-jo-jatek\/#breadcrumb"},"inLanguage":"hu","potentialAction":[{"@type":"ReadAction","target":["http:\/\/www.hfc1912.hu\/new\/2026\/04\/21\/nem-ert-pontot-a-jo-jatek\/"]}]},{"@type":"BreadcrumbList","@id":"http:\/\/www.hfc1912.hu\/new\/2026\/04\/21\/nem-ert-pontot-a-jo-jatek\/#breadcrumb","itemListElement":[{"@type":"ListItem","position":1,"name":"Home","item":"http:\/\/www.hfc1912.hu\/new\/"},{"@type":"ListItem","position":2,"name":"Nem \u00e9rt pontot a j\u00f3 j\u00e1t\u00e9k."}]},{"@type":"WebSite","@id":"http:\/\/www.hfc1912.hu\/new\/#website","url":"http:\/\/www.hfc1912.hu\/new\/","name":"H\u00f3dmez\u0151v\u00e1s\u00e1rhelyi Futball Club","description":"H\u00f3dmez\u0151v\u00e1s\u00e1rhelyi Futball Club hivatalos honlapja","publisher":{"@id":"http:\/\/www.hfc1912.hu\/new\/#organization"},"potentialAction":[{"@type":"SearchAction","target":{"@type":"EntryPoint","urlTemplate":"http:\/\/www.hfc1912.hu\/new\/?s={search_term_string}"},"query-input":"required name=search_term_string"}],"inLanguage":"hu"},{"@type":"Organization","@id":"http:\/\/www.hfc1912.hu\/new\/#organization","name":"H\u00f3dmez\u0151v\u00e1s\u00e1rhelyi Futball Club","url":"http:\/\/www.hfc1912.hu\/new\/","sameAs":[],"logo":{"@type":"ImageObject","inLanguage":"hu","@id":"http:\/\/www.hfc1912.hu\/new\/#\/schema\/logo\/image\/","url":"http:\/\/www.hfc1912.hu\/new\/wp-content\/uploads\/2021\/12\/cropped-V\u00e9gleges_c\u00edmer_atlatszo150162.png","contentUrl":"http:\/\/www.hfc1912.hu\/new\/wp-content\/uploads\/2021\/12\/cropped-V\u00e9gleges_c\u00edmer_atlatszo150162.png","width":150,"height":162,"caption":"H\u00f3dmez\u0151v\u00e1s\u00e1rhelyi Futball Club"},"image":{"@id":"http:\/\/www.hfc1912.hu\/new\/#\/schema\/logo\/image\/"}},{"@type":"Person","@id":"http:\/\/www.hfc1912.hu\/new\/#\/schema\/person\/05b742beb40ec0a8f805c71953628e65","name":"Fejes Loretta","image":{"@type":"ImageObject","inLanguage":"hu","@id":"http:\/\/www.hfc1912.hu\/new\/#\/schema\/person\/image\/","url":"http:\/\/0.gravatar.com\/avatar\/392d3c91f023210838ae5eb949191c81?s=96&d=mm&r=g","contentUrl":"http:\/\/0.gravatar.com\/avatar\/392d3c91f023210838ae5eb949191c81?s=96&d=mm&r=g","caption":"Fejes Loretta"},"url":"http:\/\/www.hfc1912.hu\/new\/author\/lori\/"}]}},"_links":{"self":[{"href":"http:\/\/www.hfc1912.hu\/new\/wp-json\/wp\/v2\/posts\/8702"}],"collection":[{"href":"http:\/\/www.hfc1912.hu\/new\/wp-json\/wp\/v2\/posts"}],"about":[{"href":"http:\/\/www.hfc1912.hu\/new\/wp-json\/wp\/v2\/types\/post"}],"author":[{"embeddable":true,"href":"http:\/\/www.hfc1912.hu\/new\/wp-json\/wp\/v2\/users\/4"}],"replies":[{"embeddable":true,"href":"http:\/\/www.hfc1912.hu\/new\/wp-json\/wp\/v2\/comments?post=8702"}],"version-history":[{"count":1,"href":"http:\/\/www.hfc1912.hu\/new\/wp-json\/wp\/v2\/posts\/8702\/revisions"}],"predecessor-version":[{"id":8703,"href":"http:\/\/www.hfc1912.hu\/new\/wp-json\/wp\/v2\/posts\/8702\/revisions\/8703"}],"wp:featuredmedia":[{"embeddable":true,"href":"http:\/\/www.hfc1912.hu\/new\/wp-json\/wp\/v2\/media\/8701"}],"wp:attachment":[{"href":"http:\/\/www.hfc1912.hu\/new\/wp-json\/wp\/v2\/media?parent=8702"}],"wp:term":[{"taxonomy":"category","embeddable":true,"href":"http:\/\/www.hfc1912.hu\/new\/wp-json\/wp\/v2\/categories?post=8702"},{"taxonomy":"post_tag","embeddable":true,"href":"http:\/\/www.hfc1912.hu\/new\/wp-json\/wp\/v2\/tags?post=8702"}],"curies":[{"name":"wp","href":"https:\/\/api.w.org\/{rel}","templated":true}]}}